{"id":36502,"date":"2023-11-13T20:33:50","date_gmt":"2023-11-13T20:33:50","guid":{"rendered":"https:\/\/fram.is\/?p=36502"},"modified":"2023-11-13T20:37:10","modified_gmt":"2023-11-13T20:37:10","slug":"sjo-fra-fram-i-haefileikamotun-n1-og-ksi-2","status":"publish","type":"post","link":"https:\/\/fram.is\/is\/2023\/11\/13\/sjo-fra-fram-i-haefileikamotun-n1-og-ksi-2\/","title":{"rendered":"Sj\u00f6 fr\u00e1 Fram \u00ed H\u00e6fileikam\u00f3tun N1 og KS\u00cd"},"content":{"rendered":"<div data-elementor-type=\"wp-post\" data-elementor-id=\"36502\" class=\"elementor elementor-36502\" data-elementor-post-type=\"post\">\n\t\t\t\t<section class=\"elementor-section elementor-top-section elementor-element elementor-element-7b0dea57 elementor-section-boxed elementor-section-height-default elementor-section-height-default\" data-id=\"7b0dea57\" data-element_type=\"section\">\n\t\t\t\t\t\t<div class=\"elementor-container elementor-column-gap-default\">\n\t\t\t\t\t<div class=\"elementor-column elementor-col-100 elementor-top-column elementor-element elementor-element-53f08924\" data-id=\"53f08924\" data-element_type=\"column\">\n\t\t\t<div class=\"elementor-widget-wrap elementor-element-populated\">\n\t\t\t\t\t\t<div class=\"elementor-element elementor-element-b420802 elementor-widget elementor-widget-text-editor\" data-id=\"b420802\" data-element_type=\"widget\" data-widget_type=\"text-editor.default\">\n\t\t\t\t<div class=\"elementor-widget-container\"><p><img fetchpriority=\"high\" decoding=\"async\" class=\"size-medium wp-image-36505 alignright\" src=\"https:\/\/fram.is\/wp-content\/uploads\/2023\/11\/KSI_U_Portrait_Haefileikamotun-240x300.png\" alt=\"\" width=\"240\" height=\"300\" srcset=\"https:\/\/fram.is\/wp-content\/uploads\/2023\/11\/KSI_U_Portrait_Haefileikamotun-240x300.png 240w, https:\/\/fram.is\/wp-content\/uploads\/2023\/11\/KSI_U_Portrait_Haefileikamotun-819x1024.png 819w, https:\/\/fram.is\/wp-content\/uploads\/2023\/11\/KSI_U_Portrait_Haefileikamotun-768x960.png 768w, https:\/\/fram.is\/wp-content\/uploads\/2023\/11\/KSI_U_Portrait_Haefileikamotun-10x12.png 10w, https:\/\/fram.is\/wp-content\/uploads\/2023\/11\/KSI_U_Portrait_Haefileikamotun-800x1000.png 800w, https:\/\/fram.is\/wp-content\/uploads\/2023\/11\/KSI_U_Portrait_Haefileikamotun.png 1080w\" sizes=\"(max-width: 240px) 100vw, 240px\" \/>Sj\u00f6 gl\u00e6silegir Framarar \u00e1 eldra \u00e1ri 4.flokks (2010 \u00e1rger\u00f0) hafa veri\u00f0 valdir til a\u00f0 taka \u00fe\u00e1tt \u00ed \u00e6fingu \u00ed H\u00e6fileikam\u00f3tun N1 og KS\u00cd fyrir drengi \u00e1<br \/>h\u00f6fu\u00f0borgarsv\u00e6\u00f0inu \u00feann 4. desember n\u00e6stkomandi.\u00a0<br \/><br \/>Arnaldur P\u00e1ll Siggeirsson<br \/>Aron Ingi Gunnlaugsson<br \/>Baldur K\u00e1r Valsson<br \/>Bergur Ingvarsson<br \/>Hilmar Ingi Agnarsson<br \/>K\u00e1ri Sn\u00e6r Mogensen<br \/>\u00deorsteinn Bjarki \u00deorgr\u00edmsson<\/p><p>Vi\u00f0 \u00f3skum str\u00e1kunum til hamingju me\u00f0 \u00feetta og vitum a\u00f0 \u00feeir ver\u00f0a sj\u00e1lfum s\u00e9r og f\u00e9laginu til s\u00f3ma.<br \/>Gangi ykkur vel.\u00a0<br \/><img decoding=\"async\" class=\"alignnone size-large wp-image-36505\" src=\"https:\/\/fram.is\/wp-content\/uploads\/2023\/11\/KSI_U_Portrait_Haefileikamotun-819x1024.png\" alt=\"\" width=\"800\" height=\"1000\" srcset=\"https:\/\/fram.is\/wp-content\/uploads\/2023\/11\/KSI_U_Portrait_Haefileikamotun-819x1024.png 819w, https:\/\/fram.is\/wp-content\/uploads\/2023\/11\/KSI_U_Portrait_Haefileikamotun-240x300.png 240w, https:\/\/fram.is\/wp-content\/uploads\/2023\/11\/KSI_U_Portrait_Haefileikamotun-768x960.png 768w, https:\/\/fram.is\/wp-content\/uploads\/2023\/11\/KSI_U_Portrait_Haefileikamotun-10x12.png 10w, https:\/\/fram.is\/wp-content\/uploads\/2023\/11\/KSI_U_Portrait_Haefileikamotun-800x1000.png 800w, https:\/\/fram.is\/wp-content\/uploads\/2023\/11\/KSI_U_Portrait_Haefileikamotun.png 1080w\" sizes=\"(max-width: 800px) 100vw, 800px\" \/><\/p><\/div>\n\t\t\t\t<\/div>\n\t\t\t\t\t<\/div>\n\t\t<\/div>\n\t\t\t\t\t<\/div>\n\t\t<\/section>\t\t<\/div>","protected":false},"excerpt":{"rendered":"<p>Sj\u00f6 gl\u00e6silegir Framarar \u00e1 eldra \u00e1ri 4.flokks (2010 \u00e1rger\u00f0) hafa veri\u00f0 valdir til a\u00f0 taka \u00fe\u00e1tt \u00ed \u00e6fingu \u00ed H\u00e6fileikam\u00f3tun N1 og KS\u00cd fyrir drengi \u00e1h\u00f6fu\u00f0borgarsv\u00e6\u00f0inu \u00feann 4. desember n\u00e6stkomandi.\u00a0 [&hellip;]<\/p>","protected":false},"author":5,"featured_media":36503,"comment_status":"closed","ping_status":"closed","sticky":false,"template":"","format":"standard","meta":{"_monsterinsights_skip_tracking":false,"_monsterinsights_sitenote_active":false,"_monsterinsights_sitenote_note":"","_monsterinsights_sitenote_category":0,"_jetpack_memberships_contains_paid_content":false,"footnotes":""},"categories":[9,13],"tags":[],"class_list":["post-36502","post","type-post","status-publish","format-standard","has-post-thumbnail","hentry","category-fotbolti","category-yngriflokkar"],"jetpack_sharing_enabled":true,"jetpack_featured_media_url":"https:\/\/fram.is\/wp-content\/uploads\/2023\/11\/KSI_U_Banner_haefileikamotun.png","_links":{"self":[{"href":"https:\/\/fram.is\/is\/wp-json\/wp\/v2\/posts\/36502","targetHints":{"allow":["GET"]}}],"collection":[{"href":"https:\/\/fram.is\/is\/wp-json\/wp\/v2\/posts"}],"about":[{"href":"https:\/\/fram.is\/is\/wp-json\/wp\/v2\/types\/post"}],"author":[{"embeddable":true,"href":"https:\/\/fram.is\/is\/wp-json\/wp\/v2\/users\/5"}],"replies":[{"embeddable":true,"href":"https:\/\/fram.is\/is\/wp-json\/wp\/v2\/comments?post=36502"}],"version-history":[{"count":4,"href":"https:\/\/fram.is\/is\/wp-json\/wp\/v2\/posts\/36502\/revisions"}],"predecessor-version":[{"id":36508,"href":"https:\/\/fram.is\/is\/wp-json\/wp\/v2\/posts\/36502\/revisions\/36508"}],"wp:featuredmedia":[{"embeddable":true,"href":"https:\/\/fram.is\/is\/wp-json\/wp\/v2\/media\/36503"}],"wp:attachment":[{"href":"https:\/\/fram.is\/is\/wp-json\/wp\/v2\/media?parent=36502"}],"wp:term":[{"taxonomy":"category","embeddable":true,"href":"https:\/\/fram.is\/is\/wp-json\/wp\/v2\/categories?post=36502"},{"taxonomy":"post_tag","embeddable":true,"href":"https:\/\/fram.is\/is\/wp-json\/wp\/v2\/tags?post=36502"}],"curies":[{"name":"wp","href":"https:\/\/api.w.org\/{rel}","templated":true}]}}