{"id":36558,"date":"2023-11-17T12:52:56","date_gmt":"2023-11-17T12:52:56","guid":{"rendered":"https:\/\/fram.is\/?p=36558"},"modified":"2023-11-17T12:54:17","modified_gmt":"2023-11-17T12:54:17","slug":"telma-steindors-var-ad-skrifa-undir-tveggja-ara-samning-vid-knattspyrnudeild-fram","status":"publish","type":"post","link":"https:\/\/fram.is\/is\/2023\/11\/17\/telma-steindors-var-ad-skrifa-undir-tveggja-ara-samning-vid-knattspyrnudeild-fram\/","title":{"rendered":"Telma Steind\u00f3rs var a\u00f0 skrifa undir tveggja \u00e1ra samning vi\u00f0 knattspyrnudeild Fram."},"content":{"rendered":"<div data-elementor-type=\"wp-post\" data-elementor-id=\"36558\" class=\"elementor elementor-36558\" data-elementor-post-type=\"post\">\n\t\t\t\t<section class=\"elementor-section elementor-top-section elementor-element elementor-element-25abb4eb elementor-section-boxed elementor-section-height-default elementor-section-height-default\" data-id=\"25abb4eb\" data-element_type=\"section\">\n\t\t\t\t\t\t<div class=\"elementor-container elementor-column-gap-default\">\n\t\t\t\t\t<div class=\"elementor-column elementor-col-100 elementor-top-column elementor-element elementor-element-5f2c6b13\" data-id=\"5f2c6b13\" data-element_type=\"column\">\n\t\t\t<div class=\"elementor-widget-wrap elementor-element-populated\">\n\t\t\t\t\t\t<div class=\"elementor-element elementor-element-7ee1c3f6 elementor-widget elementor-widget-text-editor\" data-id=\"7ee1c3f6\" data-element_type=\"widget\" data-widget_type=\"text-editor.default\">\n\t\t\t\t<div class=\"elementor-widget-container\"><p><img fetchpriority=\"high\" decoding=\"async\" class=\"size-medium wp-image-36561 alignright\" src=\"https:\/\/fram.is\/wp-content\/uploads\/2023\/11\/LengjudeildinSamningurPortrait_Telma-Steindors-240x300.png\" alt=\"\" width=\"240\" height=\"300\" srcset=\"https:\/\/fram.is\/wp-content\/uploads\/2023\/11\/LengjudeildinSamningurPortrait_Telma-Steindors-240x300.png 240w, https:\/\/fram.is\/wp-content\/uploads\/2023\/11\/LengjudeildinSamningurPortrait_Telma-Steindors-819x1024.png 819w, https:\/\/fram.is\/wp-content\/uploads\/2023\/11\/LengjudeildinSamningurPortrait_Telma-Steindors-768x960.png 768w, https:\/\/fram.is\/wp-content\/uploads\/2023\/11\/LengjudeildinSamningurPortrait_Telma-Steindors-10x12.png 10w, https:\/\/fram.is\/wp-content\/uploads\/2023\/11\/LengjudeildinSamningurPortrait_Telma-Steindors-800x1000.png 800w, https:\/\/fram.is\/wp-content\/uploads\/2023\/11\/LengjudeildinSamningurPortrait_Telma-Steindors.png 1080w\" sizes=\"(max-width: 240px) 100vw, 240px\" \/>Telma er ungur en virkilega \u00f6flugur mi\u00f0v\u00f6r\u00f0ur sem b\u00fdr yfir \u00fe\u00f3nokkurri\u00a0reynslu \u00ed meistaraflokki, s\u00e9rstaklega mi\u00f0a\u00f0 vi\u00f0 a\u00f0 vera ekki or\u00f0in 18 \u00e1ra. H\u00fan l\u00e9k me\u00f0 KH \u00ed 2.deild 2021, KR \u00ed Bestu deildinni 2022 og gekk svo til li\u00f0s vi\u00f0 HK fyrir s\u00ed\u00f0asta t\u00edmabil. \u00dea\u00f0an kom h\u00fan svo \u00e1 l\u00e1ni til Fram \u00fear sem h\u00fan l\u00e9k lykilhlutverk me\u00f0 li\u00f0inu seinni hluta t\u00edmabils og st\u00f3\u00f0 sig fr\u00e1b\u00e6rlega.<\/p><p>Telma \u00e1 \u00ferj\u00e1 leiki me\u00f0 U17 landsli\u00f0inu og tvo me\u00f0 U16.<\/p><p>\u00d3skar Sm\u00e1ri, \u00fej\u00e1lfari meistaraflokks kvenna fagnar \u00feessum f\u00e9lagaskiptum:<\/p><p>&#8220;\u00dea\u00f0 er ofbo\u00f0slega st\u00f3rt fyrir Fram sem f\u00e9lag a\u00f0 Telma Steind\u00f3rsdottir s\u00e9 alfari\u00f0 or\u00f0in leikma\u00f0ur Fram. Telma kom virkilega sterk inn \u00ed okkar li\u00f0 seinni hluta t\u00edmabils \u00ed fyrra og skora\u00f0i me\u00f0al annars \u00ed s\u00ednum fyrsta leik. Telma er mj\u00f6g h\u00e6fileikar\u00edkur hafsent me\u00f0 g\u00f3\u00f0a sendingagetu, les leikinn vel og fer ofbo\u00f0slega vel me\u00f0 boltann. H\u00fan spila\u00f0i eins og hinn mesti reynslubolti \u00ed hjarta varnarinnar hj\u00e1 okkur \u00ed fyrra, t\u00e6plega 18 \u00e1ra g\u00f6mul. \u00c9g er mj\u00f6g spenntur a\u00f0 vinna me\u00f0 Telmu \u00e1fram, henni eru allir vegir f\u00e6rir \u00ed framt\u00ed\u00f0inni.&#8221;<\/p><p>Velkomin \u00ed \u00dalfars\u00e1rdalinn Telma!<br \/><img decoding=\"async\" class=\"alignnone size-large wp-image-36561\" src=\"https:\/\/fram.is\/wp-content\/uploads\/2023\/11\/LengjudeildinSamningurPortrait_Telma-Steindors-819x1024.png\" alt=\"\" width=\"800\" height=\"1000\" srcset=\"https:\/\/fram.is\/wp-content\/uploads\/2023\/11\/LengjudeildinSamningurPortrait_Telma-Steindors-819x1024.png 819w, https:\/\/fram.is\/wp-content\/uploads\/2023\/11\/LengjudeildinSamningurPortrait_Telma-Steindors-240x300.png 240w, https:\/\/fram.is\/wp-content\/uploads\/2023\/11\/LengjudeildinSamningurPortrait_Telma-Steindors-768x960.png 768w, https:\/\/fram.is\/wp-content\/uploads\/2023\/11\/LengjudeildinSamningurPortrait_Telma-Steindors-10x12.png 10w, https:\/\/fram.is\/wp-content\/uploads\/2023\/11\/LengjudeildinSamningurPortrait_Telma-Steindors-800x1000.png 800w, https:\/\/fram.is\/wp-content\/uploads\/2023\/11\/LengjudeildinSamningurPortrait_Telma-Steindors.png 1080w\" sizes=\"(max-width: 800px) 100vw, 800px\" \/><\/p><\/div>\n\t\t\t\t<\/div>\n\t\t\t\t\t<\/div>\n\t\t<\/div>\n\t\t\t\t\t<\/div>\n\t\t<\/section>\t\t<\/div>","protected":false},"excerpt":{"rendered":"<p>Telma er ungur en virkilega \u00f6flugur mi\u00f0v\u00f6r\u00f0ur sem b\u00fdr yfir \u00fe\u00f3nokkurri\u00a0reynslu \u00ed meistaraflokki, s\u00e9rstaklega mi\u00f0a\u00f0 vi\u00f0 a\u00f0 vera ekki or\u00f0in 18 \u00e1ra. H\u00fan l\u00e9k me\u00f0 KH \u00ed 2.deild 2021, KR [&hellip;]<\/p>","protected":false},"author":5,"featured_media":36559,"comment_status":"closed","ping_status":"closed","sticky":false,"template":"","format":"standard","meta":{"_monsterinsights_skip_tracking":false,"_monsterinsights_sitenote_active":false,"_monsterinsights_sitenote_note":"","_monsterinsights_sitenote_category":0,"_jetpack_memberships_contains_paid_content":false,"footnotes":""},"categories":[9,12],"tags":[],"class_list":["post-36558","post","type-post","status-publish","format-standard","has-post-thumbnail","hentry","category-fotbolti","category-mflkvenna"],"jetpack_sharing_enabled":true,"jetpack_featured_media_url":"https:\/\/fram.is\/wp-content\/uploads\/2023\/11\/LengjudeildinSamningurbanner_Telma-Steindors.png","_links":{"self":[{"href":"https:\/\/fram.is\/is\/wp-json\/wp\/v2\/posts\/36558","targetHints":{"allow":["GET"]}}],"collection":[{"href":"https:\/\/fram.is\/is\/wp-json\/wp\/v2\/posts"}],"about":[{"href":"https:\/\/fram.is\/is\/wp-json\/wp\/v2\/types\/post"}],"author":[{"embeddable":true,"href":"https:\/\/fram.is\/is\/wp-json\/wp\/v2\/users\/5"}],"replies":[{"embeddable":true,"href":"https:\/\/fram.is\/is\/wp-json\/wp\/v2\/comments?post=36558"}],"version-history":[{"count":4,"href":"https:\/\/fram.is\/is\/wp-json\/wp\/v2\/posts\/36558\/revisions"}],"predecessor-version":[{"id":36564,"href":"https:\/\/fram.is\/is\/wp-json\/wp\/v2\/posts\/36558\/revisions\/36564"}],"wp:featuredmedia":[{"embeddable":true,"href":"https:\/\/fram.is\/is\/wp-json\/wp\/v2\/media\/36559"}],"wp:attachment":[{"href":"https:\/\/fram.is\/is\/wp-json\/wp\/v2\/media?parent=36558"}],"wp:term":[{"taxonomy":"category","embeddable":true,"href":"https:\/\/fram.is\/is\/wp-json\/wp\/v2\/categories?post=36558"},{"taxonomy":"post_tag","embeddable":true,"href":"https:\/\/fram.is\/is\/wp-json\/wp\/v2\/tags?post=36558"}],"curies":[{"name":"wp","href":"https:\/\/api.w.org\/{rel}","templated":true}]}}