{"id":36572,"date":"2023-11-19T12:31:27","date_gmt":"2023-11-19T12:31:27","guid":{"rendered":"https:\/\/fram.is\/?p=36572"},"modified":"2023-11-19T12:34:26","modified_gmt":"2023-11-19T12:34:26","slug":"helgi-sigurdsson-hefur-verid-radinn-adstodarthjalfari-meistaraflokks-karla","status":"publish","type":"post","link":"https:\/\/fram.is\/is\/2023\/11\/19\/helgi-sigurdsson-hefur-verid-radinn-adstodarthjalfari-meistaraflokks-karla\/","title":{"rendered":"Helgi Sigur\u00f0sson hefur veri\u00f0 r\u00e1\u00f0inn a\u00f0sto\u00f0ar\u00fej\u00e1lfari meistaraflokks karla"},"content":{"rendered":"<div data-elementor-type=\"wp-post\" data-elementor-id=\"36572\" class=\"elementor elementor-36572\" data-elementor-post-type=\"post\">\n\t\t\t\t<section class=\"elementor-section elementor-top-section elementor-element elementor-element-5ef7c6f6 elementor-section-boxed elementor-section-height-default elementor-section-height-default\" data-id=\"5ef7c6f6\" data-element_type=\"section\">\n\t\t\t\t\t\t<div class=\"elementor-container elementor-column-gap-default\">\n\t\t\t\t\t<div class=\"elementor-column elementor-col-100 elementor-top-column elementor-element elementor-element-4e95f5f7\" data-id=\"4e95f5f7\" data-element_type=\"column\">\n\t\t\t<div class=\"elementor-widget-wrap elementor-element-populated\">\n\t\t\t\t\t\t<div class=\"elementor-element elementor-element-65a8a4fb elementor-widget elementor-widget-text-editor\" data-id=\"65a8a4fb\" data-element_type=\"widget\" data-widget_type=\"text-editor.default\">\n\t\t\t\t<div class=\"elementor-widget-container\"><p><img fetchpriority=\"high\" decoding=\"async\" class=\"size-medium wp-image-36575 alignright\" src=\"https:\/\/fram.is\/wp-content\/uploads\/2023\/11\/BestadeildinSamningurPortrait-Helgi-Sig--240x300.png\" alt=\"\" width=\"240\" height=\"300\" srcset=\"https:\/\/fram.is\/wp-content\/uploads\/2023\/11\/BestadeildinSamningurPortrait-Helgi-Sig--240x300.png 240w, https:\/\/fram.is\/wp-content\/uploads\/2023\/11\/BestadeildinSamningurPortrait-Helgi-Sig--819x1024.png 819w, https:\/\/fram.is\/wp-content\/uploads\/2023\/11\/BestadeildinSamningurPortrait-Helgi-Sig--768x960.png 768w, https:\/\/fram.is\/wp-content\/uploads\/2023\/11\/BestadeildinSamningurPortrait-Helgi-Sig--10x12.png 10w, https:\/\/fram.is\/wp-content\/uploads\/2023\/11\/BestadeildinSamningurPortrait-Helgi-Sig--800x1000.png 800w, https:\/\/fram.is\/wp-content\/uploads\/2023\/11\/BestadeildinSamningurPortrait-Helgi-Sig-.png 1080w\" sizes=\"(max-width: 240px) 100vw, 240px\" \/>Helgi sn\u00fdr aftur til Fram og tekur vi\u00f0 starfi a\u00f0sto\u00f0ar\u00fej\u00e1lfara til tveggja \u00e1ra. Helga \u00fearf vart a\u00f0 kynna fyrir stu\u00f0ningsm\u00f6nnum Fram en hann l\u00e9k \u00e1 \u00e1rum \u00e1\u00f0ur 61 leiki me\u00f0 f\u00e9laginu og skora\u00f0i \u00ed \u00feeim 37 m\u00f6rk, auk \u00feess var Helgi spilandi a\u00f0sto\u00f0ar\u00fej\u00e1lfari hj\u00e1 Fram \u00e1 \u00e1rinu 2013<br \/>Helgi \u00e1 a\u00f0 baki fars\u00e6lan feril sem leikma\u00f0ur \u00ed atvinnumennsku en \u00fear spila\u00f0i hann me\u00f0 Stuttgart, T.B Berlin, Stab\u00e6k, Panathinaikos, Lyn og AGF. Fyrir \u00cdslands h\u00f6nd l\u00e9k Helgi 62 landsleiki og skora\u00f0i \u00ed \u00feeim t\u00edu m\u00f6rk. Eftir ferilinn hefur Helgi komi\u00f0 v\u00ed\u00f0a a\u00f0 \u00ed \u00fej\u00e1lfun, st\u00fdrt li\u00f0um \u00ed efstu og n\u00e6st efstu deild karla me\u00f0 markver\u00f0um \u00e1rangri<br \/><br \/>Bj\u00f3\u00f0um Helga hjartanlega velkominn heim \u00e1 n\u00fdjan leik.<br \/><img decoding=\"async\" class=\"alignnone size-large wp-image-36575\" src=\"https:\/\/fram.is\/wp-content\/uploads\/2023\/11\/BestadeildinSamningurPortrait-Helgi-Sig--819x1024.png\" alt=\"\" width=\"800\" height=\"1000\" srcset=\"https:\/\/fram.is\/wp-content\/uploads\/2023\/11\/BestadeildinSamningurPortrait-Helgi-Sig--819x1024.png 819w, https:\/\/fram.is\/wp-content\/uploads\/2023\/11\/BestadeildinSamningurPortrait-Helgi-Sig--240x300.png 240w, https:\/\/fram.is\/wp-content\/uploads\/2023\/11\/BestadeildinSamningurPortrait-Helgi-Sig--768x960.png 768w, https:\/\/fram.is\/wp-content\/uploads\/2023\/11\/BestadeildinSamningurPortrait-Helgi-Sig--10x12.png 10w, https:\/\/fram.is\/wp-content\/uploads\/2023\/11\/BestadeildinSamningurPortrait-Helgi-Sig--800x1000.png 800w, https:\/\/fram.is\/wp-content\/uploads\/2023\/11\/BestadeildinSamningurPortrait-Helgi-Sig-.png 1080w\" sizes=\"(max-width: 800px) 100vw, 800px\" \/><\/p><\/div>\n\t\t\t\t<\/div>\n\t\t\t\t\t<\/div>\n\t\t<\/div>\n\t\t\t\t\t<\/div>\n\t\t<\/section>\t\t<\/div>","protected":false},"excerpt":{"rendered":"<p>Helgi sn\u00fdr aftur til Fram og tekur vi\u00f0 starfi a\u00f0sto\u00f0ar\u00fej\u00e1lfara til tveggja \u00e1ra. Helga \u00fearf vart a\u00f0 kynna fyrir stu\u00f0ningsm\u00f6nnum Fram en hann l\u00e9k \u00e1 \u00e1rum \u00e1\u00f0ur 61 leiki me\u00f0 [&hellip;]<\/p>","protected":false},"author":5,"featured_media":36573,"comment_status":"closed","ping_status":"closed","sticky":false,"template":"","format":"standard","meta":{"_monsterinsights_skip_tracking":false,"_monsterinsights_sitenote_active":false,"_monsterinsights_sitenote_note":"","_monsterinsights_sitenote_category":0,"_jetpack_memberships_contains_paid_content":false,"footnotes":""},"categories":[9,11],"tags":[],"class_list":["post-36572","post","type-post","status-publish","format-standard","has-post-thumbnail","hentry","category-fotbolti","category-mflkarla"],"jetpack_sharing_enabled":true,"jetpack_featured_media_url":"https:\/\/fram.is\/wp-content\/uploads\/2023\/11\/LengjudeildinSamningurbanner_Helgi-Sig-.png","_links":{"self":[{"href":"https:\/\/fram.is\/is\/wp-json\/wp\/v2\/posts\/36572","targetHints":{"allow":["GET"]}}],"collection":[{"href":"https:\/\/fram.is\/is\/wp-json\/wp\/v2\/posts"}],"about":[{"href":"https:\/\/fram.is\/is\/wp-json\/wp\/v2\/types\/post"}],"author":[{"embeddable":true,"href":"https:\/\/fram.is\/is\/wp-json\/wp\/v2\/users\/5"}],"replies":[{"embeddable":true,"href":"https:\/\/fram.is\/is\/wp-json\/wp\/v2\/comments?post=36572"}],"version-history":[{"count":4,"href":"https:\/\/fram.is\/is\/wp-json\/wp\/v2\/posts\/36572\/revisions"}],"predecessor-version":[{"id":36578,"href":"https:\/\/fram.is\/is\/wp-json\/wp\/v2\/posts\/36572\/revisions\/36578"}],"wp:featuredmedia":[{"embeddable":true,"href":"https:\/\/fram.is\/is\/wp-json\/wp\/v2\/media\/36573"}],"wp:attachment":[{"href":"https:\/\/fram.is\/is\/wp-json\/wp\/v2\/media?parent=36572"}],"wp:term":[{"taxonomy":"category","embeddable":true,"href":"https:\/\/fram.is\/is\/wp-json\/wp\/v2\/categories?post=36572"},{"taxonomy":"post_tag","embeddable":true,"href":"https:\/\/fram.is\/is\/wp-json\/wp\/v2\/tags?post=36572"}],"curies":[{"name":"wp","href":"https:\/\/api.w.org\/{rel}","templated":true}]}}