{"id":3658,"date":"2013-06-23T20:10:13","date_gmt":"2013-06-23T20:10:13","guid":{"rendered":"http:\/\/fram.is\/?p=3658"},"modified":"2013-06-23T20:10:13","modified_gmt":"2013-06-23T20:10:13","slug":"fram-matti-saetta-sig-vid-tap-i-eyjum","status":"publish","type":"post","link":"https:\/\/fram.is\/is\/2013\/06\/23\/fram-matti-saetta-sig-vid-tap-i-eyjum\/","title":{"rendered":"FRAM m\u00e1tti s\u00e6tta sig vi\u00f0 tap \u00ed Eyjum"},"content":{"rendered":"<p><a href=\"http:\/\/fram.is\/wp-content\/uploads\/2013\/06\/image1.jpg\"><img fetchpriority=\"high\" decoding=\"async\" class=\"alignright size-medium wp-image-3662\" alt=\"image\" src=\"http:\/\/fram.is\/wp-content\/uploads\/2013\/06\/image1-300x280.jpg\" width=\"300\" height=\"280\" srcset=\"https:\/\/fram.is\/wp-content\/uploads\/2013\/06\/image1-300x280.jpg 300w, https:\/\/fram.is\/wp-content\/uploads\/2013\/06\/image1.jpg 495w\" sizes=\"(max-width: 300px) 100vw, 300px\" \/><\/a>FRAM m\u00e1tti \u00ed dag s\u00e6tta sig vi\u00f0 tap gegn \u00cdBV, 0-1, \u00ed \u00e1ttundu umfer\u00f0 Pepsideildar karla \u00ed knattspyrnu. Gunnar M\u00e1r Gu\u00f0mundsson skora\u00f0i eina mark leiksins \u00e1 vindas\u00f6mum H\u00e1steinsvelli sj\u00f6 m\u00edn\u00fatum fyrir leikslok.<\/p>\n<p><strong>\u00cdBV 1-0 FRAM (0-0)<br \/>\n<\/strong>1-0 \u00a0Gunnar M\u00e1r Gu\u00f0mundsson 83.m\u00edn.<\/p>\n<p>Leiksins \u00ed Eyjum \u00ed dag ver\u00f0ur l\u00edklega seint minnst fyrir snilldartil\u00ferif e\u00f0a taumlausa skemmtun, en FRAMarar hlj\u00f3ta \u00fe\u00f3 a\u00f0 naga sig \u00ed handarb\u00f6kin yfir \u00fev\u00ed a\u00f0 hverfa burtu af eyjunni f\u00f6gru \u00e1n stiga. FRAM l\u00e9k \u00e1 m\u00f3ti nokku\u00f0 sterkum vindi \u00ed fyrri h\u00e1lfleik og var sterkari a\u00f0ilinn. Markt\u00e6kif\u00e6rin voru reyndar af skornum skammti, li\u00f0in \u00e1ttu sitt hvort f\u00e6ri\u00f0 sem vert er a\u00f0 minnast \u00e1, en gestirnir voru sterkari og mun l\u00edklegri til afreka. F\u00e6rslan \u00e1 li\u00f0inu var \u00e1g\u00e6t og bar\u00e1ttan til fyrirmyndar, \u00fea\u00f0 eina sem vanta\u00f0i upp \u00e1 var a\u00f0 skapa, og jafnvel n\u00fdta, \u00feokkaleg markt\u00e6kif\u00e6ri.<br \/>\nHeyra m\u00e1tti \u00e1 st\u00fakuspjallinu \u00ed h\u00e1lfleik a\u00f0 stu\u00f0ningsmenn \u00feeirra bl\u00e1kl\u00e6ddu ger\u00f0u s\u00e9r vonir um betri t\u00ed\u00f0 me\u00f0 bl\u00f3m \u00ed haga, enda Eyjamenn me\u00f0 vindinn \u00ed fangi\u00f0 og s\u00f3lina \u00ed augun allan s\u00ed\u00f0ari h\u00e1lfleikinn. \u00deeir eru hins vegar \u00fdmsu vanir og virtust kunna betur vi\u00f0 vindinn \u00e1 vangann en \u00ed hnakkann, r\u00e9tt eins og FRAMarar \u00ed fyrri h\u00e1lfleik. Heimamenn voru sannast sagna l\u00edklegri til afreka \u00ed s\u00ed\u00f0ari h\u00e1lfleik, \u00fe\u00f3tt lengstum hafi veri\u00f0 jafnr\u00e6\u00f0i me\u00f0 li\u00f0unum, og \u00e1 k\u00f6flum var undarlegt a\u00f0 sj\u00e1 a\u00f0 flest \u00fea\u00f0 sem bl\u00e1kl\u00e6ddir ger\u00f0u vel \u00ed fyrri h\u00e1lfleik ger\u00f0i \u00feeir illa \u00ed \u00feeim s\u00ed\u00f0ari. Sigurmarki\u00f0 \u00ed leiknum var snoturt, \u00fea\u00f0 er ekki h\u00e6gt a\u00f0 loka augunum fyrir \u00fev\u00ed. Eftir \u00feunga pressu komst Ian Jeffs \u00ed kj\u00f6rst\u00f6\u00f0u \u00e1 vinstri v\u00e6ngnum og sendi fastan bolta inn \u00e1 teiginn. Gunnar M\u00e1r \u00feurfti l\u00edti\u00f0 anna\u00f0 a\u00f0 gera en a\u00f0 \u00fdta boltanum yfir l\u00ednuna og refsa \u00feannig grimmilega fyrir einu grafalvarlegu varnarmist\u00f6kin sem FRAMarar ger\u00f0u \u00ed dag.<\/p>\n<p>Ni\u00f0ursta\u00f0an er eins marks tap, sem alltaf er jafn grautf\u00falt, en l\u00edklega \u00a0hef\u00f0i ekki veri\u00f0 h\u00e6gt a\u00f0 kvarta h\u00e1tt og lengi \u00fe\u00f3tt uppskeran hef\u00f0i veri\u00f0 eitt stig. Frammista\u00f0an \u00ed fyrri h\u00e1lfleik var \u00e1g\u00e6t, fyrir utan \u00fea\u00f0 hversu b\u00f6lvanlega gekk a\u00f0 skapa markt\u00e6kif\u00e6ri, en \u00ed \u00feeim s\u00ed\u00f0ari var l\u00f6ngum \u00e1 brattann a\u00f0 s\u00e6kja.<\/p>","protected":false},"excerpt":{"rendered":"<p>FRAM m\u00e1tti \u00ed dag s\u00e6tta sig vi\u00f0 tap gegn \u00cdBV, 0-1, \u00ed \u00e1ttundu umfer\u00f0 Pepsideildar karla \u00ed knattspyrnu. Gunnar M\u00e1r Gu\u00f0mundsson skora\u00f0i eina mark leiksins \u00e1 vindas\u00f6mum H\u00e1steinsvelli sj\u00f6 m\u00edn\u00fatum [&hellip;]<\/p>","protected":false},"author":3,"featured_media":3661,"comment_status":"open","ping_status":"open","sticky":false,"template":"","format":"standard","meta":{"_monsterinsights_skip_tracking":false,"_monsterinsights_sitenote_active":false,"_monsterinsights_sitenote_note":"","_monsterinsights_sitenote_category":0,"_jetpack_memberships_contains_paid_content":false,"footnotes":""},"categories":[11,9],"tags":[],"class_list":["post-3658","post","type-post","status-publish","format-standard","has-post-thumbnail","hentry","category-mflkarla","category-fotbolti"],"jetpack_sharing_enabled":true,"jetpack_featured_media_url":"https:\/\/fram.is\/wp-content\/uploads\/2013\/06\/image.jpg","_links":{"self":[{"href":"https:\/\/fram.is\/is\/wp-json\/wp\/v2\/posts\/3658","targetHints":{"allow":["GET"]}}],"collection":[{"href":"https:\/\/fram.is\/is\/wp-json\/wp\/v2\/posts"}],"about":[{"href":"https:\/\/fram.is\/is\/wp-json\/wp\/v2\/types\/post"}],"author":[{"embeddable":true,"href":"https:\/\/fram.is\/is\/wp-json\/wp\/v2\/users\/3"}],"replies":[{"embeddable":true,"href":"https:\/\/fram.is\/is\/wp-json\/wp\/v2\/comments?post=3658"}],"version-history":[{"count":0,"href":"https:\/\/fram.is\/is\/wp-json\/wp\/v2\/posts\/3658\/revisions"}],"wp:featuredmedia":[{"embeddable":true,"href":"https:\/\/fram.is\/is\/wp-json\/wp\/v2\/media\/3661"}],"wp:attachment":[{"href":"https:\/\/fram.is\/is\/wp-json\/wp\/v2\/media?parent=3658"}],"wp:term":[{"taxonomy":"category","embeddable":true,"href":"https:\/\/fram.is\/is\/wp-json\/wp\/v2\/categories?post=3658"},{"taxonomy":"post_tag","embeddable":true,"href":"https:\/\/fram.is\/is\/wp-json\/wp\/v2\/tags?post=3658"}],"curies":[{"name":"wp","href":"https:\/\/api.w.org\/{rel}","templated":true}]}}