{"id":36770,"date":"2023-12-04T08:57:33","date_gmt":"2023-12-04T08:57:33","guid":{"rendered":"https:\/\/fram.is\/?p=36770"},"modified":"2023-12-04T09:00:18","modified_gmt":"2023-12-04T09:00:18","slug":"vel-heppnad-jolamot-fram-og-kia-2","status":"publish","type":"post","link":"https:\/\/fram.is\/is\/2023\/12\/04\/vel-heppnad-jolamot-fram-og-kia-2\/","title":{"rendered":"Vel heppna\u00f0 J\u00f3lam\u00f3t Fram og KIA"},"content":{"rendered":"<div data-elementor-type=\"wp-post\" data-elementor-id=\"36770\" class=\"elementor elementor-36770\" data-elementor-post-type=\"post\">\n\t\t\t\t<section class=\"elementor-section elementor-top-section elementor-element elementor-element-6fa75dad elementor-section-boxed elementor-section-height-default elementor-section-height-default\" data-id=\"6fa75dad\" data-element_type=\"section\">\n\t\t\t\t\t\t<div class=\"elementor-container elementor-column-gap-default\">\n\t\t\t\t\t<div class=\"elementor-column elementor-col-100 elementor-top-column elementor-element elementor-element-cc347c\" data-id=\"cc347c\" data-element_type=\"column\">\n\t\t\t<div class=\"elementor-widget-wrap elementor-element-populated\">\n\t\t\t\t\t\t<div class=\"elementor-element elementor-element-6314c5cc elementor-widget elementor-widget-text-editor\" data-id=\"6314c5cc\" data-element_type=\"widget\" data-widget_type=\"text-editor.default\">\n\t\t\t\t<div class=\"elementor-widget-container\"><p><img fetchpriority=\"high\" decoding=\"async\" class=\"size-medium wp-image-36773 alignright\" src=\"https:\/\/fram.is\/wp-content\/uploads\/2023\/12\/Jolamot-Fram-og-KIA--240x300.jpg\" alt=\"\" width=\"240\" height=\"300\" srcset=\"https:\/\/fram.is\/wp-content\/uploads\/2023\/12\/Jolamot-Fram-og-KIA--240x300.jpg 240w, https:\/\/fram.is\/wp-content\/uploads\/2023\/12\/Jolamot-Fram-og-KIA--819x1024.jpg 819w, https:\/\/fram.is\/wp-content\/uploads\/2023\/12\/Jolamot-Fram-og-KIA--768x960.jpg 768w, https:\/\/fram.is\/wp-content\/uploads\/2023\/12\/Jolamot-Fram-og-KIA--1229x1536.jpg 1229w, https:\/\/fram.is\/wp-content\/uploads\/2023\/12\/Jolamot-Fram-og-KIA--1638x2048.jpg 1638w, https:\/\/fram.is\/wp-content\/uploads\/2023\/12\/Jolamot-Fram-og-KIA--10x12.jpg 10w, https:\/\/fram.is\/wp-content\/uploads\/2023\/12\/Jolamot-Fram-og-KIA--800x1000.jpg 800w, https:\/\/fram.is\/wp-content\/uploads\/2023\/12\/Jolamot-Fram-og-KIA--scaled.jpg 2048w\" sizes=\"(max-width: 240px) 100vw, 240px\" \/>\u00dea\u00f0 er \u00f3h\u00e6tt a\u00f0 segja a\u00f0 \u00fea\u00f0 hafi veri\u00f0 k\u00e1tt \u00ed h\u00f6llinni \u00feegar r\u00famlega 500 i\u00f0kendur \u00far 6.flokki str\u00e1ka og stelpna \u00far fj\u00f6lda li\u00f0a af h\u00f6fu\u00f0borgarsv\u00e6\u00f0inu m\u00e6ttu \u00e1 j\u00f3lam\u00f3t Fram og KIA \u00ed Egilsh\u00f6ll, laugardaginn 2.desember.<\/p><p>M\u00f3ti\u00f0 heppna\u00f0ist fr\u00e1b\u00e6rlega og var virkilega gaman a\u00f0 sj\u00e1\u00a0 fullt af geggju\u00f0um f\u00f3tboltaleikjum og gl\u00e6silegum til\u00fer\u00edfum\u00a0fr\u00e1 \u00f6llum \u00feessum flottu kr\u00f6kkum, sem voru\u00a0sj\u00e1lfum s\u00e9r og s\u00ednum f\u00e9l\u00f6gum sannarlega til mikils s\u00f3ma.\u00a0<\/p><p>Meistaraflokkar Fram s\u00e1u\u00a0um d\u00f3mg\u00e6sluna, sjoppan g\u00f3\u00f0a og samlokugrilli\u00f0 var \u00e1 s\u00ednum sta\u00f0 og allir \u00fe\u00e1ttakendur voru svo leystir \u00fat me\u00f0 sundpoka fr\u00e1 KIA me\u00f0 gjafabr\u00e9fum fr\u00e1 \u00cdsb\u00fa\u00f0 Vesturb\u00e6jar og Olifa &#8211; la madre pizza og Panini f\u00f3tboltaspj\u00f6ldum.<\/p><p>Vi\u00f0 viljum \u00feakka KIA fyrir a\u00f0 hj\u00e1lpa okkur vi\u00f0 a\u00f0 halda m\u00f3ti\u00f0, f\u00e9l\u00f6gum sem t\u00f3ku \u00fe\u00e1tt og \u00fej\u00e1lfurum \u00feeirra, foreldrum og a\u00f0 sj\u00e1lfs\u00f6g\u00f0u i\u00f0kendum. \u00deetta var fr\u00e1b\u00e6rt og vi\u00f0 getum varla be\u00f0i\u00f0 eftir n\u00e6sta j\u00f3lam\u00f3ti.<\/p><p>Li\u00f0smyndir og keppnismyndir m\u00e1 n\u00e1lgast h\u00e9r:<\/p><p><a href=\"https:\/\/framphotos.pixieset.com\/2023-jlamtframogkia\/\" target=\"_blank\" rel=\"noopener\">https:\/\/framphotos.pixieset.com\/2023-jlamtframogkia\/<\/a><\/p>\n<p>toggipop\u00a0<\/p><\/div>\n\t\t\t\t<\/div>\n\t\t\t\t\t<\/div>\n\t\t<\/div>\n\t\t\t\t\t<\/div>\n\t\t<\/section>\t\t<\/div>","protected":false},"excerpt":{"rendered":"<p>\u00dea\u00f0 er \u00f3h\u00e6tt a\u00f0 segja a\u00f0 \u00fea\u00f0 hafi veri\u00f0 k\u00e1tt \u00ed h\u00f6llinni \u00feegar r\u00famlega 500 i\u00f0kendur \u00far 6.flokki str\u00e1ka og stelpna \u00far fj\u00f6lda li\u00f0a af h\u00f6fu\u00f0borgarsv\u00e6\u00f0inu m\u00e6ttu \u00e1 j\u00f3lam\u00f3t Fram [&hellip;]<\/p>","protected":false},"author":5,"featured_media":36771,"comment_status":"closed","ping_status":"closed","sticky":false,"template":"","format":"standard","meta":{"_monsterinsights_skip_tracking":false,"_monsterinsights_sitenote_active":false,"_monsterinsights_sitenote_note":"","_monsterinsights_sitenote_category":0,"_jetpack_memberships_contains_paid_content":false,"footnotes":""},"categories":[9,13],"tags":[],"class_list":["post-36770","post","type-post","status-publish","format-standard","has-post-thumbnail","hentry","category-fotbolti","category-yngriflokkar"],"jetpack_sharing_enabled":true,"jetpack_featured_media_url":"https:\/\/fram.is\/wp-content\/uploads\/2023\/12\/jolamot-Fram-og-KIA-II-vefur-scaled.jpg","_links":{"self":[{"href":"https:\/\/fram.is\/is\/wp-json\/wp\/v2\/posts\/36770","targetHints":{"allow":["GET"]}}],"collection":[{"href":"https:\/\/fram.is\/is\/wp-json\/wp\/v2\/posts"}],"about":[{"href":"https:\/\/fram.is\/is\/wp-json\/wp\/v2\/types\/post"}],"author":[{"embeddable":true,"href":"https:\/\/fram.is\/is\/wp-json\/wp\/v2\/users\/5"}],"replies":[{"embeddable":true,"href":"https:\/\/fram.is\/is\/wp-json\/wp\/v2\/comments?post=36770"}],"version-history":[{"count":4,"href":"https:\/\/fram.is\/is\/wp-json\/wp\/v2\/posts\/36770\/revisions"}],"predecessor-version":[{"id":36776,"href":"https:\/\/fram.is\/is\/wp-json\/wp\/v2\/posts\/36770\/revisions\/36776"}],"wp:featuredmedia":[{"embeddable":true,"href":"https:\/\/fram.is\/is\/wp-json\/wp\/v2\/media\/36771"}],"wp:attachment":[{"href":"https:\/\/fram.is\/is\/wp-json\/wp\/v2\/media?parent=36770"}],"wp:term":[{"taxonomy":"category","embeddable":true,"href":"https:\/\/fram.is\/is\/wp-json\/wp\/v2\/categories?post=36770"},{"taxonomy":"post_tag","embeddable":true,"href":"https:\/\/fram.is\/is\/wp-json\/wp\/v2\/tags?post=36770"}],"curies":[{"name":"wp","href":"https:\/\/api.w.org\/{rel}","templated":true}]}}