{"id":3680,"date":"2013-06-26T10:34:32","date_gmt":"2013-06-26T10:34:32","guid":{"rendered":"http:\/\/fram.is\/?p=3680"},"modified":"2013-06-26T10:34:32","modified_gmt":"2013-06-26T10:34:32","slug":"flott-frammistada-7-flokks-a-norduralsmotinu","status":"publish","type":"post","link":"https:\/\/fram.is\/is\/2013\/06\/26\/flott-frammistada-7-flokks-a-norduralsmotinu\/","title":{"rendered":"Flott FRAMmista\u00f0a 7.flokks \u00e1 Nor\u00f0ur\u00e1lsm\u00f3tinu"},"content":{"rendered":"<p>7.flokkur FRAM t\u00f3k \u00fe\u00e1tt \u00ed Nor\u00f0ur\u00e1lsm\u00f3tinu \u00e1 Akranesi um s\u00ed\u00f0ustu helgi.\u00a0 FRAMarar voru fj\u00f6lmennir a\u00f0 \u00feessu sinni. 72 str\u00e1kar \u00ed \u00e1tta li\u00f0um voru fulltr\u00faar FRAM \u00e1 m\u00f3tinu og a\u00f0 sj\u00e1lfs\u00f6g\u00f0u fylgdu fj\u00f6lskyldur \u00feeirra \u00feeim eftir og studdu vi\u00f0 baki\u00f0 \u00e1 s\u00ednum m\u00f6nnum.<\/p>\n<p>\u00c1rangur FRAM-str\u00e1kanna var sannarlega gl\u00e6silegur.\u00a0 \u00d6ll li\u00f0in st\u00f3\u00f0u sig me\u00f0 stakri pr\u00fd\u00f0i og \u00feess m\u00e1 geta a\u00f0 A-li\u00f0i\u00f0 var\u00f0 sigurvegari \u00ed \u00edslensku deildinni og E-li\u00f0i\u00f0 hlutskarpast \u00ed \u00fe\u00fdsku deildinni. \u00a0FRAMt\u00ed\u00f0in er svo sannarlega bj\u00f6rt.<\/p>\n<p><a href=\"http:\/\/fram.is\/wp-content\/uploads\/2013\/06\/Skagam\u00f3t3.jpg\"><img fetchpriority=\"high\" decoding=\"async\" class=\"alignnone size-medium wp-image-3681\" alt=\"Skagam\u00f3t3\" src=\"http:\/\/fram.is\/wp-content\/uploads\/2013\/06\/Skagam\u00f3t3-300x199.jpg\" width=\"300\" height=\"199\" srcset=\"https:\/\/fram.is\/wp-content\/uploads\/2013\/06\/Skagam\u00f3t3-300x199.jpg 300w, https:\/\/fram.is\/wp-content\/uploads\/2013\/06\/Skagam\u00f3t3-scaled-800x532.jpg 800w, https:\/\/fram.is\/wp-content\/uploads\/2013\/06\/Skagam\u00f3t3-1024x680.jpg 1024w, https:\/\/fram.is\/wp-content\/uploads\/2013\/06\/Skagam\u00f3t3-768x510.jpg 768w, https:\/\/fram.is\/wp-content\/uploads\/2013\/06\/Skagam\u00f3t3-1536x1020.jpg 1536w, https:\/\/fram.is\/wp-content\/uploads\/2013\/06\/Skagam\u00f3t3-2048x1361.jpg 2048w\" sizes=\"(max-width: 300px) 100vw, 300px\" \/><\/a><\/p>\n<p>&nbsp;<\/p>\n<p><a href=\"http:\/\/fram.is\/wp-content\/uploads\/2013\/06\/Sigurvegarar-E-li\u00f0a.jpg\"><img decoding=\"async\" class=\"alignnone size-medium wp-image-3682\" alt=\"Sigurvegarar E-li\u00f0a\" src=\"http:\/\/fram.is\/wp-content\/uploads\/2013\/06\/Sigurvegarar-E-li\u00f0a-300x225.jpg\" width=\"300\" height=\"225\" srcset=\"https:\/\/fram.is\/wp-content\/uploads\/2013\/06\/Sigurvegarar-E-li\u00f0a-300x225.jpg 300w, https:\/\/fram.is\/wp-content\/uploads\/2013\/06\/Sigurvegarar-E-li\u00f0a-800x600.jpg 800w, https:\/\/fram.is\/wp-content\/uploads\/2013\/06\/Sigurvegarar-E-li\u00f0a-1024x768.jpg 1024w, https:\/\/fram.is\/wp-content\/uploads\/2013\/06\/Sigurvegarar-E-li\u00f0a-768x576.jpg 768w, https:\/\/fram.is\/wp-content\/uploads\/2013\/06\/Sigurvegarar-E-li\u00f0a-1536x1152.jpg 1536w, https:\/\/fram.is\/wp-content\/uploads\/2013\/06\/Sigurvegarar-E-li\u00f0a.jpg 2048w\" sizes=\"(max-width: 300px) 100vw, 300px\" \/><\/a><\/p>\n<p><a href=\"http:\/\/www.youtube.com\/watch?v=HxP0nC77wTM&amp;feature=youtu.be\" target=\"_blank\" rel=\"noopener\">H\u00e9r er skemmtilegt myndband<\/a> sem s\u00fdnir lei\u00f0 FRAMara a\u00f0 gullinu \u00ed \u00edslensku deildinni.<\/p>","protected":false},"excerpt":{"rendered":"<p>7.flokkur FRAM t\u00f3k \u00fe\u00e1tt \u00ed Nor\u00f0ur\u00e1lsm\u00f3tinu \u00e1 Akranesi um s\u00ed\u00f0ustu helgi.\u00a0 FRAMarar voru fj\u00f6lmennir a\u00f0 \u00feessu sinni. 72 str\u00e1kar \u00ed \u00e1tta li\u00f0um voru fulltr\u00faar FRAM \u00e1 m\u00f3tinu og a\u00f0 sj\u00e1lfs\u00f6g\u00f0u [&hellip;]<\/p>","protected":false},"author":6,"featured_media":3683,"comment_status":"open","ping_status":"open","sticky":false,"template":"","format":"standard","meta":{"_monsterinsights_skip_tracking":false,"_monsterinsights_sitenote_active":false,"_monsterinsights_sitenote_note":"","_monsterinsights_sitenote_category":0,"_jetpack_memberships_contains_paid_content":false,"footnotes":""},"categories":[10,9],"tags":[],"class_list":["post-3680","post","type-post","status-publish","format-standard","has-post-thumbnail","hentry","category-frettir","category-fotbolti"],"jetpack_sharing_enabled":true,"jetpack_featured_media_url":"https:\/\/fram.is\/wp-content\/uploads\/2013\/06\/Skagam\u00f3t1-scaled.jpg","_links":{"self":[{"href":"https:\/\/fram.is\/is\/wp-json\/wp\/v2\/posts\/3680","targetHints":{"allow":["GET"]}}],"collection":[{"href":"https:\/\/fram.is\/is\/wp-json\/wp\/v2\/posts"}],"about":[{"href":"https:\/\/fram.is\/is\/wp-json\/wp\/v2\/types\/post"}],"author":[{"embeddable":true,"href":"https:\/\/fram.is\/is\/wp-json\/wp\/v2\/users\/6"}],"replies":[{"embeddable":true,"href":"https:\/\/fram.is\/is\/wp-json\/wp\/v2\/comments?post=3680"}],"version-history":[{"count":0,"href":"https:\/\/fram.is\/is\/wp-json\/wp\/v2\/posts\/3680\/revisions"}],"wp:featuredmedia":[{"embeddable":true,"href":"https:\/\/fram.is\/is\/wp-json\/wp\/v2\/media\/3683"}],"wp:attachment":[{"href":"https:\/\/fram.is\/is\/wp-json\/wp\/v2\/media?parent=3680"}],"wp:term":[{"taxonomy":"category","embeddable":true,"href":"https:\/\/fram.is\/is\/wp-json\/wp\/v2\/categories?post=3680"},{"taxonomy":"post_tag","embeddable":true,"href":"https:\/\/fram.is\/is\/wp-json\/wp\/v2\/tags?post=3680"}],"curies":[{"name":"wp","href":"https:\/\/api.w.org\/{rel}","templated":true}]}}