{"id":37074,"date":"2024-01-05T09:17:42","date_gmt":"2024-01-05T09:17:42","guid":{"rendered":"https:\/\/fram.is\/?p=37074"},"modified":"2024-01-05T09:20:14","modified_gmt":"2024-01-05T09:20:14","slug":"eydis-arna-gengur-til-lids-vid-fram","status":"publish","type":"post","link":"https:\/\/fram.is\/is\/2024\/01\/05\/eydis-arna-gengur-til-lids-vid-fram\/","title":{"rendered":"Eyd\u00eds Arna gengur til li\u00f0s vi\u00f0 Fram!"},"content":{"rendered":"<div data-elementor-type=\"wp-post\" data-elementor-id=\"37074\" class=\"elementor elementor-37074\" data-elementor-post-type=\"post\">\n\t\t\t\t<section class=\"elementor-section elementor-top-section elementor-element elementor-element-1ea257ed elementor-section-boxed elementor-section-height-default elementor-section-height-default\" data-id=\"1ea257ed\" data-element_type=\"section\">\n\t\t\t\t\t\t<div class=\"elementor-container elementor-column-gap-default\">\n\t\t\t\t\t<div class=\"elementor-column elementor-col-100 elementor-top-column elementor-element elementor-element-72153775\" data-id=\"72153775\" data-element_type=\"column\">\n\t\t\t<div class=\"elementor-widget-wrap elementor-element-populated\">\n\t\t\t\t\t\t<div class=\"elementor-element elementor-element-7881a576 elementor-widget elementor-widget-text-editor\" data-id=\"7881a576\" data-element_type=\"widget\" data-widget_type=\"text-editor.default\">\n\t\t\t\t<div class=\"elementor-widget-container\"><p><img fetchpriority=\"high\" decoding=\"async\" class=\"size-medium wp-image-37077 alignright\" src=\"https:\/\/fram.is\/wp-content\/uploads\/2024\/01\/LengjudeildinSamningurPortrait_Eydis-Arna-240x300.png\" alt=\"\" width=\"240\" height=\"300\" srcset=\"https:\/\/fram.is\/wp-content\/uploads\/2024\/01\/LengjudeildinSamningurPortrait_Eydis-Arna-240x300.png 240w, https:\/\/fram.is\/wp-content\/uploads\/2024\/01\/LengjudeildinSamningurPortrait_Eydis-Arna-819x1024.png 819w, https:\/\/fram.is\/wp-content\/uploads\/2024\/01\/LengjudeildinSamningurPortrait_Eydis-Arna-768x960.png 768w, https:\/\/fram.is\/wp-content\/uploads\/2024\/01\/LengjudeildinSamningurPortrait_Eydis-Arna-10x12.png 10w, https:\/\/fram.is\/wp-content\/uploads\/2024\/01\/LengjudeildinSamningurPortrait_Eydis-Arna-800x1000.png 800w, https:\/\/fram.is\/wp-content\/uploads\/2024\/01\/LengjudeildinSamningurPortrait_Eydis-Arna.png 1080w\" sizes=\"(max-width: 240px) 100vw, 240px\" \/>Eyd\u00eds Arna Hallgr\u00edmsd\u00f3ttir hefur skrifa\u00f0 undir 2 \u00e1ra samning vi\u00f0 Fram og mun \u00fev\u00ed leika me\u00f0 li\u00f0inu \u00ed Lengjudeildinni n\u00e6sta sumar.<\/p><p>Eyd\u00eds er 19 \u00e1ra gamall mi\u00f0v\u00f6r\u00f0ur sem getur einnig leyst st\u00f6\u00f0u vinstri bakvar\u00f0ar og dj\u00faprar mi\u00f0ju. H\u00fan er st\u00f3r, sterk og me\u00f0 g\u00f3\u00f0a boltame\u00f0fer\u00f0.<br \/><br \/>Eyd\u00eds er raunar vel kunnug \u00f6llum sta\u00f0h\u00e1ttum \u00fear sem h\u00fan hefur spila\u00f0 me\u00f0 li\u00f0inu s\u00ed\u00f0ustu tv\u00f6 t\u00edmabil sem l\u00e1nsma\u00f0ur fr\u00e1 FH. Eyd\u00eds kom gr\u00ed\u00f0arlega sterk\u00a0inn \u00ed li\u00f0i\u00f0 seinni hluta sumars 2022 \u00feegar li\u00f0i\u00f0 trygg\u00f0i s\u00e9r sigur \u00ed 2.deild kvenna en var\u00f0 svo fyrir \u00fev\u00ed \u00f3l\u00e1ni a\u00f0 mei\u00f0ast illa \u00ed fyrsta leik Lengjudeildar s\u00ed\u00f0asta sumar og n\u00e1\u00f0i \u00fev\u00ed l\u00edti\u00f0 a\u00f0 spila me\u00f0 li\u00f0inu \u00fea\u00f0 t\u00edmabili\u00f0.<\/p><p>N\u00fa er h\u00fan hinsvegar or\u00f0in fullkomlega heil heilsu og kl\u00e1r \u00ed slaginn, sem er fr\u00e1b\u00e6rt b\u00e6\u00f0i fyrir hana sj\u00e1lfa og Fram. Vi\u00f0 hl\u00f6kkum miki\u00f0 til a\u00f0 sj\u00e1 Eyd\u00edsi bl\u00f3mstra \u00ed bl\u00e1u treyjunni og f\u00f6gnum \u00fev\u00ed miki\u00f0 a\u00f0 f\u00e1 hana til li\u00f0s vi\u00f0 f\u00e9lagi\u00f0.<\/p><p><br \/>Velkomin \u00ed dal draumanna Eyd\u00eds!<br \/><img decoding=\"async\" class=\"alignnone size-full wp-image-37077\" src=\"https:\/\/fram.is\/wp-content\/uploads\/2024\/01\/LengjudeildinSamningurPortrait_Eydis-Arna.png\" alt=\"\" width=\"1080\" height=\"1350\" srcset=\"https:\/\/fram.is\/wp-content\/uploads\/2024\/01\/LengjudeildinSamningurPortrait_Eydis-Arna.png 1080w, https:\/\/fram.is\/wp-content\/uploads\/2024\/01\/LengjudeildinSamningurPortrait_Eydis-Arna-240x300.png 240w, https:\/\/fram.is\/wp-content\/uploads\/2024\/01\/LengjudeildinSamningurPortrait_Eydis-Arna-819x1024.png 819w, https:\/\/fram.is\/wp-content\/uploads\/2024\/01\/LengjudeildinSamningurPortrait_Eydis-Arna-768x960.png 768w, https:\/\/fram.is\/wp-content\/uploads\/2024\/01\/LengjudeildinSamningurPortrait_Eydis-Arna-10x12.png 10w, https:\/\/fram.is\/wp-content\/uploads\/2024\/01\/LengjudeildinSamningurPortrait_Eydis-Arna-800x1000.png 800w\" sizes=\"(max-width: 1080px) 100vw, 1080px\" \/><\/p><\/div>\n\t\t\t\t<\/div>\n\t\t\t\t\t<\/div>\n\t\t<\/div>\n\t\t\t\t\t<\/div>\n\t\t<\/section>\t\t<\/div>","protected":false},"excerpt":{"rendered":"<p>Eyd\u00eds Arna Hallgr\u00edmsd\u00f3ttir hefur skrifa\u00f0 undir 2 \u00e1ra samning vi\u00f0 Fram og mun \u00fev\u00ed leika me\u00f0 li\u00f0inu \u00ed Lengjudeildinni n\u00e6sta sumar. Eyd\u00eds er 19 \u00e1ra gamall mi\u00f0v\u00f6r\u00f0ur sem getur einnig [&hellip;]<\/p>","protected":false},"author":5,"featured_media":37075,"comment_status":"closed","ping_status":"closed","sticky":false,"template":"","format":"standard","meta":{"_monsterinsights_skip_tracking":false,"_monsterinsights_sitenote_active":false,"_monsterinsights_sitenote_note":"","_monsterinsights_sitenote_category":0,"_jetpack_memberships_contains_paid_content":false,"footnotes":""},"categories":[9,12],"tags":[],"class_list":["post-37074","post","type-post","status-publish","format-standard","has-post-thumbnail","hentry","category-fotbolti","category-mflkvenna"],"jetpack_sharing_enabled":true,"jetpack_featured_media_url":"https:\/\/fram.is\/wp-content\/uploads\/2024\/01\/LengjudeildinSamningurbanner_Eydis-Arna.png","_links":{"self":[{"href":"https:\/\/fram.is\/is\/wp-json\/wp\/v2\/posts\/37074","targetHints":{"allow":["GET"]}}],"collection":[{"href":"https:\/\/fram.is\/is\/wp-json\/wp\/v2\/posts"}],"about":[{"href":"https:\/\/fram.is\/is\/wp-json\/wp\/v2\/types\/post"}],"author":[{"embeddable":true,"href":"https:\/\/fram.is\/is\/wp-json\/wp\/v2\/users\/5"}],"replies":[{"embeddable":true,"href":"https:\/\/fram.is\/is\/wp-json\/wp\/v2\/comments?post=37074"}],"version-history":[{"count":4,"href":"https:\/\/fram.is\/is\/wp-json\/wp\/v2\/posts\/37074\/revisions"}],"predecessor-version":[{"id":37080,"href":"https:\/\/fram.is\/is\/wp-json\/wp\/v2\/posts\/37074\/revisions\/37080"}],"wp:featuredmedia":[{"embeddable":true,"href":"https:\/\/fram.is\/is\/wp-json\/wp\/v2\/media\/37075"}],"wp:attachment":[{"href":"https:\/\/fram.is\/is\/wp-json\/wp\/v2\/media?parent=37074"}],"wp:term":[{"taxonomy":"category","embeddable":true,"href":"https:\/\/fram.is\/is\/wp-json\/wp\/v2\/categories?post=37074"},{"taxonomy":"post_tag","embeddable":true,"href":"https:\/\/fram.is\/is\/wp-json\/wp\/v2\/tags?post=37074"}],"curies":[{"name":"wp","href":"https:\/\/api.w.org\/{rel}","templated":true}]}}