{"id":3735,"date":"2013-06-28T22:31:25","date_gmt":"2013-06-28T22:31:25","guid":{"rendered":"http:\/\/fram.is\/?p=3735"},"modified":"2013-06-28T22:31:25","modified_gmt":"2013-06-28T22:31:25","slug":"framstulkur-sottu-thrju-stig-a-skagann","status":"publish","type":"post","link":"https:\/\/fram.is\/is\/2013\/06\/28\/framstulkur-sottu-thrju-stig-a-skagann\/","title":{"rendered":"FRAMst\u00falkur s\u00f3ttu \u00ferj\u00fa stig \u00e1 Skagann"},"content":{"rendered":"<p><a href=\"http:\/\/fram.is\/wp-content\/uploads\/2013\/06\/Fram-Throttur51.jpg\"><img fetchpriority=\"high\" decoding=\"async\" class=\"alignright size-medium wp-image-3736\" alt=\"Fram-Throttur5\" src=\"http:\/\/fram.is\/wp-content\/uploads\/2013\/06\/Fram-Throttur51-300x199.jpg\" width=\"300\" height=\"199\" \/><\/a>FRAMst\u00falkur ur\u00f0u \u00ed kv\u00f6ld fyrstar til a\u00f0 leggja toppli\u00f0 \u00cdA a\u00f0 velli \u00ed A-ri\u00f0li 1.deildar kvenna \u00ed knattspyrnu, en \u00fe\u00e6r bl\u00e1u h\u00f6f\u00f0u sigur \u00e1 Nor\u00f0ur\u00e1lsvellinum 2-1.<\/p>\n<p>Eyr\u00fan Rakel Agnarsd\u00f3ttir skora\u00f0i fyrra mark FRAM eftir h\u00e1lft\u00edma leik og sta\u00f0an \u00ed leikl\u00e9i var 1-0. Sara Lissy Chontosh b\u00e6tti vi\u00f0 \u00f6\u00f0ru marki fimm m\u00edn\u00fatum fyrir leikslok og gulltrygg\u00f0i \u00fear me\u00f0 sigurinn, en Maren Le\u00f3sd\u00f3ttir minnka\u00f0i muninn fyrir \u00cdA \u00e1 n\u00edtugustu m\u00edn\u00fatu.<\/p>\n<p>\u00cdA situr sem fyrr \u00ed efsta s\u00e6ti A-ri\u00f0ils 1.deildar kvenna me\u00f0 16 stig, jafnm\u00f6rk og Fylkir. \u00a0FRAM sigur \u00ed fj\u00f3r\u00f0a s\u00e6ti me\u00f0 t\u00edu stig.<\/p>\n<p><a href=\"http:\/\/www.ksi.is\/mot\/motalisti\/leikskyrsla\/?Leikur=319078\" target=\"_blank\" rel=\"noopener noreferrer\">Leiksk\u00fdrslan.<\/a><\/p>\n<p><a href=\"http:\/\/www.ksi.is\/mot\/motalisti\/urslit-stada\/?MotNumer=29985\" target=\"_blank\" rel=\"noopener noreferrer\">1.deild kvenna &#8211; A-ri\u00f0ill.<\/a><\/p>","protected":false},"excerpt":{"rendered":"<p>FRAMst\u00falkur ur\u00f0u \u00ed kv\u00f6ld fyrstar til a\u00f0 leggja toppli\u00f0 \u00cdA a\u00f0 velli \u00ed A-ri\u00f0li 1.deildar kvenna \u00ed knattspyrnu, en \u00fe\u00e6r bl\u00e1u h\u00f6f\u00f0u sigur \u00e1 Nor\u00f0ur\u00e1lsvellinum 2-1. Eyr\u00fan Rakel Agnarsd\u00f3ttir skora\u00f0i [&hellip;]<\/p>","protected":false},"author":3,"featured_media":3736,"comment_status":"open","ping_status":"open","sticky":false,"template":"","format":"standard","meta":{"_monsterinsights_skip_tracking":false,"_monsterinsights_sitenote_active":false,"_monsterinsights_sitenote_note":"","_monsterinsights_sitenote_category":0,"_jetpack_memberships_contains_paid_content":false,"footnotes":""},"categories":[12,9],"tags":[],"class_list":["post-3735","post","type-post","status-publish","format-standard","has-post-thumbnail","hentry","category-mflkvenna","category-fotbolti"],"jetpack_sharing_enabled":true,"jetpack_featured_media_url":"https:\/\/fram.is\/wp-content\/uploads\/2013\/06\/Fram-Throttur51.jpg","_links":{"self":[{"href":"https:\/\/fram.is\/is\/wp-json\/wp\/v2\/posts\/3735","targetHints":{"allow":["GET"]}}],"collection":[{"href":"https:\/\/fram.is\/is\/wp-json\/wp\/v2\/posts"}],"about":[{"href":"https:\/\/fram.is\/is\/wp-json\/wp\/v2\/types\/post"}],"author":[{"embeddable":true,"href":"https:\/\/fram.is\/is\/wp-json\/wp\/v2\/users\/3"}],"replies":[{"embeddable":true,"href":"https:\/\/fram.is\/is\/wp-json\/wp\/v2\/comments?post=3735"}],"version-history":[{"count":0,"href":"https:\/\/fram.is\/is\/wp-json\/wp\/v2\/posts\/3735\/revisions"}],"wp:featuredmedia":[{"embeddable":true,"href":"https:\/\/fram.is\/is\/wp-json\/wp\/v2\/media\/3736"}],"wp:attachment":[{"href":"https:\/\/fram.is\/is\/wp-json\/wp\/v2\/media?parent=3735"}],"wp:term":[{"taxonomy":"category","embeddable":true,"href":"https:\/\/fram.is\/is\/wp-json\/wp\/v2\/categories?post=3735"},{"taxonomy":"post_tag","embeddable":true,"href":"https:\/\/fram.is\/is\/wp-json\/wp\/v2\/tags?post=3735"}],"curies":[{"name":"wp","href":"https:\/\/api.w.org\/{rel}","templated":true}]}}