{"id":37514,"date":"2024-01-31T08:53:03","date_gmt":"2024-01-31T08:53:03","guid":{"rendered":"https:\/\/fram.is\/?p=37514"},"modified":"2024-01-31T08:54:08","modified_gmt":"2024-01-31T08:54:08","slug":"bjartey-og-viktoria-rut-leku-sina-fyrstu-leiki-med-meistaraflokki","status":"publish","type":"post","link":"https:\/\/fram.is\/is\/2024\/01\/31\/bjartey-og-viktoria-rut-leku-sina-fyrstu-leiki-med-meistaraflokki\/","title":{"rendered":"Bjartey og Viktoria Rut l\u00e9ku s\u00edna fyrstu leiki me\u00f0 meistaraflokki"},"content":{"rendered":"<div data-elementor-type=\"wp-post\" data-elementor-id=\"37514\" class=\"elementor elementor-37514\" data-elementor-post-type=\"post\">\n\t\t\t\t<section class=\"elementor-section elementor-top-section elementor-element elementor-element-4a7080d2 elementor-section-boxed elementor-section-height-default elementor-section-height-default\" data-id=\"4a7080d2\" data-element_type=\"section\">\n\t\t\t\t\t\t<div class=\"elementor-container elementor-column-gap-default\">\n\t\t\t\t\t<div class=\"elementor-column elementor-col-100 elementor-top-column elementor-element elementor-element-4a6a479e\" data-id=\"4a6a479e\" data-element_type=\"column\">\n\t\t\t<div class=\"elementor-widget-wrap elementor-element-populated\">\n\t\t\t\t\t\t<div class=\"elementor-element elementor-element-20777763 elementor-widget elementor-widget-text-editor\" data-id=\"20777763\" data-element_type=\"widget\" data-widget_type=\"text-editor.default\">\n\t\t\t\t<div class=\"elementor-widget-container\"><p><img fetchpriority=\"high\" decoding=\"async\" class=\"size-medium wp-image-37517 alignright\" src=\"https:\/\/fram.is\/wp-content\/uploads\/2024\/01\/Viktoria-Rut-og-Bjartey-mfl.kv_.--240x300.jpeg\" alt=\"\" width=\"240\" height=\"300\" srcset=\"https:\/\/fram.is\/wp-content\/uploads\/2024\/01\/Viktoria-Rut-og-Bjartey-mfl.kv_.--240x300.jpeg 240w, https:\/\/fram.is\/wp-content\/uploads\/2024\/01\/Viktoria-Rut-og-Bjartey-mfl.kv_.--818x1024.jpeg 818w, https:\/\/fram.is\/wp-content\/uploads\/2024\/01\/Viktoria-Rut-og-Bjartey-mfl.kv_.--768x961.jpeg 768w, https:\/\/fram.is\/wp-content\/uploads\/2024\/01\/Viktoria-Rut-og-Bjartey-mfl.kv_.--1227x1536.jpeg 1227w, https:\/\/fram.is\/wp-content\/uploads\/2024\/01\/Viktoria-Rut-og-Bjartey-mfl.kv_.--10x12.jpeg 10w, https:\/\/fram.is\/wp-content\/uploads\/2024\/01\/Viktoria-Rut-og-Bjartey-mfl.kv_.--800x1001.jpeg 800w, https:\/\/fram.is\/wp-content\/uploads\/2024\/01\/Viktoria-Rut-og-Bjartey-mfl.kv_.-.jpeg 1232w\" sizes=\"(max-width: 240px) 100vw, 240px\" \/>Enn halda ungar Fram stelpur a\u00f0 sl\u00e1 \u00ed gegn \u00ed meistaraflokki kvenna.<\/p><p>\u00cd \u00feetta sinn voru \u00fea\u00f0 \u00fe\u00e6r Bjartey Hanna G\u00edslad\u00f3ttir og Viktoria Rut Gokorian\u00a0sem l\u00e9tu lj\u00f3s sitt sk\u00edna \u00ed leik gegn r\u00edkjandi bikarmeisturum V\u00edkings.<\/p><p>Bjartey er ungur markma\u00f0ur, f\u00e6dd \u00e1ri\u00f0 2010 og \u00fev\u00ed a\u00f0eins 13 \u00e1ra og spilar me\u00f0 4.flokki Fram. H\u00fan f\u00e9kk Eir\u00edksbikarinn s\u00ed\u00f0astli\u00f0i\u00f0 haust sem fyrirmyndar i\u00f0kandi innan f\u00e9lagsins og hefur sta\u00f0i\u00f0 sig virkilega vel fyrir f\u00e9lagi\u00f0 innan og utan vallar. H\u00fan f\u00e9kk s\u00ednar fyrstu m\u00edn\u00fatur \u00ed meistaraflokki \u00ed dag og spila\u00f0i allan\u00a0leikinn gegn mj\u00f6g sterku V\u00edkingsli\u00f0i. Frammista\u00f0an var \u00ed stuttu m\u00e1li fr\u00e1b\u00e6r og var henni \u00e1kaft fagna\u00f0 af li\u00f0sf\u00e9l\u00f6gum eftir leik.<\/p><p>Viktoria Rut er tilt\u00f6lulega n\u00fdlega gengin til li\u00f0s vi\u00f0 Fram fr\u00e1 uppeldisf\u00e9lagi s\u00ednu Fylki. H\u00fan er f\u00e6dd \u00e1ri\u00f0 2008 og \u00fev\u00ed \u00e1 eldra \u00e1ri 3.flokks. Viktoria f\u00e9kk s\u00ednar fyrstu m\u00edn\u00fatur \u00ed vinstri bakvar\u00f0ast\u00f6\u00f0unni gegn Fj\u00f6lni um daginn og st\u00f3\u00f0 sig virkilega vel. H\u00fan kom aftur inn \u00e1 \u00ed dag gegn V\u00edkingum og var \u00f3a\u00f0finnanleg\u00a0\u00ed v\u00f6rninni \u00e1 lokam\u00edn\u00fatum leiksins. Fr\u00e1b\u00e6r frammista\u00f0a hj\u00e1 henni og \u00e6\u00f0islegt a\u00f0 sj\u00e1 hana koma inn \u00ed f\u00e9lagi\u00f0 me\u00f0 svona l\u00e1tum. <br \/>Vi\u00f0 \u00f3skum \u00feeim b\u00e1\u00f0um innilega til hamingju me\u00f0 \u00feennan \u00e1fanga og hl\u00f6kkum til a\u00f0 fylgjast me\u00f0 \u00feeim vaxa og dafna \u00e1fram.<\/p><\/div>\n\t\t\t\t<\/div>\n\t\t\t\t\t<\/div>\n\t\t<\/div>\n\t\t\t\t\t<\/div>\n\t\t<\/section>\t\t<\/div>","protected":false},"excerpt":{"rendered":"<p>Enn halda ungar Fram stelpur a\u00f0 sl\u00e1 \u00ed gegn \u00ed meistaraflokki kvenna. \u00cd \u00feetta sinn voru \u00fea\u00f0 \u00fe\u00e6r Bjartey Hanna G\u00edslad\u00f3ttir og Viktoria Rut Gokorian\u00a0sem l\u00e9tu lj\u00f3s sitt sk\u00edna \u00ed [&hellip;]<\/p>","protected":false},"author":5,"featured_media":37515,"comment_status":"closed","ping_status":"closed","sticky":false,"template":"","format":"standard","meta":{"_monsterinsights_skip_tracking":false,"_monsterinsights_sitenote_active":false,"_monsterinsights_sitenote_note":"","_monsterinsights_sitenote_category":0,"_jetpack_memberships_contains_paid_content":false,"footnotes":""},"categories":[9,12],"tags":[],"class_list":["post-37514","post","type-post","status-publish","format-standard","has-post-thumbnail","hentry","category-fotbolti","category-mflkvenna"],"jetpack_sharing_enabled":true,"jetpack_featured_media_url":"https:\/\/fram.is\/wp-content\/uploads\/2024\/01\/Viktoria-Rut-og-Bjartey-mfl.kv_.jpg","_links":{"self":[{"href":"https:\/\/fram.is\/is\/wp-json\/wp\/v2\/posts\/37514","targetHints":{"allow":["GET"]}}],"collection":[{"href":"https:\/\/fram.is\/is\/wp-json\/wp\/v2\/posts"}],"about":[{"href":"https:\/\/fram.is\/is\/wp-json\/wp\/v2\/types\/post"}],"author":[{"embeddable":true,"href":"https:\/\/fram.is\/is\/wp-json\/wp\/v2\/users\/5"}],"replies":[{"embeddable":true,"href":"https:\/\/fram.is\/is\/wp-json\/wp\/v2\/comments?post=37514"}],"version-history":[{"count":4,"href":"https:\/\/fram.is\/is\/wp-json\/wp\/v2\/posts\/37514\/revisions"}],"predecessor-version":[{"id":37520,"href":"https:\/\/fram.is\/is\/wp-json\/wp\/v2\/posts\/37514\/revisions\/37520"}],"wp:featuredmedia":[{"embeddable":true,"href":"https:\/\/fram.is\/is\/wp-json\/wp\/v2\/media\/37515"}],"wp:attachment":[{"href":"https:\/\/fram.is\/is\/wp-json\/wp\/v2\/media?parent=37514"}],"wp:term":[{"taxonomy":"category","embeddable":true,"href":"https:\/\/fram.is\/is\/wp-json\/wp\/v2\/categories?post=37514"},{"taxonomy":"post_tag","embeddable":true,"href":"https:\/\/fram.is\/is\/wp-json\/wp\/v2\/tags?post=37514"}],"curies":[{"name":"wp","href":"https:\/\/api.w.org\/{rel}","templated":true}]}}