{"id":38213,"date":"2024-02-26T10:03:10","date_gmt":"2024-02-26T10:03:10","guid":{"rendered":"https:\/\/fram.is\/?p=38213"},"modified":"2024-02-26T10:04:15","modified_gmt":"2024-02-26T10:04:15","slug":"sara-svanhildur-johannsdottir-gengur-til-lids-vid-meistaraflokk-kvenna-ad-lani-fra-breidablik","status":"publish","type":"post","link":"https:\/\/fram.is\/is\/2024\/02\/26\/sara-svanhildur-johannsdottir-gengur-til-lids-vid-meistaraflokk-kvenna-ad-lani-fra-breidablik\/","title":{"rendered":"Sara Svanhildur J\u00f3hannsd\u00f3ttir gengur til li\u00f0s vi\u00f0 meistaraflokk kvenna a\u00f0 l\u00e1ni fr\u00e1 Brei\u00f0ablik.\u00a0"},"content":{"rendered":"<div data-elementor-type=\"wp-post\" data-elementor-id=\"38213\" class=\"elementor elementor-38213\" data-elementor-post-type=\"post\">\n\t\t\t\t<section class=\"elementor-section elementor-top-section elementor-element elementor-element-33a87eba elementor-section-boxed elementor-section-height-default elementor-section-height-default\" data-id=\"33a87eba\" data-element_type=\"section\">\n\t\t\t\t\t\t<div class=\"elementor-container elementor-column-gap-default\">\n\t\t\t\t\t<div class=\"elementor-column elementor-col-100 elementor-top-column elementor-element elementor-element-9f1fb82\" data-id=\"9f1fb82\" data-element_type=\"column\">\n\t\t\t<div class=\"elementor-widget-wrap elementor-element-populated\">\n\t\t\t\t\t\t<div class=\"elementor-element elementor-element-2d7ac90f elementor-widget elementor-widget-text-editor\" data-id=\"2d7ac90f\" data-element_type=\"widget\" data-widget_type=\"text-editor.default\">\n\t\t\t\t<div class=\"elementor-widget-container\"><p><img fetchpriority=\"high\" decoding=\"async\" class=\"size-medium wp-image-38216 alignright\" src=\"https:\/\/fram.is\/wp-content\/uploads\/2024\/02\/LengjudeildinSamningurPortrait_Sara-Svanhildur--240x300.png\" alt=\"\" width=\"240\" height=\"300\" srcset=\"https:\/\/fram.is\/wp-content\/uploads\/2024\/02\/LengjudeildinSamningurPortrait_Sara-Svanhildur--240x300.png 240w, https:\/\/fram.is\/wp-content\/uploads\/2024\/02\/LengjudeildinSamningurPortrait_Sara-Svanhildur--819x1024.png 819w, https:\/\/fram.is\/wp-content\/uploads\/2024\/02\/LengjudeildinSamningurPortrait_Sara-Svanhildur--768x960.png 768w, https:\/\/fram.is\/wp-content\/uploads\/2024\/02\/LengjudeildinSamningurPortrait_Sara-Svanhildur--10x12.png 10w, https:\/\/fram.is\/wp-content\/uploads\/2024\/02\/LengjudeildinSamningurPortrait_Sara-Svanhildur--800x1000.png 800w, https:\/\/fram.is\/wp-content\/uploads\/2024\/02\/LengjudeildinSamningurPortrait_Sara-Svanhildur-.png 1080w\" sizes=\"(max-width: 240px) 100vw, 240px\" \/>Sara svanhildur er 18 \u00e1ra fj\u00f6lh\u00e6fur s\u00f3knarma\u00f0ur sem kemur til me\u00f0 a\u00f0 styrkja li\u00f0i\u00f0 miki\u00f0 fyrir komandi \u00e1t\u00f6k \u00ed Lengjudeildinni.<\/p><p>\u00d3skar Sm\u00e1ri, \u00fej\u00e1lfari meistaraflokks kvenna, er himinlifandi me\u00f0 \u00feessa styrkingu:<\/p><p>&#8220;vi\u00f0 erum virkilega \u00e1n\u00e6g\u00f0 a\u00f0 tryggja S\u00f6ru Svanhildi \u00e1 l\u00e1ni til okkar fyrir komandi t\u00edmabil. Sara er tekniskur og \u00f6skuflj\u00f3tur s\u00f3knarma\u00f0ur sem mun valda varnarm\u00f6nnum deildarinnar allskonar vandr\u00e6\u00f0um. Brei\u00f0ablik s\u00e9r hana sem framt\u00ed\u00f0arleikmann og er \u00fea\u00f0 okkar a\u00f0 hj\u00e1lpa henni a\u00f0 koma s\u00e9r n\u00e6r \u00fev\u00ed. H\u00fan mun eins og a\u00f0rir ungir leikmenn \u00ed okkar li\u00f0i f\u00e1 t\u00edma til a\u00f0 \u00feroskast og dafna og erum vi\u00f0 mj\u00f6g spennt a\u00f0 sj\u00e1 hana inn \u00e1 vellinum \u00ed bl\u00e1u treyjunni. \u00c9g vil \u00feakka Nik og Blikum fyrir a\u00f0 treysta okkur fyrir \u00fev\u00ed a\u00f0 halda fram\u00fer\u00f3un S\u00f6ru sem leikmanns \u00e1fram.&#8221;<\/p><p>Velkomin Sara Svanhildur!<br \/><img decoding=\"async\" class=\"alignnone size-full wp-image-38216\" src=\"https:\/\/fram.is\/wp-content\/uploads\/2024\/02\/LengjudeildinSamningurPortrait_Sara-Svanhildur-.png\" alt=\"\" width=\"1080\" height=\"1350\" srcset=\"https:\/\/fram.is\/wp-content\/uploads\/2024\/02\/LengjudeildinSamningurPortrait_Sara-Svanhildur-.png 1080w, https:\/\/fram.is\/wp-content\/uploads\/2024\/02\/LengjudeildinSamningurPortrait_Sara-Svanhildur--240x300.png 240w, https:\/\/fram.is\/wp-content\/uploads\/2024\/02\/LengjudeildinSamningurPortrait_Sara-Svanhildur--819x1024.png 819w, https:\/\/fram.is\/wp-content\/uploads\/2024\/02\/LengjudeildinSamningurPortrait_Sara-Svanhildur--768x960.png 768w, https:\/\/fram.is\/wp-content\/uploads\/2024\/02\/LengjudeildinSamningurPortrait_Sara-Svanhildur--10x12.png 10w, https:\/\/fram.is\/wp-content\/uploads\/2024\/02\/LengjudeildinSamningurPortrait_Sara-Svanhildur--800x1000.png 800w\" sizes=\"(max-width: 1080px) 100vw, 1080px\" \/><\/p><\/div>\n\t\t\t\t<\/div>\n\t\t\t\t\t<\/div>\n\t\t<\/div>\n\t\t\t\t\t<\/div>\n\t\t<\/section>\t\t<\/div>","protected":false},"excerpt":{"rendered":"<p>Sara svanhildur er 18 \u00e1ra fj\u00f6lh\u00e6fur s\u00f3knarma\u00f0ur sem kemur til me\u00f0 a\u00f0 styrkja li\u00f0i\u00f0 miki\u00f0 fyrir komandi \u00e1t\u00f6k \u00ed Lengjudeildinni. \u00d3skar Sm\u00e1ri, \u00fej\u00e1lfari meistaraflokks kvenna, er himinlifandi me\u00f0 \u00feessa styrkingu: [&hellip;]<\/p>","protected":false},"author":5,"featured_media":38214,"comment_status":"closed","ping_status":"closed","sticky":false,"template":"","format":"standard","meta":{"_monsterinsights_skip_tracking":false,"_monsterinsights_sitenote_active":false,"_monsterinsights_sitenote_note":"","_monsterinsights_sitenote_category":0,"_jetpack_memberships_contains_paid_content":false,"footnotes":""},"categories":[9,12],"tags":[],"class_list":["post-38213","post","type-post","status-publish","format-standard","has-post-thumbnail","hentry","category-fotbolti","category-mflkvenna"],"jetpack_sharing_enabled":true,"jetpack_featured_media_url":"https:\/\/fram.is\/wp-content\/uploads\/2024\/02\/LengjudeildinSamningurbanner_Sara-Svanhildur.png","_links":{"self":[{"href":"https:\/\/fram.is\/is\/wp-json\/wp\/v2\/posts\/38213","targetHints":{"allow":["GET"]}}],"collection":[{"href":"https:\/\/fram.is\/is\/wp-json\/wp\/v2\/posts"}],"about":[{"href":"https:\/\/fram.is\/is\/wp-json\/wp\/v2\/types\/post"}],"author":[{"embeddable":true,"href":"https:\/\/fram.is\/is\/wp-json\/wp\/v2\/users\/5"}],"replies":[{"embeddable":true,"href":"https:\/\/fram.is\/is\/wp-json\/wp\/v2\/comments?post=38213"}],"version-history":[{"count":4,"href":"https:\/\/fram.is\/is\/wp-json\/wp\/v2\/posts\/38213\/revisions"}],"predecessor-version":[{"id":38219,"href":"https:\/\/fram.is\/is\/wp-json\/wp\/v2\/posts\/38213\/revisions\/38219"}],"wp:featuredmedia":[{"embeddable":true,"href":"https:\/\/fram.is\/is\/wp-json\/wp\/v2\/media\/38214"}],"wp:attachment":[{"href":"https:\/\/fram.is\/is\/wp-json\/wp\/v2\/media?parent=38213"}],"wp:term":[{"taxonomy":"category","embeddable":true,"href":"https:\/\/fram.is\/is\/wp-json\/wp\/v2\/categories?post=38213"},{"taxonomy":"post_tag","embeddable":true,"href":"https:\/\/fram.is\/is\/wp-json\/wp\/v2\/tags?post=38213"}],"curies":[{"name":"wp","href":"https:\/\/api.w.org\/{rel}","templated":true}]}}