{"id":3828,"date":"2013-07-10T12:01:21","date_gmt":"2013-07-10T12:01:21","guid":{"rendered":"http:\/\/fram.is\/?p=3828"},"modified":"2013-07-10T12:01:21","modified_gmt":"2013-07-10T12:01:21","slug":"2-framarar-i-landslidshopi-islands-u-17","status":"publish","type":"post","link":"https:\/\/fram.is\/is\/2013\/07\/10\/2-framarar-i-landslidshopi-islands-u-17\/","title":{"rendered":"2 FRAMarar \u00ed landsli\u00f0sh\u00f3pi \u00cdslands U-17"},"content":{"rendered":"<p>\u00deorl\u00e1kur \u00c1rnason, landsli\u00f0s\u00fej\u00e1lfari U17 karla, hefur vali\u00f0 h\u00f3p fyrir \u00fartaks\u00e6fingar um helgina 12. &#8211; 13. j\u00fal\u00ed og fara \u00e6fingarnar fram \u00e1 grasvellinum vi\u00f0 K\u00f3rinn<\/p>\n<p>Vi\u00f0 FRAMarar eru stoltir af \u00fev\u00ed a\u00f0 tvo drengi \u00ed h\u00f3pnum a\u00f0 \u00feessu sinni en \u00feeir eru:<\/p>\n<p>Andri \u00de\u00f3r S\u00f3lbergsson \u00a0\u00a0\u00a0\u00a0\u00a0\u00a0\u00a0\u00a0\u00a0\u00a0\u00a0\u00a0\u00a0\u00a0\u00a0\u00a0\u00a0 Fram<br \/>\nArn\u00f3r Da\u00f0i A\u00f0alsteinsson \u00a0\u00a0\u00a0\u00a0\u00a0\u00a0\u00a0\u00a0\u00a0\u00a0\u00a0 Fram<\/p>\n<p>Gangi ykkur vel drengir !<\/p>","protected":false},"excerpt":{"rendered":"<p>\u00deorl\u00e1kur \u00c1rnason, landsli\u00f0s\u00fej\u00e1lfari U17 karla, hefur vali\u00f0 h\u00f3p fyrir \u00fartaks\u00e6fingar um helgina 12. &#8211; 13. j\u00fal\u00ed og fara \u00e6fingarnar fram \u00e1 grasvellinum vi\u00f0 K\u00f3rinn Vi\u00f0 FRAMarar eru stoltir af \u00fev\u00ed [&hellip;]<\/p>","protected":false},"author":4,"featured_media":3163,"comment_status":"open","ping_status":"open","sticky":false,"template":"","format":"standard","meta":{"_monsterinsights_skip_tracking":false,"_monsterinsights_sitenote_active":false,"_monsterinsights_sitenote_note":"","_monsterinsights_sitenote_category":0,"_jetpack_memberships_contains_paid_content":false,"footnotes":""},"categories":[10,9,13],"tags":[],"class_list":["post-3828","post","type-post","status-publish","format-standard","has-post-thumbnail","hentry","category-frettir","category-fotbolti","category-yngriflokkar"],"jetpack_sharing_enabled":true,"jetpack_featured_media_url":"https:\/\/fram.is\/wp-content\/uploads\/2013\/05\/Reykjav\u00edkurmeistarar-3.fl_.ka_.-2013.-scaled.jpg","_links":{"self":[{"href":"https:\/\/fram.is\/is\/wp-json\/wp\/v2\/posts\/3828","targetHints":{"allow":["GET"]}}],"collection":[{"href":"https:\/\/fram.is\/is\/wp-json\/wp\/v2\/posts"}],"about":[{"href":"https:\/\/fram.is\/is\/wp-json\/wp\/v2\/types\/post"}],"author":[{"embeddable":true,"href":"https:\/\/fram.is\/is\/wp-json\/wp\/v2\/users\/4"}],"replies":[{"embeddable":true,"href":"https:\/\/fram.is\/is\/wp-json\/wp\/v2\/comments?post=3828"}],"version-history":[{"count":0,"href":"https:\/\/fram.is\/is\/wp-json\/wp\/v2\/posts\/3828\/revisions"}],"wp:featuredmedia":[{"embeddable":true,"href":"https:\/\/fram.is\/is\/wp-json\/wp\/v2\/media\/3163"}],"wp:attachment":[{"href":"https:\/\/fram.is\/is\/wp-json\/wp\/v2\/media?parent=3828"}],"wp:term":[{"taxonomy":"category","embeddable":true,"href":"https:\/\/fram.is\/is\/wp-json\/wp\/v2\/categories?post=3828"},{"taxonomy":"post_tag","embeddable":true,"href":"https:\/\/fram.is\/is\/wp-json\/wp\/v2\/tags?post=3828"}],"curies":[{"name":"wp","href":"https:\/\/api.w.org\/{rel}","templated":true}]}}