{"id":3837,"date":"2013-07-13T18:12:22","date_gmt":"2013-07-13T18:12:22","guid":{"rendered":"http:\/\/fram.is\/?p=3837"},"modified":"2013-07-13T18:12:22","modified_gmt":"2013-07-13T18:12:22","slug":"framstulkur-lyftu-ser-upp-i-thridja-saeti-med-sigri-fyrir-vestan","status":"publish","type":"post","link":"https:\/\/fram.is\/is\/2013\/07\/13\/framstulkur-lyftu-ser-upp-i-thridja-saeti-med-sigri-fyrir-vestan\/","title":{"rendered":"FRAMst\u00falkur lyftu s\u00e9r upp \u00ed \u00feri\u00f0ja s\u00e6ti me\u00f0 sigri fyrir vestan"},"content":{"rendered":"<figure id=\"attachment_3839\" aria-describedby=\"caption-attachment-3839\" style=\"width: 300px\" class=\"wp-caption alignright\"><a href=\"http:\/\/fram.is\/wp-content\/uploads\/2013\/07\/image-1.jpg\"><img fetchpriority=\"high\" decoding=\"async\" class=\"size-medium wp-image-3839\" alt=\"Mynd: F\u00f3tbolti.net\" src=\"http:\/\/fram.is\/wp-content\/uploads\/2013\/07\/image-1-300x199.jpg\" width=\"300\" height=\"199\" srcset=\"https:\/\/fram.is\/wp-content\/uploads\/2013\/07\/image-1-300x199.jpg 300w, https:\/\/fram.is\/wp-content\/uploads\/2013\/07\/image-1.jpg 477w\" sizes=\"(max-width: 300px) 100vw, 300px\" \/><\/a><figcaption id=\"caption-attachment-3839\" class=\"wp-caption-text\">Mynd: F\u00f3tbolti.net<\/figcaption><\/figure>\n<p>FRAM haf\u00f0i \u00ed dag betur gegn B\u00cd\/Bolungarv\u00edk, 2-1, \u00ed A-ri\u00f0li 1.deildar kvenna \u00ed knattspyrnu og lyfti s\u00e9r \u00fear me\u00f0 upp \u00ed \u00feri\u00f0ja s\u00e6ti deildarinnar. \u00a0FRAM er n\u00fa sex stigum \u00e1 eftir toppli\u00f0um \u00cdA og Fylkis, sem eiga einn og tvo leiki til g\u00f3\u00f0a.<\/p>\n<p>Sara Lissy Chontosh skora\u00f0i fyrra mark FRAM \u00ed dag strax \u00e1 fj\u00f3r\u00f0u m\u00edn\u00fatu og markamask\u00ednan Hulda M\u00fdrdal Gunnarsd\u00f3ttir b\u00e6tti vi\u00f0 marki \u00ferett\u00e1n m\u00edn\u00fatum s\u00ed\u00f0ar. \u00a0Hulda hefur n\u00fa skora\u00f0 \u00e1tta m\u00f6rk \u00ed deildinni og er n\u00e6stmarkah\u00e6st. \u00a0Kolfinna Br\u00e1 Ewa Einarsd\u00f3ttir minnka\u00f0i muninn fyrir B\u00cd\/Bolungarv\u00edk sautj\u00e1n m\u00edn\u00fatum fyrir leikslok og \u00fear vi\u00f0 sat.<\/p>\n<p><a href=\"http:\/\/www.ksi.is\/mot\/motalisti\/leikskyrsla\/?Leikur=319123\" target=\"_blank\" rel=\"noopener noreferrer\">Leiksk\u00fdrslan.<\/a><\/p>\n<div><img decoding=\"async\" alt=\"\" src=\"http:\/\/www2.ksi.is\/ksi\/myndir\/mot\/alltaf_i_boltanum_2.jpg\" width=\"230\" height=\"47\" \/><\/div>\n<table id=\"stodu-tafla\" border=\"0\" cellspacing=\"0\">\n<tbody>\n<tr>\n<th><\/th>\n<th>F\u00c9LAG<\/th>\n<th>L<\/th>\n<th>U<\/th>\n<th>J<\/th>\n<th>T<\/th>\n<th>M\u00d6RK<\/th>\n<th>NET<\/th>\n<th>STIG<\/th>\n<\/tr>\n<tr>\n<td>1<\/td>\n<td>Fylkir<\/td>\n<td>8<\/td>\n<td>7<\/td>\n<td>1<\/td>\n<td>0<\/td>\n<td>27 \u00a0&#8211;\u00a0 \u00a0 4<\/td>\n<td>23<\/td>\n<td>22<\/td>\n<\/tr>\n<tr>\n<td>2<\/td>\n<td>\u00cdA<\/td>\n<td>9<\/td>\n<td>7<\/td>\n<td>1<\/td>\n<td>1<\/td>\n<td>27 \u00a0&#8211;\u00a0 \u00a0 4<\/td>\n<td>23<\/td>\n<td>22<\/td>\n<\/tr>\n<tr>\n<td>3<\/td>\n<td>Fram<\/td>\n<td>10<\/td>\n<td>5<\/td>\n<td>1<\/td>\n<td>4<\/td>\n<td>16 \u00a0&#8211;\u00a0 15<\/td>\n<td>1<\/td>\n<td>16<\/td>\n<\/tr>\n<tr>\n<td>4<\/td>\n<td>\u00c1lftanes<\/td>\n<td>9<\/td>\n<td>4<\/td>\n<td>2<\/td>\n<td>3<\/td>\n<td>11 \u00a0&#8211;\u00a0 12<\/td>\n<td>-1<\/td>\n<td>14<\/td>\n<\/tr>\n<tr>\n<td>5<\/td>\n<td>Haukar<\/td>\n<td>9<\/td>\n<td>4<\/td>\n<td>1<\/td>\n<td>4<\/td>\n<td>13 \u00a0&#8211;\u00a0 12<\/td>\n<td>1<\/td>\n<td>13<\/td>\n<\/tr>\n<tr>\n<td>6<\/td>\n<td>Tindast\u00f3ll<\/td>\n<td>8<\/td>\n<td>2<\/td>\n<td>3<\/td>\n<td>3<\/td>\n<td>11 \u00a0&#8211;\u00a0 10<\/td>\n<td>1<\/td>\n<td>9<\/td>\n<\/tr>\n<tr>\n<td>7<\/td>\n<td>\u00cdR<\/td>\n<td>9<\/td>\n<td>1<\/td>\n<td>3<\/td>\n<td>5<\/td>\n<td>\u00a0 9 \u00a0&#8211;\u00a0 26<\/td>\n<td>-17<\/td>\n<td>6<\/td>\n<\/tr>\n<tr>\n<td>8<\/td>\n<td>V\u00edkingur \u00d3.<\/td>\n<td>8<\/td>\n<td>1<\/td>\n<td>2<\/td>\n<td>5<\/td>\n<td>\u00a0 6 \u00a0&#8211;\u00a0 20<\/td>\n<td>-14<\/td>\n<td>5<\/td>\n<\/tr>\n<tr>\n<td>9<\/td>\n<td>B\u00cd\/Bolungarv\u00edk<\/td>\n<td>10<\/td>\n<td>1<\/td>\n<td>2<\/td>\n<td>7<\/td>\n<td>\u00a0 8 \u00a0&#8211;\u00a0 25<\/td>\n<td>-17<\/td>\n<td>5<\/td>\n<\/tr>\n<\/tbody>\n<\/table>","protected":false},"excerpt":{"rendered":"<p>FRAM haf\u00f0i \u00ed dag betur gegn B\u00cd\/Bolungarv\u00edk, 2-1, \u00ed A-ri\u00f0li 1.deildar kvenna \u00ed knattspyrnu og lyfti s\u00e9r \u00fear me\u00f0 upp \u00ed \u00feri\u00f0ja s\u00e6ti deildarinnar. \u00a0FRAM er n\u00fa sex stigum \u00e1 [&hellip;]<\/p>","protected":false},"author":3,"featured_media":3838,"comment_status":"open","ping_status":"open","sticky":false,"template":"","format":"standard","meta":{"_monsterinsights_skip_tracking":false,"_monsterinsights_sitenote_active":false,"_monsterinsights_sitenote_note":"","_monsterinsights_sitenote_category":0,"_jetpack_memberships_contains_paid_content":false,"footnotes":""},"categories":[12,9],"tags":[],"class_list":["post-3837","post","type-post","status-publish","format-standard","has-post-thumbnail","hentry","category-mflkvenna","category-fotbolti"],"jetpack_sharing_enabled":true,"jetpack_featured_media_url":"https:\/\/fram.is\/wp-content\/uploads\/2013\/07\/image-1-fors.jpg","_links":{"self":[{"href":"https:\/\/fram.is\/is\/wp-json\/wp\/v2\/posts\/3837","targetHints":{"allow":["GET"]}}],"collection":[{"href":"https:\/\/fram.is\/is\/wp-json\/wp\/v2\/posts"}],"about":[{"href":"https:\/\/fram.is\/is\/wp-json\/wp\/v2\/types\/post"}],"author":[{"embeddable":true,"href":"https:\/\/fram.is\/is\/wp-json\/wp\/v2\/users\/3"}],"replies":[{"embeddable":true,"href":"https:\/\/fram.is\/is\/wp-json\/wp\/v2\/comments?post=3837"}],"version-history":[{"count":0,"href":"https:\/\/fram.is\/is\/wp-json\/wp\/v2\/posts\/3837\/revisions"}],"wp:featuredmedia":[{"embeddable":true,"href":"https:\/\/fram.is\/is\/wp-json\/wp\/v2\/media\/3838"}],"wp:attachment":[{"href":"https:\/\/fram.is\/is\/wp-json\/wp\/v2\/media?parent=3837"}],"wp:term":[{"taxonomy":"category","embeddable":true,"href":"https:\/\/fram.is\/is\/wp-json\/wp\/v2\/categories?post=3837"},{"taxonomy":"post_tag","embeddable":true,"href":"https:\/\/fram.is\/is\/wp-json\/wp\/v2\/tags?post=3837"}],"curies":[{"name":"wp","href":"https:\/\/api.w.org\/{rel}","templated":true}]}}