{"id":3852,"date":"2013-07-16T11:42:36","date_gmt":"2013-07-16T11:42:36","guid":{"rendered":"http:\/\/fram.is\/?p=3852"},"modified":"2013-07-16T11:42:36","modified_gmt":"2013-07-16T11:42:36","slug":"samid-vid-thrjar-efnilegar-handboltastulkur","status":"publish","type":"post","link":"https:\/\/fram.is\/is\/2013\/07\/16\/samid-vid-thrjar-efnilegar-handboltastulkur\/","title":{"rendered":"Sami\u00f0 vi\u00f0 \u00ferj\u00e1r efnilegar handboltast\u00falkur"},"content":{"rendered":"<figure id=\"attachment_3854\" aria-describedby=\"caption-attachment-3854\" style=\"width: 300px\" class=\"wp-caption alignright\"><a href=\"http:\/\/fram.is\/wp-content\/uploads\/2013\/07\/\u00cdris-Smith.jpg\"><img fetchpriority=\"high\" decoding=\"async\" class=\"size-medium wp-image-3854\" alt=\"\u00cdris Smith\" src=\"http:\/\/fram.is\/wp-content\/uploads\/2013\/07\/\u00cdris-Smith-300x300.jpg\" width=\"300\" height=\"300\" \/><\/a><figcaption id=\"caption-attachment-3854\" class=\"wp-caption-text\">\u00cdris Krist\u00edn Smith<\/figcaption><\/figure>\n<p>Handknattleiksdeild FRAM hefur gengi\u00f0 fr\u00e1 samningum vi\u00f0 fleiri unga og efnilega leikmenn sem ger\u00f0ar eru vonir um a\u00f0 ver\u00f0i \u00ed lykilhlutverkum \u00ed meistaraflokki kvenna \u00e1 komandi \u00e1rum.<\/p>\n<p><b>\u00cdris Krist\u00edn Smith<br \/>\n<\/b>\u00a0\u00cdris er f\u00e6dd \u00ed ma\u00ed 1994 og er \u00fev\u00ed n\u00fdlega or\u00f0in 19 \u00e1ra.<br \/>\n\u00cdris leikur \u00ed st\u00f6\u00f0u vinstri hornamanns en hefur einnig leiki\u00f0 \u00ed h\u00e6gra horni.<br \/>\n\u00cdris var vi\u00f0lo\u00f0andi \u00e6fingah\u00f3p meistaraflokks kvenna \u00e1 s\u00ed\u00f0asta \u00e1ri.<br \/>\n\u00cdris hefur \u00e1tt s\u00e6ti \u00ed yngri landsli\u00f0um \u00cdslands.<\/p>\n<p><b>Hafd\u00eds Lilja Torfad\u00f3ttir<br \/>\n<\/b>\u00a0Hafd\u00eds er f\u00e6dd \u00ed j\u00fal\u00ed 1997 og er \u00fev\u00ed n\u00fd or\u00f0in 16 \u00e1ra.<br \/>\nHafd\u00eds er markma\u00f0ur.<br \/>\nHafd\u00eds hefur veri\u00f0 \u00ed \u00e6fingah\u00f3pi meistaraflokks kvenna undanfari\u00f0.\u00a0 H\u00fan l\u00e9k sinn fyrsta leik me\u00f0<br \/>\nmeistaraflokki veturinn 2011 &#8211; 2102, \u00fe\u00e1 einungis 14 \u00e1ra g\u00f6mul.<br \/>\nHafd\u00eds hefur \u00e1 undanf\u00f6rnum \u00e1rum \u00e1tt fast s\u00e6ti \u00ed yngri landsli\u00f0um \u00cdslands.<\/p>\n<p><b>Hulda Dagsd\u00f3ttir<br \/>\n<\/b>\u00a0Hulda er f\u00e6dd \u00ed jan\u00faar 1997 og er \u00fev\u00ed n\u00fdlega or\u00f0in 16 \u00e1ra.<br \/>\nHulda leikur \u00ed st\u00f6\u00f0u vinstri skyttu og mi\u00f0jumanns.<br \/>\nHulda hefur \u00e1 undanf\u00f6rnum \u00e1rum \u00e1tt fast s\u00e6ti \u00ed yngri landsli\u00f0um \u00cdslands.<\/p>\n<p>\u00dea\u00f0 er miki\u00f0 fagna\u00f0arefni fyrir handknattleiksdeild FRAM a\u00f0 hafa sami\u00f0 vi\u00f0 \u00feessar st\u00falkur og v\u00e6ntir FRAM mikils af \u00feeim \u00e1 n\u00e6stu \u00e1rum. \u00de\u00e6r munu vonandi leika st\u00f3rt hlutverk \u00ed \u00f6flugu li\u00f0i meistaraflokks kvenna um \u00f3komin \u00e1r.<\/p>","protected":false},"excerpt":{"rendered":"<p>Handknattleiksdeild FRAM hefur gengi\u00f0 fr\u00e1 samningum vi\u00f0 fleiri unga og efnilega leikmenn sem ger\u00f0ar eru vonir um a\u00f0 ver\u00f0i \u00ed lykilhlutverkum \u00ed meistaraflokki kvenna \u00e1 komandi \u00e1rum. \u00cdris Krist\u00edn Smith [&hellip;]<\/p>","protected":false},"author":3,"featured_media":3853,"comment_status":"open","ping_status":"open","sticky":false,"template":"","format":"standard","meta":{"_monsterinsights_skip_tracking":false,"_monsterinsights_sitenote_active":false,"_monsterinsights_sitenote_note":"","_monsterinsights_sitenote_category":0,"_jetpack_memberships_contains_paid_content":false,"footnotes":""},"categories":[6,15],"tags":[],"class_list":["post-3852","post","type-post","status-publish","format-standard","has-post-thumbnail","hentry","category-handbolti","category-mfl-kvenna"],"jetpack_sharing_enabled":true,"jetpack_featured_media_url":"https:\/\/fram.is\/wp-content\/uploads\/2013\/07\/ris-Smith-fors.jpg","_links":{"self":[{"href":"https:\/\/fram.is\/is\/wp-json\/wp\/v2\/posts\/3852","targetHints":{"allow":["GET"]}}],"collection":[{"href":"https:\/\/fram.is\/is\/wp-json\/wp\/v2\/posts"}],"about":[{"href":"https:\/\/fram.is\/is\/wp-json\/wp\/v2\/types\/post"}],"author":[{"embeddable":true,"href":"https:\/\/fram.is\/is\/wp-json\/wp\/v2\/users\/3"}],"replies":[{"embeddable":true,"href":"https:\/\/fram.is\/is\/wp-json\/wp\/v2\/comments?post=3852"}],"version-history":[{"count":0,"href":"https:\/\/fram.is\/is\/wp-json\/wp\/v2\/posts\/3852\/revisions"}],"wp:featuredmedia":[{"embeddable":true,"href":"https:\/\/fram.is\/is\/wp-json\/wp\/v2\/media\/3853"}],"wp:attachment":[{"href":"https:\/\/fram.is\/is\/wp-json\/wp\/v2\/media?parent=3852"}],"wp:term":[{"taxonomy":"category","embeddable":true,"href":"https:\/\/fram.is\/is\/wp-json\/wp\/v2\/categories?post=3852"},{"taxonomy":"post_tag","embeddable":true,"href":"https:\/\/fram.is\/is\/wp-json\/wp\/v2\/tags?post=3852"}],"curies":[{"name":"wp","href":"https:\/\/api.w.org\/{rel}","templated":true}]}}