{"id":38522,"date":"2024-03-18T16:08:56","date_gmt":"2024-03-18T16:08:56","guid":{"rendered":"https:\/\/fram.is\/?p=38522"},"modified":"2024-03-18T16:09:15","modified_gmt":"2024-03-18T16:09:15","slug":"aefingaferd-fram-a-spani-gengur-vel","status":"publish","type":"post","link":"https:\/\/fram.is\/is\/2024\/03\/18\/aefingaferd-fram-a-spani-gengur-vel\/","title":{"rendered":"\u00c6fingafer\u00f0 Fram \u00e1 Sp\u00e1ni gengur vel"},"content":{"rendered":"<div data-elementor-type=\"wp-post\" data-elementor-id=\"38522\" class=\"elementor elementor-38522\" data-elementor-post-type=\"post\">\n\t\t\t\t<section class=\"elementor-section elementor-top-section elementor-element elementor-element-21566557 elementor-section-boxed elementor-section-height-default elementor-section-height-default\" data-id=\"21566557\" data-element_type=\"section\">\n\t\t\t\t\t\t<div class=\"elementor-container elementor-column-gap-default\">\n\t\t\t\t\t<div class=\"elementor-column elementor-col-100 elementor-top-column elementor-element elementor-element-5454bc96\" data-id=\"5454bc96\" data-element_type=\"column\">\n\t\t\t<div class=\"elementor-widget-wrap elementor-element-populated\">\n\t\t\t\t\t\t<div class=\"elementor-element elementor-element-d624d6f elementor-widget elementor-widget-text-editor\" data-id=\"d624d6f\" data-element_type=\"widget\" data-widget_type=\"text-editor.default\">\n\t\t\t\t<div class=\"elementor-widget-container\">\n\t\t\t\t\t\t\t\t\t<p><\/p>\n<p><img fetchpriority=\"high\" decoding=\"async\" class=\"size-medium wp-image-38526 alignright\" src=\"https:\/\/fram.is\/wp-content\/uploads\/2024\/03\/AEfingaferd-i-Salu-IV-240x300.jpg\" alt=\"\" width=\"240\" height=\"300\" srcset=\"https:\/\/fram.is\/wp-content\/uploads\/2024\/03\/AEfingaferd-i-Salu-IV-240x300.jpg 240w, https:\/\/fram.is\/wp-content\/uploads\/2024\/03\/AEfingaferd-i-Salu-IV-819x1024.jpg 819w, https:\/\/fram.is\/wp-content\/uploads\/2024\/03\/AEfingaferd-i-Salu-IV-768x960.jpg 768w, https:\/\/fram.is\/wp-content\/uploads\/2024\/03\/AEfingaferd-i-Salu-IV-1229x1536.jpg 1229w, https:\/\/fram.is\/wp-content\/uploads\/2024\/03\/AEfingaferd-i-Salu-IV-1638x2048.jpg 1638w, https:\/\/fram.is\/wp-content\/uploads\/2024\/03\/AEfingaferd-i-Salu-IV-10x12.jpg 10w, https:\/\/fram.is\/wp-content\/uploads\/2024\/03\/AEfingaferd-i-Salu-IV-800x1000.jpg 800w, https:\/\/fram.is\/wp-content\/uploads\/2024\/03\/AEfingaferd-i-Salu-IV-scaled.jpg 2048w\" sizes=\"(max-width: 240px) 100vw, 240px\" \/>N\u00fa eru \u00fer\u00edr dagar li\u00f0nir af \u00e6fingafer\u00f0 meistaraflokka f\u00e9lagsins og h\u00f3parnir farnir a\u00f0 sl\u00edpast vel saman.<br>Ve\u00f0ri\u00f0 heldur \u00e1fram a\u00f0 leika vi\u00f0 okkur h\u00e9r \u00ed Salou. S\u00f3l og g\u00f3\u00f0ur hiti meira e\u00f0a minna allan t\u00edmann og allir a\u00f0 nj\u00f3ta s\u00edn vel. <br>F\u00f6studag og laugardag voru st\u00edfar \u00e6fingar en svo var laugardagskv\u00f6ldi\u00f0 teki\u00f0 \u00ed &nbsp;g\u00f3\u00f0an mat og sm\u00e1 stu\u00f0.&nbsp;<\/p>\n<p>\u00dej\u00e1lfarateymin sameinu\u00f0ust yfir g\u00f3\u00f0ri steik \u00fear sem \u00d3skar Sm\u00e1ri, \u00fej\u00e1lfari meistaraflokks kvenna, gat \u00fatsk\u00fdrt fyrir R\u00fanari, \u00fej\u00e1lfara meistaraflokks karla, \u00ed l\u00f6ngu m\u00e1li hvernig ferill hans hj\u00e1 Tindast\u00f3l v\u00e6ri fullkomlega samb\u00e6rilegur vi\u00f0 feril R\u00fanars hj\u00e1 landsli\u00f0inu og Lokeren \u00ed Belg\u00edu.<\/p>\n<p>Leikmenn beggja li\u00f0a \u00e1ttu fr\u00e1b\u00e6rt kv\u00f6ld \u00fear sem margir s\u00fdndu st\u00f3rkostlega takta hvort sem um var a\u00f0 r\u00e6\u00f0a rapp, battl, uppistand e\u00f0a s\u00f6ng.<\/p>\n<p>Sunnudagur var svo tekinn&nbsp;\u00ed hv\u00edld, r\u00f3legheit og batter\u00edin hla\u00f0in fyrir komandi \u00e1t\u00f6k. Framundan eru \u00fer\u00edr grj\u00f3thar\u00f0ir \u00e6fingadagar \u00e1\u00f0ur en kemur a\u00f0 heimfer\u00f0.&nbsp;<\/p>\n<p>Myndir h\u00e9r:&nbsp;<br><a href=\"https:\/\/framphotos.pixieset.com\/2024-fingafersalou\/\" target=\"_blank\" rel=\"noopener\">https:\/\/framphotos.pixieset.com\/2024-fingafersalou\/<\/a><\/p>\n<p><\/p>\n<p><\/p>\t\t\t\t\t\t\t\t<\/div>\n\t\t\t\t<\/div>\n\t\t\t\t\t<\/div>\n\t\t<\/div>\n\t\t\t\t\t<\/div>\n\t\t<\/section>\t\t<\/div>","protected":false},"excerpt":{"rendered":"<p>N\u00fa eru \u00fer\u00edr dagar li\u00f0nir af \u00e6fingafer\u00f0 meistaraflokka f\u00e9lagsins og h\u00f3parnir farnir a\u00f0 sl\u00edpast vel saman.Ve\u00f0ri\u00f0 heldur \u00e1fram a\u00f0 leika vi\u00f0 okkur h\u00e9r \u00ed Salou. S\u00f3l og g\u00f3\u00f0ur hiti meira [&hellip;]<\/p>","protected":false},"author":5,"featured_media":38524,"comment_status":"closed","ping_status":"closed","sticky":false,"template":"","format":"standard","meta":{"_monsterinsights_skip_tracking":false,"_monsterinsights_sitenote_active":false,"_monsterinsights_sitenote_note":"","_monsterinsights_sitenote_category":0,"_jetpack_memberships_contains_paid_content":false,"footnotes":""},"categories":[9],"tags":[],"class_list":["post-38522","post","type-post","status-publish","format-standard","has-post-thumbnail","hentry","category-fotbolti"],"jetpack_sharing_enabled":true,"jetpack_featured_media_url":"https:\/\/fram.is\/wp-content\/uploads\/2024\/03\/AEfingaferd-i-Salu-III-scaled.jpg","_links":{"self":[{"href":"https:\/\/fram.is\/is\/wp-json\/wp\/v2\/posts\/38522","targetHints":{"allow":["GET"]}}],"collection":[{"href":"https:\/\/fram.is\/is\/wp-json\/wp\/v2\/posts"}],"about":[{"href":"https:\/\/fram.is\/is\/wp-json\/wp\/v2\/types\/post"}],"author":[{"embeddable":true,"href":"https:\/\/fram.is\/is\/wp-json\/wp\/v2\/users\/5"}],"replies":[{"embeddable":true,"href":"https:\/\/fram.is\/is\/wp-json\/wp\/v2\/comments?post=38522"}],"version-history":[{"count":5,"href":"https:\/\/fram.is\/is\/wp-json\/wp\/v2\/posts\/38522\/revisions"}],"predecessor-version":[{"id":38529,"href":"https:\/\/fram.is\/is\/wp-json\/wp\/v2\/posts\/38522\/revisions\/38529"}],"wp:featuredmedia":[{"embeddable":true,"href":"https:\/\/fram.is\/is\/wp-json\/wp\/v2\/media\/38524"}],"wp:attachment":[{"href":"https:\/\/fram.is\/is\/wp-json\/wp\/v2\/media?parent=38522"}],"wp:term":[{"taxonomy":"category","embeddable":true,"href":"https:\/\/fram.is\/is\/wp-json\/wp\/v2\/categories?post=38522"},{"taxonomy":"post_tag","embeddable":true,"href":"https:\/\/fram.is\/is\/wp-json\/wp\/v2\/tags?post=38522"}],"curies":[{"name":"wp","href":"https:\/\/api.w.org\/{rel}","templated":true}]}}