{"id":39115,"date":"2024-04-19T13:29:22","date_gmt":"2024-04-19T13:29:22","guid":{"rendered":"https:\/\/fram.is\/?p=39115"},"modified":"2024-04-19T13:30:35","modified_gmt":"2024-04-19T13:30:35","slug":"soldis-ros-framlengir-til-2026","status":"publish","type":"post","link":"https:\/\/fram.is\/is\/2024\/04\/19\/soldis-ros-framlengir-til-2026\/","title":{"rendered":"S\u00f3ld\u00eds R\u00f3s framlengir til 2026"},"content":{"rendered":"<div data-elementor-type=\"wp-post\" data-elementor-id=\"39115\" class=\"elementor elementor-39115\" data-elementor-post-type=\"post\">\n\t\t\t\t<section class=\"elementor-section elementor-top-section elementor-element elementor-element-262c2762 elementor-section-boxed elementor-section-height-default elementor-section-height-default\" data-id=\"262c2762\" data-element_type=\"section\">\n\t\t\t\t\t\t<div class=\"elementor-container elementor-column-gap-default\">\n\t\t\t\t\t<div class=\"elementor-column elementor-col-100 elementor-top-column elementor-element elementor-element-29682e0\" data-id=\"29682e0\" data-element_type=\"column\">\n\t\t\t<div class=\"elementor-widget-wrap elementor-element-populated\">\n\t\t\t\t\t\t<div class=\"elementor-element elementor-element-1cd7c575 elementor-widget elementor-widget-text-editor\" data-id=\"1cd7c575\" data-element_type=\"widget\" data-widget_type=\"text-editor.default\">\n\t\t\t\t<div class=\"elementor-widget-container\"><p>Handknattleiksdeild Fram hefur gengi\u00f0 fr\u00e1 n\u00fdjum samningi vi\u00f0 einn af yngri og efnilegri leikm\u00f6nnum s\u00ednum, S\u00f3ld\u00edsi R\u00f3s Ragnarsd\u00f3ttir.\u00a0 Samningur \u00feessi er til tveggja \u00e1ra e\u00f0a \u00fat t\u00edmabili\u00f0 2025 \u2013 2026.<\/p><p><img fetchpriority=\"high\" decoding=\"async\" class=\"alignnone size-full wp-image-39118\" src=\"https:\/\/fram.is\/wp-content\/uploads\/2024\/04\/Soldis-Ros.jpg\" alt=\"\" width=\"800\" height=\"800\" srcset=\"https:\/\/fram.is\/wp-content\/uploads\/2024\/04\/Soldis-Ros.jpg 800w, https:\/\/fram.is\/wp-content\/uploads\/2024\/04\/Soldis-Ros-300x300.jpg 300w, https:\/\/fram.is\/wp-content\/uploads\/2024\/04\/Soldis-Ros-150x150.jpg 150w, https:\/\/fram.is\/wp-content\/uploads\/2024\/04\/Soldis-Ros-768x768.jpg 768w, https:\/\/fram.is\/wp-content\/uploads\/2024\/04\/Soldis-Ros-12x12.jpg 12w, https:\/\/fram.is\/wp-content\/uploads\/2024\/04\/Soldis-Ros-100x100.jpg 100w\" sizes=\"(max-width: 800px) 100vw, 800px\" \/>S\u00f3ld\u00eds R\u00f3s er f\u00e6dd \u00e1ri\u00f0 2005 og ver\u00f0ur \u00fev\u00ed 19 \u00e1ra \u00e1 \u00feessu \u00e1ri.\u00a0 H\u00fan leikur a\u00f0allega sem vinstri skytta en er fj\u00f6lh\u00e6fur leikma\u00f0ur sem getur leiki\u00f0 \u00ed \u00f6llum st\u00f6\u00f0um fyrir utan.<\/p><p>S\u00f3ld\u00eds R\u00f3s hefur veri\u00f0 \u00ed leikmannah\u00f3pi meistaraflokks Fram \u00ed OL\u00cdS deildinni \u00ed 20 leikjum af 21 \u00ed vetur og skora\u00f0 \u00fear sj\u00f6 m\u00f6rk.<\/p><p>H\u00fan hefur veri\u00f0 \u00ed st\u00f3ru hlutverki \u00ed U li\u00f0i Fram \u00ed Grill deildinni \u00ed vetur.\u00a0 \u00dear hefur h\u00fan leiki\u00f0 16 af 18 leikjum li\u00f0sins og skora\u00f0 \u00fear 94 m\u00f6rk e\u00f0a 5,875 m\u00f6rk a\u00f0 me\u00f0altali \u00ed leik, og var\u00f0 sj\u00f6tti markah\u00e6sti leikma\u00f0ur Grill deildarinnar \u00ed vetur.<\/p><p>S\u00f3ld\u00eds R\u00f3s hefur einnig leiki\u00f0 me\u00f0 3ja flokki \u00ed vetur.\u00a0 H\u00fan hefur leiki\u00f0 \u00fear alls 11 leiki \u00ed vetur og skora\u00f0 \u00fear 92 m\u00f6rk sem gerir 8,363 m\u00f6rk a\u00f0 me\u00f0altali \u00ed leik.<\/p><p>S\u00f3ld\u00eds R\u00f3s var\u00f0 einnig bikarmeistari me\u00f0 3ja flokki \u00ed vetur og skora\u00f0i ein 6 m\u00f6rk \u00ed \u00farslitaleik um \u00feann titill.<\/p><p>\u00dea\u00f0 er Handknattleiksdeild Fram mikil \u00e1n\u00e6gja a\u00f0 hafa tryggt s\u00e9r krafta S\u00f3ld\u00edsar R\u00f3sar til n\u00e6stu tveggja \u00e1ra.\u00a0 Handknattleiksdeild Fram s\u00e9r hana sem einn af framt\u00ed\u00f0arleikm\u00f6nnum f\u00e9lagsins og hluta af \u00feeim h\u00f3pi sem mun ver\u00f0a \u00ed lykilhluverki \u00ed Fram li\u00f0inu \u00e1 komandi \u00e1rum.<\/p><\/div>\n\t\t\t\t<\/div>\n\t\t\t\t\t<\/div>\n\t\t<\/div>\n\t\t\t\t\t<\/div>\n\t\t<\/section>\t\t<\/div>","protected":false},"excerpt":{"rendered":"<p>Handknattleiksdeild Fram hefur gengi\u00f0 fr\u00e1 n\u00fdjum samningi vi\u00f0 einn af yngri og efnilegri leikm\u00f6nnum s\u00ednum, S\u00f3ld\u00edsi R\u00f3s Ragnarsd\u00f3ttir.\u00a0 Samningur \u00feessi er til tveggja \u00e1ra e\u00f0a \u00fat t\u00edmabili\u00f0 2025 \u2013 2026. [&hellip;]<\/p>","protected":false},"author":5,"featured_media":39116,"comment_status":"closed","ping_status":"closed","sticky":false,"template":"","format":"standard","meta":{"_monsterinsights_skip_tracking":false,"_monsterinsights_sitenote_active":false,"_monsterinsights_sitenote_note":"","_monsterinsights_sitenote_category":0,"_jetpack_memberships_contains_paid_content":false,"footnotes":""},"categories":[15,6],"tags":[],"class_list":["post-39115","post","type-post","status-publish","format-standard","has-post-thumbnail","hentry","category-mfl-kvenna","category-handbolti"],"jetpack_sharing_enabled":true,"jetpack_featured_media_url":"https:\/\/fram.is\/wp-content\/uploads\/2024\/04\/Soldis-Ros-vefur.jpg","_links":{"self":[{"href":"https:\/\/fram.is\/is\/wp-json\/wp\/v2\/posts\/39115","targetHints":{"allow":["GET"]}}],"collection":[{"href":"https:\/\/fram.is\/is\/wp-json\/wp\/v2\/posts"}],"about":[{"href":"https:\/\/fram.is\/is\/wp-json\/wp\/v2\/types\/post"}],"author":[{"embeddable":true,"href":"https:\/\/fram.is\/is\/wp-json\/wp\/v2\/users\/5"}],"replies":[{"embeddable":true,"href":"https:\/\/fram.is\/is\/wp-json\/wp\/v2\/comments?post=39115"}],"version-history":[{"count":4,"href":"https:\/\/fram.is\/is\/wp-json\/wp\/v2\/posts\/39115\/revisions"}],"predecessor-version":[{"id":39121,"href":"https:\/\/fram.is\/is\/wp-json\/wp\/v2\/posts\/39115\/revisions\/39121"}],"wp:featuredmedia":[{"embeddable":true,"href":"https:\/\/fram.is\/is\/wp-json\/wp\/v2\/media\/39116"}],"wp:attachment":[{"href":"https:\/\/fram.is\/is\/wp-json\/wp\/v2\/media?parent=39115"}],"wp:term":[{"taxonomy":"category","embeddable":true,"href":"https:\/\/fram.is\/is\/wp-json\/wp\/v2\/categories?post=39115"},{"taxonomy":"post_tag","embeddable":true,"href":"https:\/\/fram.is\/is\/wp-json\/wp\/v2\/tags?post=39115"}],"curies":[{"name":"wp","href":"https:\/\/api.w.org\/{rel}","templated":true}]}}