{"id":39123,"date":"2024-04-19T14:52:23","date_gmt":"2024-04-19T14:52:23","guid":{"rendered":"https:\/\/fram.is\/?p=39123"},"modified":"2024-04-19T14:53:08","modified_gmt":"2024-04-19T14:53:08","slug":"kristrun-skrifar-undir-nyjan-samning","status":"publish","type":"post","link":"https:\/\/fram.is\/is\/2024\/04\/19\/kristrun-skrifar-undir-nyjan-samning\/","title":{"rendered":"Kristr\u00fan skrifar undir n\u00fdjan samning!"},"content":{"rendered":"<div data-elementor-type=\"wp-post\" data-elementor-id=\"39123\" class=\"elementor elementor-39123\" data-elementor-post-type=\"post\">\n\t\t\t\t\t\t<section class=\"elementor-section elementor-top-section elementor-element elementor-element-12899e0 elementor-section-boxed elementor-section-height-default elementor-section-height-default\" data-id=\"12899e0\" data-element_type=\"section\">\n\t\t\t\t\t\t<div class=\"elementor-container elementor-column-gap-default\">\n\t\t\t\t\t<div class=\"elementor-column elementor-col-100 elementor-top-column elementor-element elementor-element-52670db\" data-id=\"52670db\" data-element_type=\"column\">\n\t\t\t<div class=\"elementor-widget-wrap elementor-element-populated\">\n\t\t\t\t\t\t<div class=\"elementor-element elementor-element-cf2a14f elementor-widget elementor-widget-text-editor\" data-id=\"cf2a14f\" data-element_type=\"widget\" data-widget_type=\"text-editor.default\">\n\t\t\t\t<div class=\"elementor-widget-container\">\n\t\t\t\t\t\t\t\t\t<div class=\"xdj266r x11i5rnm xat24cr x1mh8g0r x1vvkbs x126k92a\"><div dir=\"auto\"><span style=\"color: var( --e-global-color-text ); font-family: var( --e-global-typography-text-font-family ), Sans-serif; font-weight: var( --e-global-typography-text-font-weight ); font-size: 1rem;\">Kristr\u00fan Stein\u00fe\u00f3rsd\u00f3ttir hefur skrifa\u00f0 undir n\u00fdjan \u00feriggja \u00e1ra samning vi\u00f0 Fram.<\/span><\/div><div dir=\"auto\"><span style=\"color: var( --e-global-color-text ); font-family: var( --e-global-typography-text-font-family ), Sans-serif; font-weight: var( --e-global-typography-text-font-weight ); font-size: 1rem;\">\u00a0<\/span><\/div><\/div><div class=\"x11i5rnm xat24cr x1mh8g0r x1vvkbs xtlvy1s x126k92a\"><div dir=\"auto\">Kristr\u00fan hefur spila\u00f0 me\u00f0 meistaraflokki kvenna fr\u00e1 2019 og er \u00ed dag einn af bur\u00f0arst\u00f3lpum li\u00f0sins. H\u00fan hefur reynst li\u00f0inu mikilv\u00e6g enda teki\u00f0 \u00fe\u00e1tt \u00ed \u00f6llum deildarleikjum li\u00f0sins \u00ed vetur sem mi\u00f0juma\u00f0ur og skytta, og skora\u00f0 \u00fear 36 m\u00f6rk. \u00de\u00e1 er h\u00fan jafnframt \u00f6flugur varnarma\u00f0ur. Kristr\u00fan er reyndur leikma\u00f0ur og g\u00f3\u00f0 fyrirmynd fyrir yngri leikmenn.<\/div><div dir=\"auto\">\u00a0<\/div><\/div><div class=\"x11i5rnm xat24cr x1mh8g0r x1vvkbs xtlvy1s x126k92a\"><div dir=\"auto\">\u201e\u00dea\u00f0 er \u00e1n\u00e6gjulegt a\u00f0 framlengja samning vi\u00f0 Kristr\u00fanu. H\u00fan er mikilv\u00e6gur hlekkur \u00ed \u00f6flugu li\u00f0i Fram og vi\u00f0 munum nj\u00f3ta g\u00f3\u00f0s af \u00fev\u00ed a\u00f0 hafa hana \u00e1fram \u00ed li\u00f0inu. H\u00fan hefur spila\u00f0 mikilv\u00e6gt hlutverk \u00ed \u00feeim \u00e1rangri sem li\u00f0i hefur n\u00e1\u00f0 \u00e1 t\u00edmabiliu,\u201c segir Einar J\u00f3nsson, \u00fej\u00e1lfari meistaraflokks kvenna.<\/div><\/div>\t\t\t\t\t\t\t\t<\/div>\n\t\t\t\t<\/div>\n\t\t\t\t\t<\/div>\n\t\t<\/div>\n\t\t\t\t\t<\/div>\n\t\t<\/section>\n\t\t\t\t<section class=\"elementor-section elementor-top-section elementor-element elementor-element-f15e016 elementor-section-boxed elementor-section-height-default elementor-section-height-default\" data-id=\"f15e016\" data-element_type=\"section\">\n\t\t\t\t\t\t<div class=\"elementor-container elementor-column-gap-default\">\n\t\t\t\t\t<div class=\"elementor-column elementor-col-100 elementor-top-column elementor-element elementor-element-3c7d1b3\" data-id=\"3c7d1b3\" data-element_type=\"column\">\n\t\t\t<div class=\"elementor-widget-wrap elementor-element-populated\">\n\t\t\t\t\t\t<div class=\"elementor-element elementor-element-8b1a55c elementor-widget elementor-widget-image\" data-id=\"8b1a55c\" data-element_type=\"widget\" data-widget_type=\"image.default\">\n\t\t\t\t<div class=\"elementor-widget-container\">\n\t\t\t\t\t\t\t\t\t\t\t\t\t\t\t<img fetchpriority=\"high\" decoding=\"async\" width=\"800\" height=\"800\" src=\"https:\/\/fram.is\/wp-content\/uploads\/2024\/04\/436516323_942645261194760_8367901908206088897_n.jpg\" class=\"attachment-large size-large wp-image-39125\" alt=\"\" srcset=\"https:\/\/fram.is\/wp-content\/uploads\/2024\/04\/436516323_942645261194760_8367901908206088897_n.jpg 843w, https:\/\/fram.is\/wp-content\/uploads\/2024\/04\/436516323_942645261194760_8367901908206088897_n-300x300.jpg 300w, https:\/\/fram.is\/wp-content\/uploads\/2024\/04\/436516323_942645261194760_8367901908206088897_n-150x150.jpg 150w, https:\/\/fram.is\/wp-content\/uploads\/2024\/04\/436516323_942645261194760_8367901908206088897_n-768x768.jpg 768w, https:\/\/fram.is\/wp-content\/uploads\/2024\/04\/436516323_942645261194760_8367901908206088897_n-12x12.jpg 12w, https:\/\/fram.is\/wp-content\/uploads\/2024\/04\/436516323_942645261194760_8367901908206088897_n-800x800.jpg 800w, https:\/\/fram.is\/wp-content\/uploads\/2024\/04\/436516323_942645261194760_8367901908206088897_n-100x100.jpg 100w\" sizes=\"(max-width: 800px) 100vw, 800px\" \/>\t\t\t\t\t\t\t\t\t\t\t\t\t\t\t<\/div>\n\t\t\t\t<\/div>\n\t\t\t\t\t<\/div>\n\t\t<\/div>\n\t\t\t\t\t<\/div>\n\t\t<\/section>\n\t\t\t\t<\/div>","protected":false},"excerpt":{"rendered":"<p>Kristr\u00fan Stein\u00fe\u00f3rsd\u00f3ttir hefur skrifa\u00f0 undir n\u00fdjan \u00feriggja \u00e1ra samning vi\u00f0 Fram.\u00a0Kristr\u00fan hefur spila\u00f0 me\u00f0 meistaraflokki kvenna fr\u00e1 2019 og er \u00ed dag einn af bur\u00f0arst\u00f3lpum li\u00f0sins. H\u00fan hefur reynst li\u00f0inu [&hellip;]<\/p>","protected":false},"author":7,"featured_media":39125,"comment_status":"closed","ping_status":"closed","sticky":false,"template":"","format":"standard","meta":{"_monsterinsights_skip_tracking":false,"_monsterinsights_sitenote_active":false,"_monsterinsights_sitenote_note":"","_monsterinsights_sitenote_category":0,"_jetpack_memberships_contains_paid_content":false,"footnotes":""},"categories":[6],"tags":[],"class_list":["post-39123","post","type-post","status-publish","format-standard","has-post-thumbnail","hentry","category-handbolti"],"jetpack_sharing_enabled":true,"jetpack_featured_media_url":"https:\/\/fram.is\/wp-content\/uploads\/2024\/04\/436516323_942645261194760_8367901908206088897_n.jpg","_links":{"self":[{"href":"https:\/\/fram.is\/is\/wp-json\/wp\/v2\/posts\/39123","targetHints":{"allow":["GET"]}}],"collection":[{"href":"https:\/\/fram.is\/is\/wp-json\/wp\/v2\/posts"}],"about":[{"href":"https:\/\/fram.is\/is\/wp-json\/wp\/v2\/types\/post"}],"author":[{"embeddable":true,"href":"https:\/\/fram.is\/is\/wp-json\/wp\/v2\/users\/7"}],"replies":[{"embeddable":true,"href":"https:\/\/fram.is\/is\/wp-json\/wp\/v2\/comments?post=39123"}],"version-history":[{"count":4,"href":"https:\/\/fram.is\/is\/wp-json\/wp\/v2\/posts\/39123\/revisions"}],"predecessor-version":[{"id":39128,"href":"https:\/\/fram.is\/is\/wp-json\/wp\/v2\/posts\/39123\/revisions\/39128"}],"wp:featuredmedia":[{"embeddable":true,"href":"https:\/\/fram.is\/is\/wp-json\/wp\/v2\/media\/39125"}],"wp:attachment":[{"href":"https:\/\/fram.is\/is\/wp-json\/wp\/v2\/media?parent=39123"}],"wp:term":[{"taxonomy":"category","embeddable":true,"href":"https:\/\/fram.is\/is\/wp-json\/wp\/v2\/categories?post=39123"},{"taxonomy":"post_tag","embeddable":true,"href":"https:\/\/fram.is\/is\/wp-json\/wp\/v2\/tags?post=39123"}],"curies":[{"name":"wp","href":"https:\/\/api.w.org\/{rel}","templated":true}]}}