{"id":39155,"date":"2024-04-20T21:36:20","date_gmt":"2024-04-20T21:36:20","guid":{"rendered":"https:\/\/fram.is\/?p=39155"},"modified":"2024-04-20T21:43:45","modified_gmt":"2024-04-20T21:43:45","slug":"modurskipid","status":"publish","type":"post","link":"https:\/\/fram.is\/is\/2024\/04\/20\/modurskipid\/","title":{"rendered":"M\u00f3\u00f0urskipi\u00f0"},"content":{"rendered":"<div data-elementor-type=\"wp-post\" data-elementor-id=\"39155\" class=\"elementor elementor-39155\" data-elementor-post-type=\"post\">\n\t\t\t\t<section class=\"elementor-section elementor-top-section elementor-element elementor-element-350e2fdb elementor-section-boxed elementor-section-height-default elementor-section-height-default\" data-id=\"350e2fdb\" data-element_type=\"section\">\n\t\t\t\t\t\t<div class=\"elementor-container elementor-column-gap-default\">\n\t\t\t\t\t<div class=\"elementor-column elementor-col-100 elementor-top-column elementor-element elementor-element-64faf0d6\" data-id=\"64faf0d6\" data-element_type=\"column\">\n\t\t\t<div class=\"elementor-widget-wrap elementor-element-populated\">\n\t\t\t\t\t\t<div class=\"elementor-element elementor-element-318363fa elementor-widget elementor-widget-text-editor\" data-id=\"318363fa\" data-element_type=\"widget\" data-widget_type=\"text-editor.default\">\n\t\t\t\t<div class=\"elementor-widget-container\"><p><img fetchpriority=\"high\" decoding=\"async\" class=\"alignnone size-full wp-image-39158\" src=\"https:\/\/fram.is\/wp-content\/uploads\/2024\/04\/kenny-gegn-KR.jpg\" alt=\"\" width=\"799\" height=\"533\" srcset=\"https:\/\/fram.is\/wp-content\/uploads\/2024\/04\/kenny-gegn-KR.jpg 799w, https:\/\/fram.is\/wp-content\/uploads\/2024\/04\/kenny-gegn-KR-300x200.jpg 300w, https:\/\/fram.is\/wp-content\/uploads\/2024\/04\/kenny-gegn-KR-768x512.jpg 768w, https:\/\/fram.is\/wp-content\/uploads\/2024\/04\/kenny-gegn-KR-18x12.jpg 18w\" sizes=\"(max-width: 799px) 100vw, 799px\" \/><br \/><br \/>Um daginn birti h\u00f3pur stu\u00f0ningsmanna Knattspyrnuf\u00e9lags Reykjav\u00edkur heils\u00ed\u00f0uaugl\u00fdsingu \u00ed Morgunbla\u00f0inu. \u00dear voru rakin \u00fdmis afrek karlaflokka KR \u00ed f\u00f3tbolta og fullyrt \u00e1 \u00feeim grunni a\u00f0 KR v\u00e6ri st\u00f3rveldi og raunar eina st\u00f3rveldi\u00f0 \u00e1 \u00cdslandi. \u00ddmsir brug\u00f0ust illa vi\u00f0 \u00feessari augl\u00fdsingu og t\u00f6ldu a\u00f0 h\u00e9r v\u00e6ri \u00e1 fer\u00f0inni \u00f3\u00fearfa gorgeir og sperril\u00e6ti. Fr\u00e9ttaritari Frams\u00ed\u00f0unnar er \u00f3samm\u00e1la \u00fev\u00ed. KR er f\u00e9lag sem hefur a\u00f0 baki fj\u00f6lda titla og mikla sigurg\u00f6ngu. \u00dea\u00f0 er fullkomlega r\u00e9ttm\u00e6tt a\u00f0 kalla KR st\u00f3rveldi og jafnvel \u00fea\u00f0 eina sl\u00edka \u00edslenskri knattspyrnu.<\/p><p>St\u00f3rveldi eru raunar merkilegt fyrirb\u00e6ri \u00ed mannkynss\u00f6gunni. \u00deau eru \u00e1r\u00e1sargj\u00f6rn fyrirb\u00e6ri sem \u00fer\u00edfast \u00e1 a\u00f0 brj\u00f3ta n\u00e1granna s\u00edna ni\u00f0ur, uns \u00feau hn\u00edga a\u00f0 lokum og falla. St\u00f3rveldi eru \u00ed raun krabbameinsfrumur sem kalla fyrst dau\u00f0a yfir h\u00fdsil s\u00edn og drepast sj\u00e1lfar \u00ed kj\u00f6lfari\u00f0. Svo gripi\u00f0 s\u00e9 til l\u00edkinga \u00far stj\u00f6rnufr\u00e6\u00f0i eru st\u00f3rveldi eins og svarthol e\u00f0a hv\u00edtir dvergar sem eru d\u00e6md til a\u00f0 enda sem merkingarlaus minnisvar\u00f0i um fyrri fr\u00e6g\u00f0.<\/p><p>Vi\u00f0 Framarar h\u00f6fum \u00e1 hinn b\u00f3ginn kosi\u00f0 a\u00f0 skilgreina okkur sem m\u00f3\u00f0urskip. Allt fr\u00e1 stofnun Knattspyrnuf\u00e9lagsins Fram hefur \u00fea\u00f0 veri\u00f0 \u00feessi \u00f6rugga og trausta mi\u00f0ja sem hefur veri\u00f0 uppspretta n\u00fdrra s\u00f3kna og sk\u00f6punar \u00ed \u00edslenska f\u00f3tboltasamf\u00e9laginu. \u00dea\u00f0 er auglj\u00f3slega miklu fl\u00f3knara og mikilv\u00e6gara hlutskipti.<\/p><p>\u00cd dag m\u00e6ttust st\u00f3rveldi\u00f0 og m\u00f3\u00f0urskipi\u00f0 \u00e1 \u00der\u00f3ttarvellinum \u00ed Laugardal, \u00fear sem enn er nokku\u00f0 \u00ed a\u00f0 sinan vi\u00f0 Kaplaskj\u00f3lsveg ver\u00f0i leikf\u00e6r v\u00f6llur. \u00dea\u00f0 er alltaf sm\u00e1skr\u00edti\u00f0 a\u00f0 setjast \u00ed st\u00fakuna vi\u00f0 g\u00f6mlu Hallarfl\u00f6tina og l\u00edkaminn byrjar sj\u00e1lfkrafa a\u00f0 skj\u00e1lfa, enda tengir hugurinn \u00feennan v\u00f6ll vi\u00f0 sk\u00edtkalda Reykjav\u00edkurm\u00f3tsleiki \u00ed skafrenningi \u00ed febr\u00faar. Lofthitinn var \u00fe\u00f3 pr\u00fd\u00f0ilegur og roki\u00f0, sem vissulega setti mark sitt \u00e1 leikinn, trufla\u00f0i ekki \u00e1horfendur. Mannau\u00f0urinn umhverfis Fr\u00e9ttaritarann var me\u00f0 hreinum \u00f3l\u00edkindum. Skjaldsveinninn Valur Nor\u00f0ri sat me\u00f0 Gu\u00f0mund Torfason og P\u00e9tur Ormslev s\u00e9 til vinstri handar og h\u00e6gra megin vi\u00f0 Fr\u00e9ttaritarann voru Addi \u00ed bankanum og Kjarri tannl\u00e6knir, me\u00f0 \u00cdvar Gu\u00f0j\u00f3ns og hir\u00f0t\u00f6lfr\u00e6\u00f0ing Fram, fuglas\u00e9rfr\u00e6\u00f0inginn J\u00f3n Einar, \u00ed r\u00f6\u00f0inni fyrir framan.<\/p><p>Li\u00f0suppstillingin var svipu\u00f0 og s\u00ed\u00f0ast. \u00d3li \u00ed markinu. \u00deorri, Kyle og Kennie \u00ed mi\u00f0v\u00f6r\u00f0um. M\u00e1si og Alex bakver\u00f0ir. Fred og Tiago \u00e1 mi\u00f0junni \u00e1samt Frey Sigur\u00f0ssyni, rau\u00f0birkna Hornfir\u00f0ingnum og n\u00fdja upp\u00e1haldsmanni allra \u2013 sem kom inn \u00ed sta\u00f0inn fyrir Tryggva. Mingi og Gummi Magg frammi.<\/p><p>Leikurinn byrja\u00f0i kr\u00f6ftuglega \u2013 og jafnvel of kr\u00f6ftuglega \u00fear sem \u00deorri \u00feurfti a\u00f0 yfirgefa v\u00f6llinn eftir a\u00f0eins \u00ferj\u00e1r m\u00edn\u00fatur me\u00f0 fossandi bl\u00f3\u00f0nasir eftir kr\u00f6ftugt samstu\u00f0. Einum fataumgangi s\u00ed\u00f0ar og me\u00f0 h\u00e1lfa ba\u00f0mullarlest \u00ed n\u00f6sunum kom hann inn\u00e1 aftur, greinilega gl\u00e6silega nefbrotinn. Bj\u00f6ssi pabbi hans var alveg til \u00ed a\u00f0 sam\u00feykkja eftir leik a\u00f0 nokkur g\u00f3\u00f0 nefbrot myndu bara auka tr\u00faver\u00f0ugleika hans sem mi\u00f0var\u00f0ar \u00ed framt\u00ed\u00f0inni \u2013 er ekki viss um a\u00f0 m\u00f3\u00f0irin hafi deilt \u00feeirri s\u00fdn. \u00deorri er \u00e1 \u00f3tr\u00falega sk\u00f6mmum t\u00edma or\u00f0inn \u00f3missandi hlekkur \u00ed v\u00f6rninni hj\u00e1 okkur og ma\u00f0ur sem vi\u00f0 viljum ekki fyrir nokkurn mun missa.<\/p><p>Framarar byrju\u00f0u af mun meiri krafti og ger\u00f0u sig l\u00edklega til a\u00f0 \u00f3gna sta\u00f0ri og silalegri KR-v\u00f6rninni \u00e1 hverja lund. Strax \u00e1 \u00e1ttundu m\u00edn\u00fatu \u00e1ttu M\u00e1si og Gummi flott, stutt samspil inn \u00e1 Magn\u00fas Inga sem t\u00f3k \u00e1 r\u00e1s \u00ed gegnum v\u00f6rn st\u00f3rveldisins, stakk alla af, l\u00e9k upp a\u00f0 endam\u00f6rkum og sendi svo fyrir \u00e1 Frey Sigur\u00f0sson sem kom a\u00f0v\u00edfandi og pota\u00f0i boltanum \u00ed t\u00f3mt neti\u00f0. Fr\u00e1b\u00e6rt fyrsta mark n\u00fdli\u00f0ans. A\u00f0 launum ver\u00f0ur hann eftirlei\u00f0is a\u00f0eins nefndur me\u00f0 fornafni \u00ed \u00feessum pistlum. Vi\u00f0 vitum \u00f6ll a\u00f0 \u00feannig skiljum vi\u00f0 hafrana fr\u00e1 sau\u00f0unum. \u00deremur m\u00edn\u00fatum eftir marki\u00f0 r\u00e1ku Framarar \u00ed st\u00fakunni aftur upp str\u00ed\u00f0s\u00f6skur, a\u00f0 \u00feessu sinni eftir a\u00f0 bylmingsskot fr\u00e1 Fred virtist syngja \u00ed netinu en enda\u00f0i \u00ed raun \u00ed hli\u00f0arnetinu.<\/p><p>N\u00e6stu t\u00edu til fimmt\u00e1n m\u00edn\u00faturnar s\u00e1u KR-ingar ekki til s\u00f3lar (strangt til teki\u00f0 s\u00e1 enginn til s\u00f3lar \u00ed s\u00faldinni \u00ed Laugardalnum, en \u00fei\u00f0 skilji\u00f0 hva\u00f0 \u00e9g meina). Fred og Tiago s\u00fdndu listir s\u00ednar \u00ed stuttum hornum sem voru mj\u00f6g skapandi og frumleg en ekkert s\u00e9rstaklega \u00e1rangursr\u00edk. Um mi\u00f0jan h\u00e1lfleikinn koms Alex svo \u00ed h\u00f6rkuf\u00e6ri \u00fear sem st\u00f3rveldisriddararnir gleymdu fullkomlega a\u00f0 valda hann og okkar ma\u00f0ur haf\u00f0i n\u00e1nast t\u00edma til a\u00f0 stilla ypp fyrir skot, en ni\u00f0ursta\u00f0an var\u00f0 horn. Fj\u00f3tlega eftir \u00feetta \u00e1kva\u00f0 KR-markv\u00f6r\u00f0urinn a\u00f0 f\u00e1 s\u00e9r s\u00e6ti \u00e1 vellinum og \u00ed kj\u00f6lfari\u00f0 bl\u00e9su li\u00f0sf\u00e9lagar hans til ney\u00f0arfundar.<\/p><p>S\u00ed\u00f0asta kort\u00e9ri\u00f0 fyrir hl\u00e9 sm\u00e1minnka\u00f0i krafturinn \u00ed Frams\u00f3kninni, KR-ingar fengu meiri v\u00f6ld \u00e1 mi\u00f0junni en n\u00e1\u00f0u \u00fe\u00f3 ekki a\u00f0 skapa s\u00e9r neitt. Raunar kom sk\u00e1sta f\u00e6ri\u00f0 \u00ed hlut Framara \u00feegar markv\u00f6r\u00f0ur KR f\u00f3r \u00ed sk\u00f3garfer\u00f0, Mingi stal boltanum og sendi \u00e1 Gumma sem freista\u00f0i \u00feess a\u00f0 lyfta boltanum \u00ed t\u00f3mt marki\u00f0, en skaut yfir.<\/p><p>\u00dea\u00f0 voru k\u00e1tir Framarar sem kl\u00f6ngru\u00f0ust ni\u00f0ur \u00far st\u00fakunni \u00ed hl\u00e9i, til \u00feess eins a\u00f0 uppg\u00f6tva snarlega a\u00f0 \u00fea\u00f0 v\u00e6ru mist\u00f6k enda ekkert nema stormbeljandi um lei\u00f0 og komi\u00f0 var \u00ferj\u00e1 metra fr\u00e1 st\u00fakunni. Hamborgarar voru a\u00f0 s\u00f6gn afgreiddir hinu megin vi\u00f0 v\u00f6llinn en \u00f3skynsamlegt var tali\u00f0 a\u00f0 r\u00e1\u00f0ast \u00ed sl\u00edkt fer\u00f0alag \u00ed hvunndagskl\u00e6\u00f0na\u00f0i og \u00e1n sta\u00f0setningart\u00e6kis.<\/p><p>Framarar voru heldur me\u00f0 vindinn \u00ed fangi\u00f0 eftir hl\u00e9 og r\u00edkjandi vind\u00e1ttir ger\u00f0u \u00fea\u00f0 a\u00f0 verkum a\u00f0 leikurinn f\u00f3r meira og minna fram \u00ed horninu fj\u00e6r. Framli\u00f0 R\u00fanars Kristinssonar hefur svarta belti\u00f0 \u00ed a\u00f0 drepa leiki og gekk vasklega til \u00feess verkefnis fr\u00e1 fyrstu m\u00edn\u00fatu. \u00dea\u00f0 var magna\u00f0 a\u00f0 sj\u00e1 hva\u00f0 allir leikmenn t\u00f3ku virkan \u00fe\u00e1tt \u00ed varnarleiknum \u2013 enginn \u00fe\u00f3 eins og Tiago sem hefur til \u00feessa ekki haft s\u00e9rstakt or\u00f0spor \u00ed \u00feeirri deild. Hann var t\u00e6klandi bolta og hendandi s\u00e9r fyrir skot \u00e1 \u00feann h\u00e1tt sem ma\u00f0ur hefur aldrei s\u00e9\u00f0 \u00e1\u00f0ur. Fred var l\u00edka fr\u00e1b\u00e6r \u00ed varnarvinnslunni \u00ed dag, en \u00fea\u00f0 var kannski ekki alveg jafn \u00f3v\u00e6nt.<\/p><p>Hin skapandi ey\u00f0ilegging okkar Framara ger\u00f0i \u00fea\u00f0 a\u00f0 verkum a\u00f0 frekar f\u00e1tt rata\u00f0i \u00ed st\u00edlab\u00f3k Fr\u00e9ttaritarans frameftir leik. \u00de\u00f3 t\u00f3kst hinum seinheppna markver\u00f0i KR a\u00f0 komast \u00e1 bla\u00f0 me\u00f0 \u00e6vint\u00fdralegu sk\u00f3garhlaupi sem enda\u00f0i \u00e1 a\u00f0 hann braut \u00e1 einum okkar manna alveg vi\u00f0 m\u00f6rk hli\u00f0arl\u00ednu og mi\u00f0jul\u00ednu. Har\u00f0ur d\u00f3mari hef\u00f0i h\u00e6glega geta\u00f0 flauta\u00f0 og dregi\u00f0 fram rau\u00f0a spjaldi\u00f0.<\/p><p>Fyrsta skiptingin kom \u00feegar tuttugu m\u00edn\u00fatur voru eftir. Aron Sn\u00e6r kom inn\u00e1 fyrir Gumma Magg sem komst aldrei fyllilega \u00ed takt vi\u00f0 leikinn \u00ed dag. Aron Sn\u00e6r var greinilega sta\u00f0r\u00e1\u00f0inn \u00ed a\u00f0 n\u00fdta s\u00e9nsinn en var \u00f3\u00fearflega oft flagga\u00f0ur rangst\u00e6\u00f0ur, svona flj\u00f3tur ma\u00f0ur \u2013 komandi ferskur af bekknum \u2013 \u00e1 ekki a\u00f0 \u00feurfa a\u00f0 stela s\u00e9r auka sentimetrana me\u00f0 \u00feessum h\u00e6tti. Aron Sn\u00e6r var \u00fe\u00f3 ekki fyrr kominn inn\u00e1 en hann komst \u00ed dau\u00f0af\u00e6ri eftir snjalla fl\u00e9ttu fr\u00e1 Fred, en n\u00e1\u00f0i ekki valdi \u00e1 boltanum einn \u00e1 m\u00f3ti markver\u00f0i.<\/p><p>N\u00e6sta skipting var \u00e1 78. m\u00edn\u00fatu \u00feegar Tryggvi kom inn\u00e1 fyrir Frey sem var gj\u00f6rsamlega sprunginn eftir mikil hlaup. \u00dea\u00f0 voru \u00fe\u00f3 ekki einu \u00fereyttu lappirnar inni \u00e1 vellinum \u00feegar h\u00e9r var komi\u00f0 s\u00f6gu.<\/p><p>St\u00f3rveldi\u00f0 h\u00e9lt boltanum megni\u00f0 af t\u00edmanum en virtist aldrei \u00f3gna nema \u00far hornspyrnum og aukaspyrnum \u00fear sem reynt var a\u00f0 b\u00f6\u00f0la boltanum inn me\u00f0 einhverjum tilt\u00e6kum r\u00e1\u00f0um. Undir e\u00f0lilegum kringumst\u00e6\u00f0um hef\u00f0i Fr\u00e9ttaritarinn veri\u00f0 sultuslakur, en \u00feetta var KR&#8230; afsaki\u00f0 st\u00f3rveldi\u00f0&#8230; og \u00fea\u00f0 er handrit eldra en s\u00f3lin: hversu miki\u00f0 betri sem Framarar kunna a\u00f0 vera en KR-ingar, einum \u00e1 \u00fativelli, \u00fe\u00e1 skal alltaf koma eitthva\u00f0 ofvaxi\u00f0 og rau\u00f0h\u00e6rt barn og skora fyrir \u00fe\u00e1 \u00ed uppb\u00f3tart\u00edma. Hver yr\u00f0i \u00fea\u00f0 a\u00f0 \u00feessu sinni?<\/p><p>\u00c1 lokam\u00edn\u00fatu venjulegs leikt\u00edma f\u00f3r Tiago, n\u00fdjasti varnarjaxlinn okkar, af velli fyrir Breka. Fj\u00f3r\u00f0i d\u00f3marinn tilkynnti hins vegar a\u00f0 enn v\u00e6ru sex m\u00edn\u00fatur eftir af leikjum. \u00c1 \u00feeim t\u00edma t\u00f3kst Aroni Sn\u00e6 einu sinni a\u00f0 hlaupa sig \u00ed gegnum varnarhl\u00edfar st\u00f3rveldisins, en var b\u00fainn me\u00f0 orkuna \u00feegar kom a\u00f0 skotinu \u2013 og Kennie Chopart \u00e1tti hetjum\u00f3ment leiksins \u00feegar hann vann boltann vi\u00f0 eigin endam\u00f6rk \u00e1 sj\u00f6ttu m\u00edn\u00fatu uppb\u00f3tart\u00edma, hlj\u00f3p upp allan v\u00f6llinn, vann horn og fann svo einhvern veginn orku til a\u00f0 sn\u00faa s\u00e9r a\u00f0 st\u00fakunni og kalla eftir fagna\u00f0arl\u00e1tum. Eitthva\u00f0 segir m\u00e9r a\u00f0 honum hafi \u00fe\u00f3tt \u00f6rl\u00edti\u00f0 v\u00e6nt um \u00feennan sigur&#8230;<\/p><p>Fr\u00e1b\u00e6r \u00farslit \u00ed Laugardalnum \u00ed dag, 0:1. Hven\u00e6r \u00ed \u00f3sk\u00f6punum var\u00f0 Fram li\u00f0 sem vinnur leiki 0:1 og drepur \u00fe\u00e1 \u00ed heilan h\u00e1lfleik? Fullt af fr\u00e1b\u00e6rum frammist\u00f6\u00f0um \u00ed dag. M\u00e1si og Mingi voru brilljant. Port\u00fag\u00f6lskum\u00e6landi deildin hefur \u00feegar veri\u00f0 nefnd sem og Kennie og \u00deorri, en \u00fea\u00f0 er heldur ekki h\u00e6gt anna\u00f0 en a\u00f0 hr\u00f3sa Kyle. \u00deegar vi\u00f0 r\u00fastu\u00f0um Lengjudeildinni um \u00e1ri\u00f0 st\u00f3\u00f0um vi\u00f0 \u00e1 h\u00fas\u00fe\u00f6kum og s\u00f6g\u00f0um hverjum sem heyra vildi hva\u00f0 Kyle v\u00e6ri g\u00f3\u00f0ur mi\u00f0v\u00f6r\u00f0ur. Svo komu leppal\u00fa\u00f0arnir \u00ed V\u00edkingi og t\u00f3ku hann og kunnu ekkert a\u00f0 nota hann frekar en a\u00f0ra fagra og g\u00f3\u00f0a hluti. En n\u00fana er allt or\u00f0i\u00f0 gott aftur.<\/p><p>N\u00e6sti leikur Framara er bikarleikur \u00e1 mi\u00f0vikudagskv\u00f6ldi gegn li\u00f0i sem heitir \u00c1rb\u00e6r. Fr\u00e9ttaritarinn \u00fearf \u00fev\u00ed mi\u00f0ur a\u00f0 \u00fevo h\u00e1ri\u00f0 sitt \u00fea\u00f0 kv\u00f6ldi\u00f0 en m\u00e6tir gla\u00f0beittur \u00e1 Hl\u00ed\u00f0arenda annan m\u00e1nudag. Sj\u00e1umst \u00fear.<\/p><p>Stef\u00e1n P\u00e1lsson<\/p><\/div>\n\t\t\t\t<\/div>\n\t\t\t\t\t<\/div>\n\t\t<\/div>\n\t\t\t\t\t<\/div>\n\t\t<\/section>\t\t<\/div>","protected":false},"excerpt":{"rendered":"<p>Um daginn birti h\u00f3pur stu\u00f0ningsmanna Knattspyrnuf\u00e9lags Reykjav\u00edkur heils\u00ed\u00f0uaugl\u00fdsingu \u00ed Morgunbla\u00f0inu. \u00dear voru rakin \u00fdmis afrek karlaflokka KR \u00ed f\u00f3tbolta og fullyrt \u00e1 \u00feeim grunni a\u00f0 KR v\u00e6ri st\u00f3rveldi og raunar [&hellip;]<\/p>","protected":false},"author":5,"featured_media":39156,"comment_status":"closed","ping_status":"closed","sticky":false,"template":"","format":"standard","meta":{"_monsterinsights_skip_tracking":false,"_monsterinsights_sitenote_active":false,"_monsterinsights_sitenote_note":"","_monsterinsights_sitenote_category":0,"_jetpack_memberships_contains_paid_content":false,"footnotes":""},"categories":[9,11],"tags":[],"class_list":["post-39155","post","type-post","status-publish","format-standard","has-post-thumbnail","hentry","category-fotbolti","category-mflkarla"],"jetpack_sharing_enabled":true,"jetpack_featured_media_url":"https:\/\/fram.is\/wp-content\/uploads\/2024\/04\/THorri-gegn-KR.jpg","_links":{"self":[{"href":"https:\/\/fram.is\/is\/wp-json\/wp\/v2\/posts\/39155","targetHints":{"allow":["GET"]}}],"collection":[{"href":"https:\/\/fram.is\/is\/wp-json\/wp\/v2\/posts"}],"about":[{"href":"https:\/\/fram.is\/is\/wp-json\/wp\/v2\/types\/post"}],"author":[{"embeddable":true,"href":"https:\/\/fram.is\/is\/wp-json\/wp\/v2\/users\/5"}],"replies":[{"embeddable":true,"href":"https:\/\/fram.is\/is\/wp-json\/wp\/v2\/comments?post=39155"}],"version-history":[{"count":10,"href":"https:\/\/fram.is\/is\/wp-json\/wp\/v2\/posts\/39155\/revisions"}],"predecessor-version":[{"id":39167,"href":"https:\/\/fram.is\/is\/wp-json\/wp\/v2\/posts\/39155\/revisions\/39167"}],"wp:featuredmedia":[{"embeddable":true,"href":"https:\/\/fram.is\/is\/wp-json\/wp\/v2\/media\/39156"}],"wp:attachment":[{"href":"https:\/\/fram.is\/is\/wp-json\/wp\/v2\/media?parent=39155"}],"wp:term":[{"taxonomy":"category","embeddable":true,"href":"https:\/\/fram.is\/is\/wp-json\/wp\/v2\/categories?post=39155"},{"taxonomy":"post_tag","embeddable":true,"href":"https:\/\/fram.is\/is\/wp-json\/wp\/v2\/tags?post=39155"}],"curies":[{"name":"wp","href":"https:\/\/api.w.org\/{rel}","templated":true}]}}