{"id":4026,"date":"2013-08-12T20:07:48","date_gmt":"2013-08-12T20:07:48","guid":{"rendered":"http:\/\/fram.is\/?p=4026"},"modified":"2013-08-12T20:07:48","modified_gmt":"2013-08-12T20:07:48","slug":"sveinn-thorgeirsson-til-lids-vid-fram","status":"publish","type":"post","link":"https:\/\/fram.is\/is\/2013\/08\/12\/sveinn-thorgeirsson-til-lids-vid-fram\/","title":{"rendered":"Sveinn \u00deorgeirsson til li\u00f0s vi\u00f0 FRAM"},"content":{"rendered":"<p><a href=\"http:\/\/fram.is\/wp-content\/uploads\/2013\/08\/IMG_0688.jpg\"><img fetchpriority=\"high\" decoding=\"async\" class=\"alignright size-medium wp-image-4027\" alt=\"IMG_0688\" src=\"http:\/\/fram.is\/wp-content\/uploads\/2013\/08\/IMG_0688-300x229.jpg\" width=\"300\" height=\"229\" \/><\/a>Handknattleiksma\u00f0urinn Sveinn \u00deorgeirsson er genginn \u00ed ra\u00f0ir FRAM, en hann kemur \u00e1 l\u00e1nssamningi fr\u00e1 Haukum. Sveinn er 26 \u00e1ra a\u00f0 aldri, er \u00f6flug skytta og einn albesti varnarma\u00f0ur N1-deildar karla.<\/p>\n<p>Sveinn er uppalinn Fj\u00f6lnisma\u00f0ur og l\u00e9k me\u00f0 V\u00edkingum \u00e1\u00f0ur en hann gekk til li\u00f0s vi\u00f0 Hauka, hvar hann l\u00e9k um nokkurra \u00e1ra skei\u00f0 vi\u00f0 g\u00f3\u00f0an or\u00f0st\u00edr. \u00a0Hann er eins og \u00e1\u00f0ur segir \u00f6flug skytta, var t.a.m. markah\u00e6sti leikma\u00f0ur V\u00edkinga fyrir f\u00e1einum \u00e1rum, og framlag hans \u00ed v\u00f6rninni ver\u00f0ur seint meti\u00f0 a\u00f0 fullu.<\/p>","protected":false},"excerpt":{"rendered":"<p>Handknattleiksma\u00f0urinn Sveinn \u00deorgeirsson er genginn \u00ed ra\u00f0ir FRAM, en hann kemur \u00e1 l\u00e1nssamningi fr\u00e1 Haukum. Sveinn er 26 \u00e1ra a\u00f0 aldri, er \u00f6flug skytta og einn albesti varnarma\u00f0ur N1-deildar karla. [&hellip;]<\/p>","protected":false},"author":3,"featured_media":4028,"comment_status":"open","ping_status":"open","sticky":false,"template":"","format":"standard","meta":{"_monsterinsights_skip_tracking":false,"_monsterinsights_sitenote_active":false,"_monsterinsights_sitenote_note":"","_monsterinsights_sitenote_category":0,"_jetpack_memberships_contains_paid_content":false,"footnotes":""},"categories":[6,15],"tags":[],"class_list":["post-4026","post","type-post","status-publish","format-standard","has-post-thumbnail","hentry","category-handbolti","category-mfl-kvenna"],"jetpack_sharing_enabled":true,"jetpack_featured_media_url":"https:\/\/fram.is\/wp-content\/uploads\/2013\/08\/IMG_0688fors.jpg","_links":{"self":[{"href":"https:\/\/fram.is\/is\/wp-json\/wp\/v2\/posts\/4026","targetHints":{"allow":["GET"]}}],"collection":[{"href":"https:\/\/fram.is\/is\/wp-json\/wp\/v2\/posts"}],"about":[{"href":"https:\/\/fram.is\/is\/wp-json\/wp\/v2\/types\/post"}],"author":[{"embeddable":true,"href":"https:\/\/fram.is\/is\/wp-json\/wp\/v2\/users\/3"}],"replies":[{"embeddable":true,"href":"https:\/\/fram.is\/is\/wp-json\/wp\/v2\/comments?post=4026"}],"version-history":[{"count":0,"href":"https:\/\/fram.is\/is\/wp-json\/wp\/v2\/posts\/4026\/revisions"}],"wp:featuredmedia":[{"embeddable":true,"href":"https:\/\/fram.is\/is\/wp-json\/wp\/v2\/media\/4028"}],"wp:attachment":[{"href":"https:\/\/fram.is\/is\/wp-json\/wp\/v2\/media?parent=4026"}],"wp:term":[{"taxonomy":"category","embeddable":true,"href":"https:\/\/fram.is\/is\/wp-json\/wp\/v2\/categories?post=4026"},{"taxonomy":"post_tag","embeddable":true,"href":"https:\/\/fram.is\/is\/wp-json\/wp\/v2\/tags?post=4026"}],"curies":[{"name":"wp","href":"https:\/\/api.w.org\/{rel}","templated":true}]}}