{"id":4032,"date":"2013-08-14T14:21:49","date_gmt":"2013-08-14T14:21:49","guid":{"rendered":"http:\/\/fram.is\/?p=4032"},"modified":"2013-08-14T14:21:49","modified_gmt":"2013-08-14T14:21:49","slug":"bikarurslitin-a-laugardag-upphitun-i-leirdal-og-armula","status":"publish","type":"post","link":"https:\/\/fram.is\/is\/2013\/08\/14\/bikarurslitin-a-laugardag-upphitun-i-leirdal-og-armula\/","title":{"rendered":"Bikar\u00farslitin \u00e1 laugardag | Upphitun \u00ed Leirdal og \u00c1rm\u00fala"},"content":{"rendered":"<p><a href=\"http:\/\/fram.is\/wp-content\/uploads\/2013\/08\/Fram2013.jpg\"><img fetchpriority=\"high\" decoding=\"async\" class=\"alignright  wp-image-4034\" alt=\"Fram2013\" src=\"http:\/\/fram.is\/wp-content\/uploads\/2013\/08\/Fram2013-1024x682.jpg\" width=\"322\" height=\"214\" \/><\/a>FRAM og Stjarnan m\u00e6tast sem kunnugt er \u00ed \u00farslitaleik Borgunarbikarkeppni karla \u00ed knattspyrnu \u00e1 laugardaginn kemur, 17.\u00e1g\u00fast. Flauta\u00f0 ver\u00f0ur til leiks \u00e1 Laugardalsvelli klukkan 16.<\/p>\n<p>FRAMarar \u00e6tla a\u00f0 koma s\u00e9r \u00ed g\u00edrinn fyrir \u00feennan mikilv\u00e6ga leik b\u00e6\u00f0i \u00ed Leirdal og \u00e1 Classic Rock Sportbar \u00ed \u00c1rm\u00fala.<br \/>\nDagskr\u00e1in \u00ed Leirdal fellur inn \u00ed hverfah\u00e1t\u00ed\u00f0ina &#8220;\u00cd Holtinu heima&#8221;, en h\u00e6gt er a\u00f0 n\u00e1lgast frekari uppl\u00fdsingar um \u00fe\u00e1 h\u00e1t\u00ed\u00f0 <a href=\"http:\/\/grafarholt.com\/forsida\/frett\/2013\/08\/17\/I-Holtinu-heima-hverfishatid-Grafarholts-asamt-upphitun-fyrir-bikarurslitaleik-Fram-og-Stjornunnar\/\" target=\"_blank\" rel=\"noopener noreferrer\">h\u00e9r<\/a>. FRAMf\u00f6gnu\u00f0urinn hefst klukkan 14 og \u00fear ver\u00f0ur bo\u00f0i\u00f0 upp \u00e1 grillmat, andlitsm\u00e1lun og knatt\u00ferautir, auk sem Hreimur kemur og tekur nokkur l\u00f6g. R\u00fatur fara \u00far Leirdal ni\u00f0ur \u00ed Laugardal klukkan 15.15 &#8211; og \u00fe\u00e6r fara s\u00f6mu lei\u00f0 tilbaka h\u00e1lft\u00edma eftir a\u00f0 leik l\u00fdkur.<br \/>\nGallhar\u00f0ir FRAMarar \u00e6tla einnig a\u00f0 koma saman \u00e1 Classik Rock \u00ed \u00c1rm\u00fala, koma s\u00e9r \u00ed g\u00edrinn og r\u00e6\u00f0a m\u00e1lin fram og tilbaka. Stef\u00e1n P\u00e1lsson \u00e6tlar \u00fear a\u00f0 rifja upp s\u00e6ta bikarsigra \u00e1 sinn einstaka h\u00e1tt.<\/p>\n<p>FRAMarar! Vi\u00f0 l\u00e1tum okkar ekki eftir liggja \u00e1 laugardaginn &#8211; vi\u00f0 m\u00e6tum \u00ed bl\u00e1u og l\u00e1tum hressilega til okkar taka.<\/p>\n<p><a href=\"http:\/\/fram.is\/wp-content\/uploads\/2013\/08\/Bikar20131.jpg\"><img decoding=\"async\" class=\"alignleft size-full wp-image-4039\" style=\"border: 1px solid black;\" alt=\"Bikar2013\" src=\"http:\/\/fram.is\/wp-content\/uploads\/2013\/08\/Bikar20131.jpg\" width=\"595\" height=\"842\" srcset=\"https:\/\/fram.is\/wp-content\/uploads\/2013\/08\/Bikar20131.jpg 595w, https:\/\/fram.is\/wp-content\/uploads\/2013\/08\/Bikar20131-212x300.jpg 212w\" sizes=\"(max-width: 595px) 100vw, 595px\" \/><\/a><\/p>","protected":false},"excerpt":{"rendered":"<p>FRAM og Stjarnan m\u00e6tast sem kunnugt er \u00ed \u00farslitaleik Borgunarbikarkeppni karla \u00ed knattspyrnu \u00e1 laugardaginn kemur, 17.\u00e1g\u00fast. Flauta\u00f0 ver\u00f0ur til leiks \u00e1 Laugardalsvelli klukkan 16. FRAMarar \u00e6tla a\u00f0 koma s\u00e9r [&hellip;]<\/p>","protected":false},"author":3,"featured_media":4033,"comment_status":"open","ping_status":"open","sticky":false,"template":"","format":"standard","meta":{"_monsterinsights_skip_tracking":false,"_monsterinsights_sitenote_active":false,"_monsterinsights_sitenote_note":"","_monsterinsights_sitenote_category":0,"_jetpack_memberships_contains_paid_content":false,"footnotes":""},"categories":[11,9],"tags":[],"class_list":["post-4032","post","type-post","status-publish","format-standard","has-post-thumbnail","hentry","category-mflkarla","category-fotbolti"],"jetpack_sharing_enabled":true,"jetpack_featured_media_url":"https:\/\/fram.is\/wp-content\/uploads\/2013\/08\/Fram2013-fors.jpg","_links":{"self":[{"href":"https:\/\/fram.is\/is\/wp-json\/wp\/v2\/posts\/4032","targetHints":{"allow":["GET"]}}],"collection":[{"href":"https:\/\/fram.is\/is\/wp-json\/wp\/v2\/posts"}],"about":[{"href":"https:\/\/fram.is\/is\/wp-json\/wp\/v2\/types\/post"}],"author":[{"embeddable":true,"href":"https:\/\/fram.is\/is\/wp-json\/wp\/v2\/users\/3"}],"replies":[{"embeddable":true,"href":"https:\/\/fram.is\/is\/wp-json\/wp\/v2\/comments?post=4032"}],"version-history":[{"count":0,"href":"https:\/\/fram.is\/is\/wp-json\/wp\/v2\/posts\/4032\/revisions"}],"wp:featuredmedia":[{"embeddable":true,"href":"https:\/\/fram.is\/is\/wp-json\/wp\/v2\/media\/4033"}],"wp:attachment":[{"href":"https:\/\/fram.is\/is\/wp-json\/wp\/v2\/media?parent=4032"}],"wp:term":[{"taxonomy":"category","embeddable":true,"href":"https:\/\/fram.is\/is\/wp-json\/wp\/v2\/categories?post=4032"},{"taxonomy":"post_tag","embeddable":true,"href":"https:\/\/fram.is\/is\/wp-json\/wp\/v2\/tags?post=4032"}],"curies":[{"name":"wp","href":"https:\/\/api.w.org\/{rel}","templated":true}]}}