{"id":4046,"date":"2013-08-15T12:13:04","date_gmt":"2013-08-15T12:13:04","guid":{"rendered":"http:\/\/fram.is\/?p=4046"},"modified":"2013-08-15T12:13:04","modified_gmt":"2013-08-15T12:13:04","slug":"god-heimsokn-i-ulfarsardalinn","status":"publish","type":"post","link":"https:\/\/fram.is\/is\/2013\/08\/15\/god-heimsokn-i-ulfarsardalinn\/","title":{"rendered":"G\u00f3\u00f0 heims\u00f3kn \u00ed \u00dalfars\u00e1rdalinn"},"content":{"rendered":"<p>Knattspyrnusk\u00f3li FRAM hefur sta\u00f0i\u00f0 yfir \u00ed \u00dalfars\u00e1rdalnum fr\u00e1 \u00fev\u00ed 7.\u00e1g\u00fast.\u00a0 \u00cd sk\u00f3lanum hafa um 60 krakkar \u00e6ft undir styrkri handlei\u00f0slu yngri flokka \u00fej\u00e1lfara FRAM.\u00a0 \u00c1 morgun f\u00f6studag ver\u00f0ur lokadagur knattspyrnusk\u00f3lans og af \u00fev\u00ed tilefni ver\u00f0ur slegi\u00f0 upp heljarinnar grillveislu.<\/p>\n<p><a href=\"http:\/\/fram.is\/wp-content\/uploads\/2013\/08\/H\u00f3pmynd.jpg\"><img fetchpriority=\"high\" decoding=\"async\" class=\"alignnone size-medium wp-image-4047\" alt=\"H\u00f3pmynd\" src=\"http:\/\/fram.is\/wp-content\/uploads\/2013\/08\/H\u00f3pmynd-300x224.jpg\" width=\"300\" height=\"224\" srcset=\"https:\/\/fram.is\/wp-content\/uploads\/2013\/08\/H\u00f3pmynd-300x224.jpg 300w, https:\/\/fram.is\/wp-content\/uploads\/2013\/08\/H\u00f3pmynd-scaled-800x598.jpg 800w, https:\/\/fram.is\/wp-content\/uploads\/2013\/08\/H\u00f3pmynd-1024x765.jpg 1024w, https:\/\/fram.is\/wp-content\/uploads\/2013\/08\/H\u00f3pmynd-768x574.jpg 768w, https:\/\/fram.is\/wp-content\/uploads\/2013\/08\/H\u00f3pmynd-1536x1147.jpg 1536w, https:\/\/fram.is\/wp-content\/uploads\/2013\/08\/H\u00f3pmynd-2048x1530.jpg 2048w\" sizes=\"(max-width: 300px) 100vw, 300px\" \/><\/a><\/p>\n<p>\u00cd dag f\u00e9kk knattspyrnusk\u00f3linn hins vegar g\u00f3\u00f0a heims\u00f3kn.\u00a0 R\u00edkhar\u00f0ur Da\u00f0ason \u00fej\u00e1lfari meistaraflokks karla kom og spjalla\u00f0i vi\u00f0 krakkana og gaf \u00feeim g\u00f3\u00f0 r\u00e1\u00f0 og svara\u00f0i m\u00f6rgum skemmtilegum og vel \u00edgrundu\u00f0um spurningum.<\/p>\n<p><a href=\"http:\/\/fram.is\/wp-content\/uploads\/2013\/08\/Rikki.jpg\"><img decoding=\"async\" class=\"alignnone size-medium wp-image-4048\" alt=\"Rikki\" src=\"http:\/\/fram.is\/wp-content\/uploads\/2013\/08\/Rikki-300x224.jpg\" width=\"300\" height=\"224\" srcset=\"https:\/\/fram.is\/wp-content\/uploads\/2013\/08\/Rikki-300x224.jpg 300w, https:\/\/fram.is\/wp-content\/uploads\/2013\/08\/Rikki-scaled-800x598.jpg 800w, https:\/\/fram.is\/wp-content\/uploads\/2013\/08\/Rikki-1024x765.jpg 1024w, https:\/\/fram.is\/wp-content\/uploads\/2013\/08\/Rikki-768x574.jpg 768w, https:\/\/fram.is\/wp-content\/uploads\/2013\/08\/Rikki-1536x1147.jpg 1536w, https:\/\/fram.is\/wp-content\/uploads\/2013\/08\/Rikki-2048x1530.jpg 2048w\" sizes=\"(max-width: 300px) 100vw, 300px\" \/><a href=\"http:\/\/fram.is\/wp-content\/uploads\/2013\/08\/H\u00f3pmynd2.jpg\"><img decoding=\"async\" class=\"alignnone size-medium wp-image-4049\" alt=\"H\u00f3pmynd2\" src=\"http:\/\/fram.is\/wp-content\/uploads\/2013\/08\/H\u00f3pmynd2-300x224.jpg\" width=\"300\" height=\"224\" srcset=\"https:\/\/fram.is\/wp-content\/uploads\/2013\/08\/H\u00f3pmynd2-300x224.jpg 300w, https:\/\/fram.is\/wp-content\/uploads\/2013\/08\/H\u00f3pmynd2-scaled-800x598.jpg 800w, https:\/\/fram.is\/wp-content\/uploads\/2013\/08\/H\u00f3pmynd2-1024x765.jpg 1024w, https:\/\/fram.is\/wp-content\/uploads\/2013\/08\/H\u00f3pmynd2-768x574.jpg 768w, https:\/\/fram.is\/wp-content\/uploads\/2013\/08\/H\u00f3pmynd2-1536x1147.jpg 1536w, https:\/\/fram.is\/wp-content\/uploads\/2013\/08\/H\u00f3pmynd2-2048x1530.jpg 2048w\" sizes=\"(max-width: 300px) 100vw, 300px\" \/><\/a><\/a><\/p>\n<p>Leikmennirnir \u00d6gmundur Kristinsson fyrirli\u00f0i FRAM, Haukur Baldvinsson, H\u00f3lmbert Aron Fri\u00f0j\u00f3nsson og Orri Gunnarsson m\u00e6ttu l\u00edka \u00e1 sv\u00e6\u00f0i\u00f0 og t\u00f3ku \u00fe\u00e1tt \u00ed spili og spjalli me\u00f0 kr\u00f6kkunum.\u00a0 A\u00f0 lokum stilltu allir s\u00e9r upp fyrir myndat\u00f6ku, krakkarnir fengu \u00e1ritanir fr\u00e1 leikm\u00f6nnunum og Rikka sem a\u00f0 sj\u00e1lfs\u00f6g\u00f0u hv\u00f6ttu alla til a\u00f0 fj\u00f6lmenna \u00e1 bikar\u00farslitaleikinn \u00e1 laugardag.\u00a0 Ekki var anna\u00f0 a\u00f0 heyra en a\u00f0 hver einasti ma\u00f0ur \u00e6tla\u00f0i a\u00f0 m\u00e6ta \u00ed Laugardalinn og a\u00f0 sj\u00e1lfs\u00f6g\u00f0u \u00ed FRAMb\u00faningnum fagra.<\/p>\n<p>\u00c1fram FRAM!<\/p>\n<p><a href=\"http:\/\/fram.is\/wp-content\/uploads\/2013\/08\/Spil1.jpg\"><img loading=\"lazy\" decoding=\"async\" class=\"alignnone size-medium wp-image-4050\" alt=\"Spil1\" src=\"http:\/\/fram.is\/wp-content\/uploads\/2013\/08\/Spil1-300x224.jpg\" width=\"300\" height=\"224\" srcset=\"https:\/\/fram.is\/wp-content\/uploads\/2013\/08\/Spil1-300x224.jpg 300w, https:\/\/fram.is\/wp-content\/uploads\/2013\/08\/Spil1-scaled-800x598.jpg 800w, https:\/\/fram.is\/wp-content\/uploads\/2013\/08\/Spil1-1024x765.jpg 1024w, https:\/\/fram.is\/wp-content\/uploads\/2013\/08\/Spil1-768x574.jpg 768w, https:\/\/fram.is\/wp-content\/uploads\/2013\/08\/Spil1-1536x1147.jpg 1536w, https:\/\/fram.is\/wp-content\/uploads\/2013\/08\/Spil1-2048x1530.jpg 2048w\" sizes=\"(max-width: 300px) 100vw, 300px\" \/><a href=\"http:\/\/fram.is\/wp-content\/uploads\/2013\/08\/Spil2.jpg\"><img loading=\"lazy\" decoding=\"async\" class=\"alignnone size-medium wp-image-4051\" alt=\"Spil2\" src=\"http:\/\/fram.is\/wp-content\/uploads\/2013\/08\/Spil2-300x224.jpg\" width=\"300\" height=\"224\" srcset=\"https:\/\/fram.is\/wp-content\/uploads\/2013\/08\/Spil2-300x224.jpg 300w, https:\/\/fram.is\/wp-content\/uploads\/2013\/08\/Spil2-scaled-800x598.jpg 800w, https:\/\/fram.is\/wp-content\/uploads\/2013\/08\/Spil2-1024x765.jpg 1024w, https:\/\/fram.is\/wp-content\/uploads\/2013\/08\/Spil2-768x574.jpg 768w, https:\/\/fram.is\/wp-content\/uploads\/2013\/08\/Spil2-1536x1147.jpg 1536w, https:\/\/fram.is\/wp-content\/uploads\/2013\/08\/Spil2-2048x1530.jpg 2048w\" sizes=\"(max-width: 300px) 100vw, 300px\" \/><\/a><\/a><\/p>","protected":false},"excerpt":{"rendered":"<p>Knattspyrnusk\u00f3li FRAM hefur sta\u00f0i\u00f0 yfir \u00ed \u00dalfars\u00e1rdalnum fr\u00e1 \u00fev\u00ed 7.\u00e1g\u00fast.\u00a0 \u00cd sk\u00f3lanum hafa um 60 krakkar \u00e6ft undir styrkri handlei\u00f0slu yngri flokka \u00fej\u00e1lfara FRAM.\u00a0 \u00c1 morgun f\u00f6studag ver\u00f0ur lokadagur knattspyrnusk\u00f3lans [&hellip;]<\/p>","protected":false},"author":6,"featured_media":4047,"comment_status":"open","ping_status":"open","sticky":false,"template":"","format":"standard","meta":{"_monsterinsights_skip_tracking":false,"_monsterinsights_sitenote_active":false,"_monsterinsights_sitenote_note":"","_monsterinsights_sitenote_category":0,"_jetpack_memberships_contains_paid_content":false,"footnotes":""},"categories":[8,10,9],"tags":[],"class_list":["post-4046","post","type-post","status-publish","format-standard","has-post-thumbnail","hentry","category-adalstjorn","category-frettir","category-fotbolti"],"jetpack_sharing_enabled":true,"jetpack_featured_media_url":"https:\/\/fram.is\/wp-content\/uploads\/2013\/08\/H\u00f3pmynd-scaled.jpg","_links":{"self":[{"href":"https:\/\/fram.is\/is\/wp-json\/wp\/v2\/posts\/4046","targetHints":{"allow":["GET"]}}],"collection":[{"href":"https:\/\/fram.is\/is\/wp-json\/wp\/v2\/posts"}],"about":[{"href":"https:\/\/fram.is\/is\/wp-json\/wp\/v2\/types\/post"}],"author":[{"embeddable":true,"href":"https:\/\/fram.is\/is\/wp-json\/wp\/v2\/users\/6"}],"replies":[{"embeddable":true,"href":"https:\/\/fram.is\/is\/wp-json\/wp\/v2\/comments?post=4046"}],"version-history":[{"count":0,"href":"https:\/\/fram.is\/is\/wp-json\/wp\/v2\/posts\/4046\/revisions"}],"wp:featuredmedia":[{"embeddable":true,"href":"https:\/\/fram.is\/is\/wp-json\/wp\/v2\/media\/4047"}],"wp:attachment":[{"href":"https:\/\/fram.is\/is\/wp-json\/wp\/v2\/media?parent=4046"}],"wp:term":[{"taxonomy":"category","embeddable":true,"href":"https:\/\/fram.is\/is\/wp-json\/wp\/v2\/categories?post=4046"},{"taxonomy":"post_tag","embeddable":true,"href":"https:\/\/fram.is\/is\/wp-json\/wp\/v2\/tags?post=4046"}],"curies":[{"name":"wp","href":"https:\/\/api.w.org\/{rel}","templated":true}]}}