{"id":4059,"date":"2013-08-17T12:15:07","date_gmt":"2013-08-17T12:15:07","guid":{"rendered":"http:\/\/fram.is\/?p=4059"},"modified":"2013-08-17T12:15:07","modified_gmt":"2013-08-17T12:15:07","slug":"framstulkur-fognudu-sigri-gegn-ia","status":"publish","type":"post","link":"https:\/\/fram.is\/is\/2013\/08\/17\/framstulkur-fognudu-sigri-gegn-ia\/","title":{"rendered":"FRAMst\u00falkur f\u00f6gnu\u00f0u sigri gegn \u00cdA"},"content":{"rendered":"<figure id=\"attachment_3859\" aria-describedby=\"caption-attachment-3859\" style=\"width: 300px\" class=\"wp-caption alignright\"><a href=\"http:\/\/fram.is\/wp-content\/uploads\/2013\/07\/image-2.jpg\"><img fetchpriority=\"high\" decoding=\"async\" class=\"size-medium wp-image-3859\" alt=\"Mynd: F\u00f3tbolti.net\" src=\"http:\/\/fram.is\/wp-content\/uploads\/2013\/07\/image-2-300x236.jpg\" width=\"300\" height=\"236\" srcset=\"https:\/\/fram.is\/wp-content\/uploads\/2013\/07\/image-2-300x236.jpg 300w, https:\/\/fram.is\/wp-content\/uploads\/2013\/07\/image-2.jpg 500w\" sizes=\"(max-width: 300px) 100vw, 300px\" \/><\/a><figcaption id=\"caption-attachment-3859\" class=\"wp-caption-text\">Mynd: F\u00f3tbolti.net<\/figcaption><\/figure>\n<p>FRAM haf\u00f0i betur gegn \u00cdA, 4-0, \u00ed A-ri\u00f0li 1.deildar kvenna \u00ed knattspyrnu \u00e1 FRAMvellinum \u00ed Safam\u00fdri \u00ed kv\u00f6ld, trygg\u00f0i s\u00e9r \u00fear me\u00f0 \u00feri\u00f0ja s\u00e6ti ri\u00f0ilsins og f\u00e6r\u00f0i Fylkisst\u00falkum efsta s\u00e6ti\u00f0.<\/p>\n<p><strong>FRAM 4-0 \u00cdA (3-0)<br \/>\n<\/strong>1-0 \u00a0Hulda M\u00fdrdal Gunnarsd\u00f3ttir 13.m\u00edn.<br \/>\n2-0 \u00a0Hulda M\u00fdrdal Gunnarsd\u00f3ttir 25.m\u00edn.<br \/>\n3-0 \u00a0Dagmar \u00ddr Arnard\u00f3ttir 40.m\u00edn.<br \/>\n4-0 \u00a0Fj\u00f3la Sigur\u00f0ard\u00f3ttir 71.m\u00edn.<\/p>\n<p>Fyrir leikinn \u00ed kv\u00f6ld haf\u00f0i Skagali\u00f0i\u00f0 a\u00f0eins tapa\u00f0 tveimur leikjum \u00ed deildinni; gegn FRAM og Fylki, og \u00fe\u00f3tti \u00f6llu l\u00edklegra til afreka. FRAMst\u00falkur h\u00f6f\u00f0u hins vegar nokkra yfirbur\u00f0i og tv\u00f6 m\u00f6rk Huldu M\u00fdrdal Gunnarsd\u00f3ttur \u00e1 fyrstu tuttugu og fimm m\u00edn\u00fatunum undirstriku\u00f0u \u00fe\u00e1. Gu\u00f0r\u00fanu Vald\u00edsi J\u00f3nsd\u00f3ttur, markver\u00f0i \u00cdA, var v\u00edsa\u00f0 af leikvelli \u00feegar \u00e1tta m\u00edn\u00fatur voru eftir af fyrri h\u00e1lfleik og Dagmar \u00ddr Arnard\u00f3ttir skora\u00f0i \u00feri\u00f0ja mark FRAM \u00e1\u00f0ur en fyrri h\u00e1lfleikur var allur. Fj\u00f3la Sigur\u00f0ard\u00f3ttir gulltrygg\u00f0i gl\u00e6silegan sigur me\u00f0 fj\u00f3r\u00f0a marki FRAM \u00ed s\u00ed\u00f0ari h\u00e1lfleik.<br \/>\nR\u00f6\u00f0 \u00feriggja efstu li\u00f0anna \u00ed ri\u00f0linum er \u00fear me\u00f0 r\u00e1\u00f0in; Fylkir hefur tryggt s\u00e9r efsta s\u00e6ti\u00f0, \u00cdA er \u00ed \u00f6\u00f0ru s\u00e6ti og FRAM \u00ed \u00fev\u00ed \u00feri\u00f0ja.<\/p>\n<p><a href=\"http:\/\/www.ksi.is\/mot\/motalisti\/leikskyrsla\/?Leikur=319106\" target=\"_blank\" rel=\"noopener\">Leiksk\u00fdrslan<\/a><\/p>\n<p>Sta\u00f0an \u00ed A-ri\u00f0li 1.deildar kvenna:<\/p>\n<div><\/div>\n<table id=\"stodu-tafla\" border=\"0\" cellspacing=\"0\">\n<tbody>\n<tr>\n<th><\/th>\n<th>F\u00c9LAG<\/th>\n<th>L<\/th>\n<th>U<\/th>\n<th>J<\/th>\n<th>T<\/th>\n<th>M\u00d6RK<\/th>\n<th>NET<\/th>\n<th>STIG<\/th>\n<\/tr>\n<tr>\n<td>1<\/td>\n<td>Fylkir<\/td>\n<td>14<\/td>\n<td>13<\/td>\n<td>1<\/td>\n<td>0<\/td>\n<td>69 \u00a0&#8211;\u00a0 \u00a0 6<\/td>\n<td>63<\/td>\n<td>40<\/td>\n<\/tr>\n<tr>\n<td>2<\/td>\n<td>\u00cdA<\/td>\n<td>15<\/td>\n<td>11<\/td>\n<td>1<\/td>\n<td>3<\/td>\n<td>48 \u00a0&#8211;\u00a0 22<\/td>\n<td>26<\/td>\n<td>34<\/td>\n<\/tr>\n<tr>\n<td>3<\/td>\n<td>Fram<\/td>\n<td>15<\/td>\n<td>8<\/td>\n<td>2<\/td>\n<td>5<\/td>\n<td>28 \u00a0&#8211;\u00a0 20<\/td>\n<td>8<\/td>\n<td>26<\/td>\n<\/tr>\n<tr>\n<td>4<\/td>\n<td>Haukar<\/td>\n<td>15<\/td>\n<td>7<\/td>\n<td>1<\/td>\n<td>7<\/td>\n<td>26 \u00a0&#8211;\u00a0 22<\/td>\n<td>4<\/td>\n<td>22<\/td>\n<\/tr>\n<tr>\n<td>5<\/td>\n<td>\u00c1lftanes<\/td>\n<td>14<\/td>\n<td>5<\/td>\n<td>4<\/td>\n<td>5<\/td>\n<td>18 \u00a0&#8211;\u00a0 20<\/td>\n<td>-2<\/td>\n<td>19<\/td>\n<\/tr>\n<tr>\n<td>6<\/td>\n<td>Tindast\u00f3ll<\/td>\n<td>13<\/td>\n<td>3<\/td>\n<td>5<\/td>\n<td>5<\/td>\n<td>26 \u00a0&#8211;\u00a0 21<\/td>\n<td>5<\/td>\n<td>14<\/td>\n<\/tr>\n<tr>\n<td>7<\/td>\n<td>\u00cdR<\/td>\n<td>15<\/td>\n<td>3<\/td>\n<td>4<\/td>\n<td>8<\/td>\n<td>15 \u00a0&#8211;\u00a0 45<\/td>\n<td>-30<\/td>\n<td>13<\/td>\n<\/tr>\n<tr>\n<td>8<\/td>\n<td>B\u00cd\/Bolungarv\u00edk<\/td>\n<td>14<\/td>\n<td>2<\/td>\n<td>3<\/td>\n<td>9<\/td>\n<td>13 \u00a0&#8211;\u00a0 33<\/td>\n<td>-20<\/td>\n<td>9<\/td>\n<\/tr>\n<tr>\n<td>9<\/td>\n<td>V\u00edkingur \u00d3.<\/td>\n<td>15<\/td>\n<td>1<\/td>\n<td>3<\/td>\n<td>11<\/td>\n<td>12 \u00a0&#8211;\u00a0 66<\/td>\n<td>-54<\/td>\n<td>6<\/td>\n<\/tr>\n<\/tbody>\n<\/table>","protected":false},"excerpt":{"rendered":"<p>FRAM haf\u00f0i betur gegn \u00cdA, 4-0, \u00ed A-ri\u00f0li 1.deildar kvenna \u00ed knattspyrnu \u00e1 FRAMvellinum \u00ed Safam\u00fdri \u00ed kv\u00f6ld, trygg\u00f0i s\u00e9r \u00fear me\u00f0 \u00feri\u00f0ja s\u00e6ti ri\u00f0ilsins og f\u00e6r\u00f0i Fylkisst\u00falkum efsta s\u00e6ti\u00f0. [&hellip;]<\/p>","protected":false},"author":3,"featured_media":3860,"comment_status":"open","ping_status":"open","sticky":false,"template":"","format":"standard","meta":{"_monsterinsights_skip_tracking":false,"_monsterinsights_sitenote_active":false,"_monsterinsights_sitenote_note":"","_monsterinsights_sitenote_category":0,"_jetpack_memberships_contains_paid_content":false,"footnotes":""},"categories":[12,9],"tags":[],"class_list":["post-4059","post","type-post","status-publish","format-standard","has-post-thumbnail","hentry","category-mflkvenna","category-fotbolti"],"jetpack_sharing_enabled":true,"jetpack_featured_media_url":"https:\/\/fram.is\/wp-content\/uploads\/2013\/07\/image-2-fors.jpg","_links":{"self":[{"href":"https:\/\/fram.is\/is\/wp-json\/wp\/v2\/posts\/4059","targetHints":{"allow":["GET"]}}],"collection":[{"href":"https:\/\/fram.is\/is\/wp-json\/wp\/v2\/posts"}],"about":[{"href":"https:\/\/fram.is\/is\/wp-json\/wp\/v2\/types\/post"}],"author":[{"embeddable":true,"href":"https:\/\/fram.is\/is\/wp-json\/wp\/v2\/users\/3"}],"replies":[{"embeddable":true,"href":"https:\/\/fram.is\/is\/wp-json\/wp\/v2\/comments?post=4059"}],"version-history":[{"count":0,"href":"https:\/\/fram.is\/is\/wp-json\/wp\/v2\/posts\/4059\/revisions"}],"wp:featuredmedia":[{"embeddable":true,"href":"https:\/\/fram.is\/is\/wp-json\/wp\/v2\/media\/3860"}],"wp:attachment":[{"href":"https:\/\/fram.is\/is\/wp-json\/wp\/v2\/media?parent=4059"}],"wp:term":[{"taxonomy":"category","embeddable":true,"href":"https:\/\/fram.is\/is\/wp-json\/wp\/v2\/categories?post=4059"},{"taxonomy":"post_tag","embeddable":true,"href":"https:\/\/fram.is\/is\/wp-json\/wp\/v2\/tags?post=4059"}],"curies":[{"name":"wp","href":"https:\/\/api.w.org\/{rel}","templated":true}]}}