{"id":4076,"date":"2013-08-17T20:26:42","date_gmt":"2013-08-17T20:26:42","guid":{"rendered":"http:\/\/fram.is\/?p=4076"},"modified":"2013-08-17T20:26:42","modified_gmt":"2013-08-17T20:26:42","slug":"fram-er-bikarmeistari","status":"publish","type":"post","link":"https:\/\/fram.is\/is\/2013\/08\/17\/fram-er-bikarmeistari\/","title":{"rendered":"FRAM er bikarmeistari!"},"content":{"rendered":"<p><a href=\"http:\/\/fram.is\/wp-content\/uploads\/2013\/08\/CAM00039.jpg\"><img fetchpriority=\"high\" decoding=\"async\" class=\"alignright size-medium wp-image-4078\" alt=\"CAM00039\" src=\"http:\/\/fram.is\/wp-content\/uploads\/2013\/08\/CAM00039-300x225.jpg\" width=\"300\" height=\"225\" srcset=\"https:\/\/fram.is\/wp-content\/uploads\/2013\/08\/CAM00039-300x225.jpg 300w, https:\/\/fram.is\/wp-content\/uploads\/2013\/08\/CAM00039-scaled-800x600.jpg 800w, https:\/\/fram.is\/wp-content\/uploads\/2013\/08\/CAM00039-1024x768.jpg 1024w, https:\/\/fram.is\/wp-content\/uploads\/2013\/08\/CAM00039-768x576.jpg 768w, https:\/\/fram.is\/wp-content\/uploads\/2013\/08\/CAM00039-1536x1152.jpg 1536w, https:\/\/fram.is\/wp-content\/uploads\/2013\/08\/CAM00039-2048x1536.jpg 2048w\" sizes=\"(max-width: 300px) 100vw, 300px\" \/><\/a> FRAM er Borgunarbikarmeistari karla \u00ed knattspyrnu 2013 eftir sigur \u00e1 Stj\u00f6rnunni \u00ed \u00farslitaleik \u00e1 Laugardalsvelli. \u00dear me\u00f0 er 23 \u00e1ra ey\u00f0imerkurg\u00f6ngu f\u00e9lagsins formlega loki\u00f0, en \u00feetta er fyrsti titill karlali\u00f0s FRAM s\u00ed\u00f0an li\u00f0i\u00f0 var\u00f0 \u00cdslandsmeistari \u00e1ri\u00f0 1990 og fyrsti bikarmeistaratitillinn s\u00ed\u00f0an 1989.<\/p>\n<p>Leikurinn var h\u00e1dramat\u00edskur, \u00e6sispennandi, st\u00fatfullur af umdeilanlegum atvikum og \u00farslitin r\u00e9\u00f0ust j\u00fa \u00ed v\u00edtaspyrnukeppni. Sta\u00f0an \u00ed h\u00e1lfleik var 2-0 fyrir Stj\u00f6rnuna og 3-3 eftir venjulegan leikt\u00edma og framlengingu. Vi\u00f0 g\u00e6tum skrifa\u00f0 langan pistil um v\u00edtaspyrnud\u00f3minn, hvort a\u00f0sto\u00f0ard\u00f3marinn hafi misst af j\u00f6fnunarmarki FRAM, marki\u00f0 hans H\u00f3lmberts og m\u00f6rkin hans Almarrs. Hann bara gat ekki h\u00e6tt a\u00f0 skora \u00ed bikarnum \u00ed \u00e1r. Vi\u00f0 g\u00e6tum l\u00edka skrifa\u00f0 um v\u00f6rslurnar hans \u00d6gmundar, ekki s\u00edst \u00ed v\u00edtaspyrnukeppninni, li\u00f0sheildina, karakterinn og sigurviljann. Ekki m\u00e1 gleyma stu\u00f0ningsm\u00f6nnunum sem f\u00f3ru hamf\u00f6rum \u00e1 p\u00f6llunum og stungu sokki upp \u00ed \u00fe\u00e1 sem segja a\u00f0 FRAMarar m\u00e6ti ekki og sty\u00f0ji s\u00edna menn. \u00dev\u00edl\u00edk frammista\u00f0a.<\/p>\n<p>Vi\u00f0 \u00e1kv\u00e1\u00f0um a\u00f0 sleppa langlokum og \u00f3ska einfaldlega FR\u00d6Murum, \u00f6llum sem einum, innilega til hamingju me\u00f0 titilinn. \u00deetta er rakin snilld.<\/p>\n<p>TIL HAMINGJU FRAMARAR!<\/p>\n<p>[nggallery id=7]<\/p>","protected":false},"excerpt":{"rendered":"<p>FRAM er Borgunarbikarmeistari karla \u00ed knattspyrnu 2013 eftir sigur \u00e1 Stj\u00f6rnunni \u00ed \u00farslitaleik \u00e1 Laugardalsvelli. \u00dear me\u00f0 er 23 \u00e1ra ey\u00f0imerkurg\u00f6ngu f\u00e9lagsins formlega loki\u00f0, en \u00feetta er fyrsti titill karlali\u00f0s [&hellip;]<\/p>","protected":false},"author":3,"featured_media":4079,"comment_status":"open","ping_status":"open","sticky":false,"template":"","format":"standard","meta":{"_monsterinsights_skip_tracking":false,"_monsterinsights_sitenote_active":false,"_monsterinsights_sitenote_note":"","_monsterinsights_sitenote_category":0,"_jetpack_memberships_contains_paid_content":false,"footnotes":""},"categories":[11,9],"tags":[],"class_list":["post-4076","post","type-post","status-publish","format-standard","has-post-thumbnail","hentry","category-mflkarla","category-fotbolti"],"jetpack_sharing_enabled":true,"jetpack_featured_media_url":"https:\/\/fram.is\/wp-content\/uploads\/2013\/08\/CAM00047fors.jpg","_links":{"self":[{"href":"https:\/\/fram.is\/is\/wp-json\/wp\/v2\/posts\/4076","targetHints":{"allow":["GET"]}}],"collection":[{"href":"https:\/\/fram.is\/is\/wp-json\/wp\/v2\/posts"}],"about":[{"href":"https:\/\/fram.is\/is\/wp-json\/wp\/v2\/types\/post"}],"author":[{"embeddable":true,"href":"https:\/\/fram.is\/is\/wp-json\/wp\/v2\/users\/3"}],"replies":[{"embeddable":true,"href":"https:\/\/fram.is\/is\/wp-json\/wp\/v2\/comments?post=4076"}],"version-history":[{"count":0,"href":"https:\/\/fram.is\/is\/wp-json\/wp\/v2\/posts\/4076\/revisions"}],"wp:featuredmedia":[{"embeddable":true,"href":"https:\/\/fram.is\/is\/wp-json\/wp\/v2\/media\/4079"}],"wp:attachment":[{"href":"https:\/\/fram.is\/is\/wp-json\/wp\/v2\/media?parent=4076"}],"wp:term":[{"taxonomy":"category","embeddable":true,"href":"https:\/\/fram.is\/is\/wp-json\/wp\/v2\/categories?post=4076"},{"taxonomy":"post_tag","embeddable":true,"href":"https:\/\/fram.is\/is\/wp-json\/wp\/v2\/tags?post=4076"}],"curies":[{"name":"wp","href":"https:\/\/api.w.org\/{rel}","templated":true}]}}