{"id":40964,"date":"2024-09-02T13:24:10","date_gmt":"2024-09-02T13:24:10","guid":{"rendered":"https:\/\/fram.is\/?p=40964"},"modified":"2024-09-02T13:25:32","modified_gmt":"2024-09-02T13:25:32","slug":"uppskeruhatid-bur-laugardaginn-7-september-kl-1130","status":"publish","type":"post","link":"https:\/\/fram.is\/is\/2024\/09\/02\/uppskeruhatid-bur-laugardaginn-7-september-kl-1130\/","title":{"rendered":"Uppskeruh\u00e1t\u00ed\u00f0 BUR laugardaginn 7.september kl. 11:30"},"content":{"rendered":"<div data-elementor-type=\"wp-post\" data-elementor-id=\"40964\" class=\"elementor elementor-40964\" data-elementor-post-type=\"post\">\n\t\t\t\t<section class=\"elementor-section elementor-top-section elementor-element elementor-element-ca31e4d elementor-section-boxed elementor-section-height-default elementor-section-height-default\" data-id=\"ca31e4d\" data-element_type=\"section\">\n\t\t\t\t\t\t<div class=\"elementor-container elementor-column-gap-default\">\n\t\t\t\t\t<div class=\"elementor-column elementor-col-100 elementor-top-column elementor-element elementor-element-77fb40d2\" data-id=\"77fb40d2\" data-element_type=\"column\">\n\t\t\t<div class=\"elementor-widget-wrap elementor-element-populated\">\n\t\t\t\t\t\t<div class=\"elementor-element elementor-element-6c9a8b0 elementor-widget elementor-widget-text-editor\" data-id=\"6c9a8b0\" data-element_type=\"widget\" data-widget_type=\"text-editor.default\">\n\t\t\t\t<div class=\"elementor-widget-container\"><p>Barna og unglingar\u00e1\u00f0 Knattspyrnudeildar Fram heldur uppskeruh\u00e1t\u00ed\u00f0 yngri flokka laugardaginn 7. september kl. 11:30 \u00ed \u00dalfars\u00e1rdal.<\/p><p>Allir i\u00f0kendur \u00ed 6. 7. og 8. flokki f\u00e1 vi\u00f0urkenningarskj\u00f6l.\u00a0 Eir\u00edksbikarinn ver\u00f0ur afhentur fyrir fyrirmyndar frammist\u00f6\u00f0u innan vallar sem utan \u00e1samt \u00fev\u00ed a\u00f0 nokkrir leikmenn 3. \u2013 5. flokks ver\u00f0a ver\u00f0launa\u00f0ir fyrir g\u00f3\u00f0a frammist\u00f6\u00f0u og framfarir.\u00a0 A\u00f0 uppskeruh\u00e1t\u00ed\u00f0 lokinni ver\u00f0ur bo\u00f0i\u00f0 upp \u00e1 grilla\u00f0ar pylsur og \u00eds, auk \u00feess sem fari\u00f0 ver\u00f0ur \u00ed skemmtilegar knatt\u00ferautir.\u00a0 Vi\u00f0 hvetjum foreldra til a\u00f0 m\u00e6ta me\u00f0 b\u00f6rnum s\u00ednum.<\/p><p>Kl. 14:00 hefst svo leikur meistaraflokks kvenna Fram gegn FHL.\u00a0 Um er a\u00f0 r\u00e6\u00f0a hreinan \u00farslitaleik \u00fear sem sigur tryggir stelpunum s\u00e6ti \u00ed Bestu deildinni \u00e1 n\u00e6sta t\u00edmabili. \u00dea\u00f0 er \u00fev\u00ed algj\u00f6rt lykilatri\u00f0i a\u00f0 i\u00f0kendur og a\u00f0standendur fj\u00f6lmenni \u00e1 leikinn \u00ed kj\u00f6lfar uppskeruh\u00e1t\u00ed\u00f0arinnar og hvetji stelpurnar \u00e1fram. \u00de\u00e6r hafa bo\u00f0i\u00f0 upp \u00e1 algj\u00f6ra f\u00f3tboltaveislu\u00a0\u00ed sumar og eiga stu\u00f0ninginn sannarlega skili\u00f0.<br \/><br \/>Vi\u00f0 hl\u00f6kkum til a\u00f0 sj\u00e1 ykkur,<br \/><br \/>Barna- og unglingar\u00e1\u00f0 knattspyrnudeildar Fram.<br \/><img fetchpriority=\"high\" decoding=\"async\" class=\"alignnone size-full wp-image-40967\" src=\"https:\/\/fram.is\/wp-content\/uploads\/2024\/09\/Uppskeruhatid-2024-Stor-.png\" alt=\"\" width=\"1080\" height=\"1350\" srcset=\"https:\/\/fram.is\/wp-content\/uploads\/2024\/09\/Uppskeruhatid-2024-Stor-.png 1080w, https:\/\/fram.is\/wp-content\/uploads\/2024\/09\/Uppskeruhatid-2024-Stor--240x300.png 240w, https:\/\/fram.is\/wp-content\/uploads\/2024\/09\/Uppskeruhatid-2024-Stor--819x1024.png 819w, https:\/\/fram.is\/wp-content\/uploads\/2024\/09\/Uppskeruhatid-2024-Stor--768x960.png 768w, https:\/\/fram.is\/wp-content\/uploads\/2024\/09\/Uppskeruhatid-2024-Stor--10x12.png 10w, https:\/\/fram.is\/wp-content\/uploads\/2024\/09\/Uppskeruhatid-2024-Stor--800x1000.png 800w\" sizes=\"(max-width: 1080px) 100vw, 1080px\" \/><\/p><\/div>\n\t\t\t\t<\/div>\n\t\t\t\t\t<\/div>\n\t\t<\/div>\n\t\t\t\t\t<\/div>\n\t\t<\/section>\t\t<\/div>","protected":false},"excerpt":{"rendered":"<p>Barna og unglingar\u00e1\u00f0 Knattspyrnudeildar Fram heldur uppskeruh\u00e1t\u00ed\u00f0 yngri flokka laugardaginn 7. september kl. 11:30 \u00ed \u00dalfars\u00e1rdal. Allir i\u00f0kendur \u00ed 6. 7. og 8. flokki f\u00e1 vi\u00f0urkenningarskj\u00f6l.\u00a0 Eir\u00edksbikarinn ver\u00f0ur afhentur fyrir [&hellip;]<\/p>","protected":false},"author":5,"featured_media":40965,"comment_status":"closed","ping_status":"closed","sticky":false,"template":"","format":"standard","meta":{"_monsterinsights_skip_tracking":false,"_monsterinsights_sitenote_active":false,"_monsterinsights_sitenote_note":"","_monsterinsights_sitenote_category":0,"_jetpack_memberships_contains_paid_content":false,"footnotes":""},"categories":[9,13],"tags":[],"class_list":["post-40964","post","type-post","status-publish","format-standard","has-post-thumbnail","hentry","category-fotbolti","category-yngriflokkar"],"jetpack_sharing_enabled":true,"jetpack_featured_media_url":"https:\/\/fram.is\/wp-content\/uploads\/2024\/09\/Uppskeruhatid-2024.png","_links":{"self":[{"href":"https:\/\/fram.is\/is\/wp-json\/wp\/v2\/posts\/40964","targetHints":{"allow":["GET"]}}],"collection":[{"href":"https:\/\/fram.is\/is\/wp-json\/wp\/v2\/posts"}],"about":[{"href":"https:\/\/fram.is\/is\/wp-json\/wp\/v2\/types\/post"}],"author":[{"embeddable":true,"href":"https:\/\/fram.is\/is\/wp-json\/wp\/v2\/users\/5"}],"replies":[{"embeddable":true,"href":"https:\/\/fram.is\/is\/wp-json\/wp\/v2\/comments?post=40964"}],"version-history":[{"count":4,"href":"https:\/\/fram.is\/is\/wp-json\/wp\/v2\/posts\/40964\/revisions"}],"predecessor-version":[{"id":40970,"href":"https:\/\/fram.is\/is\/wp-json\/wp\/v2\/posts\/40964\/revisions\/40970"}],"wp:featuredmedia":[{"embeddable":true,"href":"https:\/\/fram.is\/is\/wp-json\/wp\/v2\/media\/40965"}],"wp:attachment":[{"href":"https:\/\/fram.is\/is\/wp-json\/wp\/v2\/media?parent=40964"}],"wp:term":[{"taxonomy":"category","embeddable":true,"href":"https:\/\/fram.is\/is\/wp-json\/wp\/v2\/categories?post=40964"},{"taxonomy":"post_tag","embeddable":true,"href":"https:\/\/fram.is\/is\/wp-json\/wp\/v2\/tags?post=40964"}],"curies":[{"name":"wp","href":"https:\/\/api.w.org\/{rel}","templated":true}]}}