{"id":4123,"date":"2013-08-23T14:28:51","date_gmt":"2013-08-23T14:28:51","guid":{"rendered":"http:\/\/fram.is\/?p=4123"},"modified":"2013-08-23T14:28:51","modified_gmt":"2013-08-23T14:28:51","slug":"ithrottaskoli-fram-fyrir-born-18-manada-til-6-ara-hefst-14-september","status":"publish","type":"post","link":"https:\/\/fram.is\/is\/2013\/08\/23\/ithrottaskoli-fram-fyrir-born-18-manada-til-6-ara-hefst-14-september\/","title":{"rendered":"\u00cd\u00fer\u00f3ttask\u00f3li FRAM fyrir b\u00f6rn 18 m\u00e1na\u00f0a til 6 \u00e1ra, hefst 14. september."},"content":{"rendered":"<p align=\"center\"><strong>\u00cd\u00deR\u00d3TTASK\u00d3LI FRAM<\/strong><\/p>\n<p>\u00cd\u00fer\u00f3ttask\u00f3li Fram fyrir 18 m\u00e1na\u00f0a til\u00a0 6 \u00e1ra hefst \u00ed \u00a0<strong>\u00cd\u00fer\u00f3ttah\u00fasi<\/strong>\u00a0<strong>\u00c1lftam\u00fdrarsk\u00f3la og Ingunnarsk\u00f3la laugardaginn 14. September<\/strong><\/p>\n<p><strong>N\u00fdtt ! 18-30\u00a0m\u00e1na\u00f0a kl. 09:45-10:25, bara \u00ed Ingunnarsk\u00f3la Grafarholti.<\/strong><\/p>\n<p><b>3ja og 4ra \u00e1ra b\u00f6rn eru fr\u00e1 kl.10:45 til 11:45\u00a0(f\u00e6dd \u00b409 \u2013 \u00b410)<\/b><\/p>\n<p><b>5 og 6 \u00e1ra b\u00f6rn eru fr\u00e1 kl. 11:45 til 12:45\u00a0(f\u00e6dd \u00b407-\u00b408)<\/b><\/p>\n<p><strong>\u00cd\u00fer\u00f3ttakennarar \u00ed Safam\u00fdri<\/strong>\u00a0ver\u00f0a P\u00e1lmi og \u00a0lei\u00f0beinendur Brynjar og \u00c1g\u00fasta \u00ddr.<\/p>\n<p><strong>\u00cd\u00fer\u00f3ttakennarar \u00ed Grafarholti<\/strong>\u00a0ver\u00f0a Sonja, Sigur\u00f0ur Reynir, Eyj\u00f3lfur \u00a0og Kristinn \u00ed\u00fer\u00f3ttafr\u00e6\u00f0ingar.<\/p>\n<p>N\u00e1mskei\u00f0i\u00f0 er \u00e1 laugard\u00f6gum og hefst 14. September \u00a0og l\u00fdkur\u00a030. n\u00f3vember (12 t\u00edmar).<\/p>\n<p>Ver\u00f0 kr. 10.000.- (Systkinaafsl\u00e1ttur 1000 kr. \u00e1 barn).<\/p>\n<p>Allar n\u00e1nari uppl\u00fdsingar eru \u00ed s\u00edma\u00a0533-5600\/587-8800 \u00a0\u00ed \u00cd\u00fer\u00f3ttah\u00fasi Fram,533-5600 \u00a0P\u00e1lmi,\u00a0 863-7115 \u00a0Sonja B. Ragnhildard\u00f3ttir<\/p>\n<p>Skr\u00e1ning er \u00a0\u00ed ofangreindum n\u00famerum.<\/p>\n<p align=\"center\">Sj\u00e1umst hress og k\u00e1t.<\/p>\n<p align=\"center\">Me\u00f0 \u00ed\u00fer\u00f3ttakve\u00f0ju<\/p>\n<p align=\"center\">Almennings\u00ed\u00fer\u00f3ttadeild Fram<\/p>","protected":false},"excerpt":{"rendered":"<p>\u00cd\u00deR\u00d3TTASK\u00d3LI FRAM \u00cd\u00fer\u00f3ttask\u00f3li Fram fyrir 18 m\u00e1na\u00f0a til\u00a0 6 \u00e1ra hefst \u00ed \u00a0\u00cd\u00fer\u00f3ttah\u00fasi\u00a0\u00c1lftam\u00fdrarsk\u00f3la og Ingunnarsk\u00f3la laugardaginn 14. September N\u00fdtt ! 18-30\u00a0m\u00e1na\u00f0a kl. 09:45-10:25, bara \u00ed Ingunnarsk\u00f3la Grafarholti. 3ja og 4ra [&hellip;]<\/p>","protected":false},"author":4,"featured_media":4128,"comment_status":"open","ping_status":"open","sticky":false,"template":"","format":"standard","meta":{"_monsterinsights_skip_tracking":false,"_monsterinsights_sitenote_active":false,"_monsterinsights_sitenote_note":"","_monsterinsights_sitenote_category":0,"_jetpack_memberships_contains_paid_content":false,"footnotes":""},"categories":[10,16],"tags":[],"class_list":["post-4123","post","type-post","status-publish","format-standard","has-post-thumbnail","hentry","category-frettir","category-almenndeild"],"jetpack_sharing_enabled":true,"jetpack_featured_media_url":"https:\/\/fram.is\/wp-content\/uploads\/2013\/08\/i\u00fer-2013.jpg","_links":{"self":[{"href":"https:\/\/fram.is\/is\/wp-json\/wp\/v2\/posts\/4123","targetHints":{"allow":["GET"]}}],"collection":[{"href":"https:\/\/fram.is\/is\/wp-json\/wp\/v2\/posts"}],"about":[{"href":"https:\/\/fram.is\/is\/wp-json\/wp\/v2\/types\/post"}],"author":[{"embeddable":true,"href":"https:\/\/fram.is\/is\/wp-json\/wp\/v2\/users\/4"}],"replies":[{"embeddable":true,"href":"https:\/\/fram.is\/is\/wp-json\/wp\/v2\/comments?post=4123"}],"version-history":[{"count":0,"href":"https:\/\/fram.is\/is\/wp-json\/wp\/v2\/posts\/4123\/revisions"}],"wp:featuredmedia":[{"embeddable":true,"href":"https:\/\/fram.is\/is\/wp-json\/wp\/v2\/media\/4128"}],"wp:attachment":[{"href":"https:\/\/fram.is\/is\/wp-json\/wp\/v2\/media?parent=4123"}],"wp:term":[{"taxonomy":"category","embeddable":true,"href":"https:\/\/fram.is\/is\/wp-json\/wp\/v2\/categories?post=4123"},{"taxonomy":"post_tag","embeddable":true,"href":"https:\/\/fram.is\/is\/wp-json\/wp\/v2\/tags?post=4123"}],"curies":[{"name":"wp","href":"https:\/\/api.w.org\/{rel}","templated":true}]}}