{"id":4135,"date":"2013-08-26T12:43:28","date_gmt":"2013-08-26T12:43:28","guid":{"rendered":"http:\/\/fram.is\/?p=4135"},"modified":"2013-08-26T12:43:28","modified_gmt":"2013-08-26T12:43:28","slug":"fram-tekur-moti-keflavik-kvold-gridarlega-mikilvaegur-leikur","status":"publish","type":"post","link":"https:\/\/fram.is\/is\/2013\/08\/26\/fram-tekur-moti-keflavik-kvold-gridarlega-mikilvaegur-leikur\/","title":{"rendered":"FRAM tekur \u00e1 m\u00f3ti Keflav\u00edk \u00ed kv\u00f6ld | Gr\u00ed\u00f0arlega mikilv\u00e6gur leikur"},"content":{"rendered":"<figure id=\"attachment_4137\" aria-describedby=\"caption-attachment-4137\" style=\"width: 198px\" class=\"wp-caption alignright\"><a href=\"http:\/\/fram.is\/wp-content\/uploads\/2013\/08\/007.jpg\"><img fetchpriority=\"high\" decoding=\"async\" class=\"size-medium wp-image-4137\" alt=\"007\" src=\"http:\/\/fram.is\/wp-content\/uploads\/2013\/08\/007-198x300.jpg\" width=\"198\" height=\"300\" srcset=\"https:\/\/fram.is\/wp-content\/uploads\/2013\/08\/007-198x300.jpg 198w, https:\/\/fram.is\/wp-content\/uploads\/2013\/08\/007.jpg 393w\" sizes=\"(max-width: 198px) 100vw, 198px\" \/><\/a><figcaption id=\"caption-attachment-4137\" class=\"wp-caption-text\">Mynd: Sport.is<\/figcaption><\/figure>\n<p>FRAM og Keflav\u00edk eigast vi\u00f0 \u00ed sautj\u00e1ndu umfer\u00f0 Pepsideildar karla \u00ed knattspyrnu \u00ed kv\u00f6ld og ver\u00f0ur flauta\u00f0 til leiks \u00e1 Laugardalsvelli klukkan 19.15. Fyrir leikinn situr FRAM \u00ed sj\u00f6unda s\u00e6ti deildarinnar me\u00f0 18 stig, en Keflav\u00edk er \u00ed t\u00edunda s\u00e6ti me\u00f0 14 stig og er a\u00f0eins stigi fyrir ofan V\u00edkinga fr\u00e1 \u00d3lafsv\u00edk sem er \u00ed n\u00e6stne\u00f0sta s\u00e6ti.<\/p>\n<p>Leikurinn \u00ed kv\u00f6ld er gr\u00ed\u00f0arlega mikilv\u00e6gur og FRAMsigur myndi sl\u00e1 \u00e1 grimmustu \u00e1hyggjur manna og kvenna af botnbar\u00e1tu \u00ed n\u00e1nustu framt\u00ed\u00f0. FRAM og Keflav\u00edk hafa skipt me\u00f0 s\u00e9r stigum undanfarin \u00e1r, unni\u00f0 \u00e1 v\u00edxl n\u00e1nast sleitulaust s\u00ed\u00f0an 2008, en Keflav\u00edk fagna\u00f0i \u00fe\u00f3 sigri \u00ed b\u00e1\u00f0um deildarleikjunum gegn FRAM \u00e1 s\u00ed\u00f0ustu leikt\u00ed\u00f0 \u00e1n \u00feess a\u00f0 bl\u00e1kl\u00e6ddir n\u00e6\u00f0u a\u00f0 skora mark. FRAM vann hins vegar fyrri leikinn \u00e1 \u00feessari leikt\u00ed\u00f0 s\u00e6llar minningar 2-1, en \u00fea\u00f0 var fyrsti leikurinn sem li\u00f0i\u00f0 spila\u00f0i undir stj\u00f3rn R\u00edkhar\u00f0s Da\u00f0asonar og Au\u00f0uns Helgasonar.<br \/>\nKeflav\u00edk haf\u00f0i betur \u00ed s\u00ed\u00f0ustu heims\u00f3kn sinni \u00ed Laugardalinn, fagna\u00f0i sigri 2-0 \u00ed j\u00fan\u00ed \u00ed fyrra, og batt \u00fe\u00e1 enda \u00e1 \u00feriggja leikja sigurg\u00f6ngu FRAM gegn Keflav\u00edk \u00e1 heimavelli. \u00a0FRAM hefur m.\u00f6.o. unni\u00f0 \u00ferj\u00e1 af fj\u00f3rum si\u00f0ustu heimaleikjum s\u00ednum gegn Keflav\u00edk;\u00a05-0 \u00e1ri\u00f0 2009, \u00fear sem Halld\u00f3r Hermann skora\u00f0i tv\u00f6 m\u00f6rk, 2-1 \u00e1ri\u00f0 2010 me\u00f0 m\u00f6rkum Halld\u00f3rs Hermanns og Almarrs og 1-0 \u00e1ri\u00f0 2011 me\u00f0 marki Kristins Inga. \u00a0Halld\u00f3r Hermann hefur skora\u00f0 \u00ferj\u00fa m\u00f6rk \u00ed fj\u00f3rum s\u00ed\u00f0ustu leikjum s\u00ednum gegn Keflav\u00edk \u00e1 Laugardalsvelli.<\/p>\n<p>Fram hefur spila\u00f0 8 deildarleiki \u00e1 Laugardalsvelli, unni\u00f0 \u00ferj\u00e1, gert tv\u00f6 jafntefli og tapa\u00f0 \u00feremur.\u00a0 Sigurleikirnir eru gegn \u00de\u00f3r, KR og \u00cdA, jafnteflin gegn Fylki og Brei\u00f0abliki og tapleikirnir gegn Stj\u00f6rnunni, V\u00edkingi og Val.<br \/>\nFram vann s\u00ed\u00f0ast \u00e1 heimavelli \u00feegar Skagamann komu \u00ed heims\u00f3kn 11.\u00e1g\u00fast, 1-0.<br \/>\nKeflav\u00edk hefur spila\u00f0 8 \u00fatileiki \u00ed deildinni, unni\u00f0 tvo, gert eitt jafntefli og tapa\u00f0 fimm.\u00a0 Sigurleikirnir eru gegn V\u00edkingi og \u00a0\u00cdA , jafntefli\u00f0 gegn \u00cdBV og tapleikirnir gegn FH, Val, Stj\u00f6rnunni, KR og Fylki.<br \/>\n\u00datisigrana unnu Keflv\u00edkingar \u00ed ma\u00ed (V\u00edkingur) og j\u00fan\u00ed (\u00cdA) \u2013 \u00feeir hafa ekki unni\u00f0 \u00e1 \u00fativelli s\u00ed\u00f0an 24.j\u00fan\u00ed.<\/p>\n<p>S\u00ed\u00f0ustu \u00fer\u00edr leikir Fram eru tap gegn Val heima 0-4, sigur gegn \u00cdA heima 1-0 og tap gegn Stj\u00f6rnunni \u00fati 2-3.<br \/>\nS\u00ed\u00f0ustu \u00fer\u00edr leikir Keflv\u00edkinga eru sigur gegn V\u00edkingi heima 2-0, tap gegn Fylki \u00fati 0-3 og sigur gegn Val heima 2-0.<\/p>\n<p>Stu\u00f0ningur \u00e1horfenda skiptir \u00f6llu m\u00e1li \u00ed Laugardalnum \u00ed kv\u00f6ld &#8211; \u00fea\u00f0 \u00fearf varla a\u00f0 fj\u00f6lyr\u00f0a um mikilv\u00e6gi \u00feess a\u00f0 FRAMarar flykkist \u00e1 v\u00f6llinn og sty\u00f0ji drengina til g\u00f3\u00f0ra verka. Geiramenn l\u00e1ta sitt ekki eftir liggja &#8211; og \u00fea\u00f0 \u00e6tti \u00ed raun enginn FRAMari a\u00f0 gera heldur.<br \/>\nM\u00c6TUM OG LEGGUM OKKAR AF M\u00d6RKUM!<\/p>","protected":false},"excerpt":{"rendered":"<p>FRAM og Keflav\u00edk eigast vi\u00f0 \u00ed sautj\u00e1ndu umfer\u00f0 Pepsideildar karla \u00ed knattspyrnu \u00ed kv\u00f6ld og ver\u00f0ur flauta\u00f0 til leiks \u00e1 Laugardalsvelli klukkan 19.15. Fyrir leikinn situr FRAM \u00ed sj\u00f6unda s\u00e6ti [&hellip;]<\/p>","protected":false},"author":3,"featured_media":4138,"comment_status":"open","ping_status":"open","sticky":false,"template":"","format":"standard","meta":{"_monsterinsights_skip_tracking":false,"_monsterinsights_sitenote_active":false,"_monsterinsights_sitenote_note":"","_monsterinsights_sitenote_category":0,"_jetpack_memberships_contains_paid_content":false,"footnotes":""},"categories":[11,9],"tags":[],"class_list":["post-4135","post","type-post","status-publish","format-standard","has-post-thumbnail","hentry","category-mflkarla","category-fotbolti"],"jetpack_sharing_enabled":true,"jetpack_featured_media_url":"https:\/\/fram.is\/wp-content\/uploads\/2013\/08\/007-fors.jpg","_links":{"self":[{"href":"https:\/\/fram.is\/is\/wp-json\/wp\/v2\/posts\/4135","targetHints":{"allow":["GET"]}}],"collection":[{"href":"https:\/\/fram.is\/is\/wp-json\/wp\/v2\/posts"}],"about":[{"href":"https:\/\/fram.is\/is\/wp-json\/wp\/v2\/types\/post"}],"author":[{"embeddable":true,"href":"https:\/\/fram.is\/is\/wp-json\/wp\/v2\/users\/3"}],"replies":[{"embeddable":true,"href":"https:\/\/fram.is\/is\/wp-json\/wp\/v2\/comments?post=4135"}],"version-history":[{"count":0,"href":"https:\/\/fram.is\/is\/wp-json\/wp\/v2\/posts\/4135\/revisions"}],"wp:featuredmedia":[{"embeddable":true,"href":"https:\/\/fram.is\/is\/wp-json\/wp\/v2\/media\/4138"}],"wp:attachment":[{"href":"https:\/\/fram.is\/is\/wp-json\/wp\/v2\/media?parent=4135"}],"wp:term":[{"taxonomy":"category","embeddable":true,"href":"https:\/\/fram.is\/is\/wp-json\/wp\/v2\/categories?post=4135"},{"taxonomy":"post_tag","embeddable":true,"href":"https:\/\/fram.is\/is\/wp-json\/wp\/v2\/tags?post=4135"}],"curies":[{"name":"wp","href":"https:\/\/api.w.org\/{rel}","templated":true}]}}