{"id":41422,"date":"2024-10-08T11:29:25","date_gmt":"2024-10-08T11:29:25","guid":{"rendered":"https:\/\/fram.is\/?p=41422"},"modified":"2024-10-08T11:31:29","modified_gmt":"2024-10-08T11:31:29","slug":"irena-bjork-gestsdottir-hefur-framlengt-samning-sinn-vid-fram","status":"publish","type":"post","link":"https:\/\/fram.is\/is\/2024\/10\/08\/irena-bjork-gestsdottir-hefur-framlengt-samning-sinn-vid-fram\/","title":{"rendered":"\u00cdrena Bj\u00f6rk Gestsd\u00f3ttir hefur framlengt samning sinn vi\u00f0 Fram"},"content":{"rendered":"<div data-elementor-type=\"wp-post\" data-elementor-id=\"41422\" class=\"elementor elementor-41422\" data-elementor-post-type=\"post\">\n\t\t\t\t<section class=\"elementor-section elementor-top-section elementor-element elementor-element-6625b9e3 elementor-section-boxed elementor-section-height-default elementor-section-height-default\" data-id=\"6625b9e3\" data-element_type=\"section\">\n\t\t\t\t\t\t<div class=\"elementor-container elementor-column-gap-default\">\n\t\t\t\t\t<div class=\"elementor-column elementor-col-100 elementor-top-column elementor-element elementor-element-153038ff\" data-id=\"153038ff\" data-element_type=\"column\">\n\t\t\t<div class=\"elementor-widget-wrap elementor-element-populated\">\n\t\t\t\t\t\t<div class=\"elementor-element elementor-element-3ec6e31e elementor-widget elementor-widget-text-editor\" data-id=\"3ec6e31e\" data-element_type=\"widget\" data-widget_type=\"text-editor.default\">\n\t\t\t\t<div class=\"elementor-widget-container\"><p>\u00cdrena Bj\u00f6rk Gestsd\u00f3ttir hefur framlengt samning sinn vi\u00f0 f\u00e9lagi\u00f0 til tveggja \u00e1ra, e\u00f0a \u00fat t\u00edmabili\u00f0 2026.<\/p><p>\u00cdrena er 26 \u00e1ra jafnf\u00e6ttur bakv\u00f6r\u00f0ur sem gekk til li\u00f0s vi\u00f0 Fram fr\u00e1 Grindav\u00edk fyrir t\u00edmabili\u00f0 2023. H\u00fan hefur veri\u00f0 \u00ed st\u00f3ru hlutverki innan li\u00f0sins s\u00ed\u00f0an \u00fe\u00e1 og leyst b\u00e6\u00f0i bakvar\u00f0ast\u00f6\u00f0ur, mi\u00f0v\u00f6r\u00f0 og kant. \u00cdrena er fr\u00e1b\u00e6r karakter og li\u00f0sf\u00e9lagi og vi\u00f0 erum ofsalega\u00a0hamingjus\u00f6m me\u00f0 a\u00f0 f\u00e1 a\u00f0 nj\u00f3ta krafta hennar \u00e1fram \u00ed dal draumanna.<br \/><img fetchpriority=\"high\" decoding=\"async\" class=\"alignnone size-full wp-image-41425\" src=\"https:\/\/fram.is\/wp-content\/uploads\/2024\/10\/Samningur-Irena-Bjork.png\" alt=\"\" width=\"1080\" height=\"1350\" srcset=\"https:\/\/fram.is\/wp-content\/uploads\/2024\/10\/Samningur-Irena-Bjork.png 1080w, https:\/\/fram.is\/wp-content\/uploads\/2024\/10\/Samningur-Irena-Bjork-240x300.png 240w, https:\/\/fram.is\/wp-content\/uploads\/2024\/10\/Samningur-Irena-Bjork-819x1024.png 819w, https:\/\/fram.is\/wp-content\/uploads\/2024\/10\/Samningur-Irena-Bjork-768x960.png 768w, https:\/\/fram.is\/wp-content\/uploads\/2024\/10\/Samningur-Irena-Bjork-10x12.png 10w, https:\/\/fram.is\/wp-content\/uploads\/2024\/10\/Samningur-Irena-Bjork-800x1000.png 800w\" sizes=\"(max-width: 1080px) 100vw, 1080px\" \/><\/p><\/div>\n\t\t\t\t<\/div>\n\t\t\t\t\t<\/div>\n\t\t<\/div>\n\t\t\t\t\t<\/div>\n\t\t<\/section>\t\t<\/div>","protected":false},"excerpt":{"rendered":"<p>\u00cdrena Bj\u00f6rk Gestsd\u00f3ttir hefur framlengt samning sinn vi\u00f0 f\u00e9lagi\u00f0 til tveggja \u00e1ra, e\u00f0a \u00fat t\u00edmabili\u00f0 2026. \u00cdrena er 26 \u00e1ra jafnf\u00e6ttur bakv\u00f6r\u00f0ur sem gekk til li\u00f0s vi\u00f0 Fram fr\u00e1 Grindav\u00edk [&hellip;]<\/p>","protected":false},"author":5,"featured_media":41423,"comment_status":"closed","ping_status":"closed","sticky":false,"template":"","format":"standard","meta":{"_monsterinsights_skip_tracking":false,"_monsterinsights_sitenote_active":false,"_monsterinsights_sitenote_note":"","_monsterinsights_sitenote_category":0,"_jetpack_memberships_contains_paid_content":false,"footnotes":""},"categories":[9,12],"tags":[],"class_list":["post-41422","post","type-post","status-publish","format-standard","has-post-thumbnail","hentry","category-fotbolti","category-mflkvenna"],"jetpack_sharing_enabled":true,"jetpack_featured_media_url":"https:\/\/fram.is\/wp-content\/uploads\/2024\/10\/Samningur-Irena-Bjork-I-.png","_links":{"self":[{"href":"https:\/\/fram.is\/is\/wp-json\/wp\/v2\/posts\/41422","targetHints":{"allow":["GET"]}}],"collection":[{"href":"https:\/\/fram.is\/is\/wp-json\/wp\/v2\/posts"}],"about":[{"href":"https:\/\/fram.is\/is\/wp-json\/wp\/v2\/types\/post"}],"author":[{"embeddable":true,"href":"https:\/\/fram.is\/is\/wp-json\/wp\/v2\/users\/5"}],"replies":[{"embeddable":true,"href":"https:\/\/fram.is\/is\/wp-json\/wp\/v2\/comments?post=41422"}],"version-history":[{"count":7,"href":"https:\/\/fram.is\/is\/wp-json\/wp\/v2\/posts\/41422\/revisions"}],"predecessor-version":[{"id":41431,"href":"https:\/\/fram.is\/is\/wp-json\/wp\/v2\/posts\/41422\/revisions\/41431"}],"wp:featuredmedia":[{"embeddable":true,"href":"https:\/\/fram.is\/is\/wp-json\/wp\/v2\/media\/41423"}],"wp:attachment":[{"href":"https:\/\/fram.is\/is\/wp-json\/wp\/v2\/media?parent=41422"}],"wp:term":[{"taxonomy":"category","embeddable":true,"href":"https:\/\/fram.is\/is\/wp-json\/wp\/v2\/categories?post=41422"},{"taxonomy":"post_tag","embeddable":true,"href":"https:\/\/fram.is\/is\/wp-json\/wp\/v2\/tags?post=41422"}],"curies":[{"name":"wp","href":"https:\/\/api.w.org\/{rel}","templated":true}]}}