{"id":41682,"date":"2024-10-31T09:51:52","date_gmt":"2024-10-31T09:51:52","guid":{"rendered":"https:\/\/fram.is\/?p=41682"},"modified":"2024-11-01T17:08:20","modified_gmt":"2024-11-01T17:08:20","slug":"u15-u17-u19-og-u21-karla-i-handbolta","status":"publish","type":"post","link":"https:\/\/fram.is\/is\/2024\/10\/31\/u15-u17-u19-og-u21-karla-i-handbolta\/","title":{"rendered":"u15, u17, u19 og u21 karla \u00ed handbolta!"},"content":{"rendered":"<div data-elementor-type=\"wp-post\" data-elementor-id=\"41682\" class=\"elementor elementor-41682\" data-elementor-post-type=\"post\">\n\t\t\t\t\t\t<section class=\"elementor-section elementor-top-section elementor-element elementor-element-4eb0d4d elementor-section-boxed elementor-section-height-default elementor-section-height-default\" data-id=\"4eb0d4d\" data-element_type=\"section\">\n\t\t\t\t\t\t<div class=\"elementor-container elementor-column-gap-default\">\n\t\t\t\t\t<div class=\"elementor-column elementor-col-100 elementor-top-column elementor-element elementor-element-c61605d\" data-id=\"c61605d\" data-element_type=\"column\">\n\t\t\t<div class=\"elementor-widget-wrap elementor-element-populated\">\n\t\t\t\t\t\t<div class=\"elementor-element elementor-element-60a02b0 elementor-widget elementor-widget-text-editor\" data-id=\"60a02b0\" data-element_type=\"widget\" data-widget_type=\"text-editor.default\">\n\t\t\t\t<div class=\"elementor-widget-container\">\n\t\t\t\t\t\t\t\t\t<p>\u00dej\u00e1lfarar U-15, U-17 og U-19 og U-21 \u00e1rs landsli\u00f0a karla hafa vali\u00f0 \u00e6fingah\u00f3pa fyrir komandi landsli\u00f0shelgi sem ver\u00f0ur 4. \u2013 11. N\u00f3vember (mismundandi \u00e6fingardagar eftir landsli\u00f0um). \u00c6fingarnar fara fram \u00e1 h\u00f6fu\u00f0borgarsv\u00e6\u00f0inu en \u00e6fingat\u00edmar koma inn \u00e1 Abler \u00e1 n\u00e6stu d\u00f6gum.<br \/>N\u00e1nari uppl\u00fdsingar veita \u00fej\u00e1lfarar hvers li\u00f0s fyrir sig.<\/p><p>U-15 karla<br \/>Stef\u00e1n \u00c1rnason og \u00d6rn \u00derastarson hafa vali\u00f0 eftirtalda leikmenn til \u00e6finga 8.-11.n\u00f3vember.<br \/>\u00c6fingarnar fara fram \u00e1 h\u00f6fu\u00f0borgarsv\u00e6\u00f0inu en \u00e6fingat\u00edmar koma inn \u00e1 Abler \u00e1 n\u00e6stu d\u00f6gum.<br \/>Framarar \u00ed h\u00f3pnum:<br \/>Alexander Sigur\u00f0sson, Fram<br \/>Bergur Ingvarsson, Fram<br \/>Mikael Hrafn Loftsson, Fram<br \/>Steinar M\u00e1r Einarsson Clausen, Fram<br \/><br \/><\/p><p>U-17 karla<br \/>\u00c1sgeir \u00d6rn Hallgr\u00edmsson og Andri Sigf\u00fasson hafa vali\u00f0 eftirtalda leikmenn til \u00e6finga 8.-11.n\u00f3vember.<br \/>Framarar \u00ed h\u00f3pnum:<br \/>Krist\u00f3fer T\u00f3mas G\u00edslason Fram<br \/>Alex Unnar Hallgr\u00edmsson Fram<\/p><p>U-19 karla<br \/>Heimir R\u00edkar\u00f0sson og Maksim Akbachev hafa vali\u00f0 eftirtalda leikmenn til \u00e6finga 7. 11.n\u00f3vember.<br \/>Framarar \u00ed h\u00f3pnum:<br \/>Marel Baldvinsson, Fram<br \/>Max Emil Stenlund, Fram<\/p><p>U-21 karla<br \/>Einar Andri Einarsson og Halld\u00f3r J\u00f3hann Sigf\u00fasson hafa vali\u00f0 eftirtalda leikmenn til \u00e6finga 4.-9.n\u00f3vember.<br \/>Framarar \u00ed h\u00f3pnum:<br \/>Breki Hrafn \u00c1rnason Fram<br \/>Ei\u00f0ur Rafn Valsson Fram<br \/>Reynir \u00de\u00f3r Stef\u00e1nsson Fram<\/p>\t\t\t\t\t\t\t\t<\/div>\n\t\t\t\t<\/div>\n\t\t\t\t\t<\/div>\n\t\t<\/div>\n\t\t\t\t\t<\/div>\n\t\t<\/section>\n\t\t\t\t<section class=\"elementor-section elementor-top-section elementor-element elementor-element-528b69b elementor-section-boxed elementor-section-height-default elementor-section-height-default\" data-id=\"528b69b\" data-element_type=\"section\">\n\t\t\t\t\t\t<div class=\"elementor-container elementor-column-gap-default\">\n\t\t\t\t\t<div class=\"elementor-column elementor-col-100 elementor-top-column elementor-element elementor-element-7054b5c\" data-id=\"7054b5c\" data-element_type=\"column\">\n\t\t\t<div class=\"elementor-widget-wrap elementor-element-populated\">\n\t\t\t\t\t\t<div class=\"elementor-element elementor-element-f118403 elementor-widget elementor-widget-image\" data-id=\"f118403\" data-element_type=\"widget\" data-widget_type=\"image.default\">\n\t\t\t\t<div class=\"elementor-widget-container\">\n\t\t\t\t\t\t\t\t\t\t\t\t\t\t\t<img fetchpriority=\"high\" decoding=\"async\" width=\"800\" height=\"800\" src=\"https:\/\/fram.is\/wp-content\/uploads\/2023\/11\/Marel.jpg\" class=\"attachment-large size-large wp-image-36385\" alt=\"\" srcset=\"https:\/\/fram.is\/wp-content\/uploads\/2023\/11\/Marel.jpg 800w, https:\/\/fram.is\/wp-content\/uploads\/2023\/11\/Marel-300x300.jpg 300w, https:\/\/fram.is\/wp-content\/uploads\/2023\/11\/Marel-150x150.jpg 150w, https:\/\/fram.is\/wp-content\/uploads\/2023\/11\/Marel-768x768.jpg 768w, https:\/\/fram.is\/wp-content\/uploads\/2023\/11\/Marel-12x12.jpg 12w, https:\/\/fram.is\/wp-content\/uploads\/2023\/11\/Marel-100x100.jpg 100w\" sizes=\"(max-width: 800px) 100vw, 800px\" \/>\t\t\t\t\t\t\t\t\t\t\t\t\t\t\t<\/div>\n\t\t\t\t<\/div>\n\t\t\t\t\t<\/div>\n\t\t<\/div>\n\t\t\t\t\t<\/div>\n\t\t<\/section>\n\t\t\t\t<\/div>","protected":false},"excerpt":{"rendered":"<p>\u00dej\u00e1lfarar U-15, U-17 og U-19 og U-21 \u00e1rs landsli\u00f0a karla hafa vali\u00f0 \u00e6fingah\u00f3pa fyrir komandi landsli\u00f0shelgi sem ver\u00f0ur 4. \u2013 11. N\u00f3vember (mismundandi \u00e6fingardagar eftir landsli\u00f0um). \u00c6fingarnar fara fram \u00e1 [&hellip;]<\/p>","protected":false},"author":7,"featured_media":36384,"comment_status":"closed","ping_status":"closed","sticky":false,"template":"","format":"standard","meta":{"_monsterinsights_skip_tracking":false,"_monsterinsights_sitenote_active":false,"_monsterinsights_sitenote_note":"","_monsterinsights_sitenote_category":0,"_jetpack_memberships_contains_paid_content":false,"footnotes":""},"categories":[6],"tags":[],"class_list":["post-41682","post","type-post","status-publish","format-standard","has-post-thumbnail","hentry","category-handbolti"],"jetpack_sharing_enabled":true,"jetpack_featured_media_url":"https:\/\/fram.is\/wp-content\/uploads\/2023\/10\/Marel-II-vefur.jpg","_links":{"self":[{"href":"https:\/\/fram.is\/is\/wp-json\/wp\/v2\/posts\/41682","targetHints":{"allow":["GET"]}}],"collection":[{"href":"https:\/\/fram.is\/is\/wp-json\/wp\/v2\/posts"}],"about":[{"href":"https:\/\/fram.is\/is\/wp-json\/wp\/v2\/types\/post"}],"author":[{"embeddable":true,"href":"https:\/\/fram.is\/is\/wp-json\/wp\/v2\/users\/7"}],"replies":[{"embeddable":true,"href":"https:\/\/fram.is\/is\/wp-json\/wp\/v2\/comments?post=41682"}],"version-history":[{"count":10,"href":"https:\/\/fram.is\/is\/wp-json\/wp\/v2\/posts\/41682\/revisions"}],"predecessor-version":[{"id":41716,"href":"https:\/\/fram.is\/is\/wp-json\/wp\/v2\/posts\/41682\/revisions\/41716"}],"wp:featuredmedia":[{"embeddable":true,"href":"https:\/\/fram.is\/is\/wp-json\/wp\/v2\/media\/36384"}],"wp:attachment":[{"href":"https:\/\/fram.is\/is\/wp-json\/wp\/v2\/media?parent=41682"}],"wp:term":[{"taxonomy":"category","embeddable":true,"href":"https:\/\/fram.is\/is\/wp-json\/wp\/v2\/categories?post=41682"},{"taxonomy":"post_tag","embeddable":true,"href":"https:\/\/fram.is\/is\/wp-json\/wp\/v2\/tags?post=41682"}],"curies":[{"name":"wp","href":"https:\/\/api.w.org\/{rel}","templated":true}]}}