{"id":4186,"date":"2013-08-28T16:43:03","date_gmt":"2013-08-28T16:43:03","guid":{"rendered":"http:\/\/fram.is\/?p=4186"},"modified":"2013-08-28T16:43:03","modified_gmt":"2013-08-28T16:43:03","slug":"fimm-framarar-valdi-urtakshopa-yngri-landslida","status":"publish","type":"post","link":"https:\/\/fram.is\/is\/2013\/08\/28\/fimm-framarar-valdi-urtakshopa-yngri-landslida\/","title":{"rendered":"Fimm FRAMarar valdi \u00ed \u00fartaksh\u00f3pa yngri landsli\u00f0a"},"content":{"rendered":"<figure id=\"attachment_4184\" aria-describedby=\"caption-attachment-4184\" style=\"width: 300px\" class=\"wp-caption alignright\"><a href=\"http:\/\/fram.is\/wp-content\/uploads\/2013\/08\/Reykjav\u00edkurmeistarar-3.fl_.ka_.-2013.jpg\"><img decoding=\"async\" class=\"size-medium wp-image-4184\" alt=\"Reykjav\u00edkurmeistarar-3.fl_.ka_.-2013\" src=\"http:\/\/fram.is\/wp-content\/uploads\/2013\/08\/Reykjav\u00edkurmeistarar-3.fl_.ka_.-2013-300x161.jpg\" width=\"300\" height=\"161\" \/><\/a><figcaption id=\"caption-attachment-4184\" class=\"wp-caption-text\">3.flokkur karla &#8211; FRAM &#8211; Reykjav\u00edkurmeistarar 2013<\/figcaption><\/figure>\n<p>Fimm efnilegir leikmenn FRAM hafa veri\u00f0 valdir \u00ed \u00fartaksh\u00f3pa U15 og U17-\u00e1ra landsli\u00f0a \u00cdslands \u00ed knattspyrnu, en b\u00e6\u00f0i li\u00f0 taka \u00fe\u00e1tt \u00ed \u00e1hugaver\u00f0um verkefnum n\u00fa \u00e1 haustm\u00e1nu\u00f0um.<\/p>\n<p>Andri S\u00f3lbergsson og Arn\u00f3r Da\u00f0i A\u00f0alsteinsson, sem b\u00e1\u00f0ir eru 16 \u00e1ra, hafa veri\u00f0 valdir \u00ed \u00fartaksh\u00f3p U17- \u00e1ra landsli\u00f0sins. \u00a0Li\u00f0i\u00f0 heldur til R\u00fasslands \u00ed september og leikur \u00fear \u00ed undanri\u00f0li Evr\u00f3pum\u00f3tsins me\u00f0 gestgj\u00f6funum, sem eru r\u00edkjandi Evr\u00f3pumeistarar, Sl\u00f3v\u00f6kum sem komust \u00ed undan\u00farslit EM fyrr \u00e1 \u00feessu \u00e1ri, og li\u00f0i Azerbadjan.<\/p>\n<p>\u00der\u00edr FRAMarar; Helgi Gu\u00f0j\u00f3nsson, Magn\u00fas Sn\u00e6r Dagbjartsson og \u00d3li Anton Bieltvedt, sem allir eru 14 \u00e1ra, hafa veri\u00f0 valdir \u00ed \u00fartaksh\u00f3p U15-\u00e1ra landsli\u00f0sins. \u00a0Li\u00f0i\u00f0 leikur \u00ed undankeppni \u00d3lymp\u00eduleika \u00e6skunnar \u00ed okt\u00f3ber.<\/p>\n<p>Vi\u00f0 \u00f3skum \u00feessum framt\u00ed\u00f0arstj\u00f6rnum FRAM g\u00f3\u00f0s gengis.<\/p>","protected":false},"excerpt":{"rendered":"<p>Fimm efnilegir leikmenn FRAM hafa veri\u00f0 valdir \u00ed \u00fartaksh\u00f3pa U15 og U17-\u00e1ra landsli\u00f0a \u00cdslands \u00ed knattspyrnu, en b\u00e6\u00f0i li\u00f0 taka \u00fe\u00e1tt \u00ed \u00e1hugaver\u00f0um verkefnum n\u00fa \u00e1 haustm\u00e1nu\u00f0um. Andri S\u00f3lbergsson og [&hellip;]<\/p>","protected":false},"author":3,"featured_media":4185,"comment_status":"open","ping_status":"open","sticky":false,"template":"","format":"standard","meta":{"_monsterinsights_skip_tracking":false,"_monsterinsights_sitenote_active":false,"_monsterinsights_sitenote_note":"","_monsterinsights_sitenote_category":0,"_jetpack_memberships_contains_paid_content":false,"footnotes":""},"categories":[9,13],"tags":[],"class_list":["post-4186","post","type-post","status-publish","format-standard","has-post-thumbnail","hentry","category-fotbolti","category-yngriflokkar"],"jetpack_sharing_enabled":true,"jetpack_featured_media_url":"https:\/\/fram.is\/wp-content\/uploads\/2013\/08\/Reykjav\u00edkurmeistarar-3.fl_.ka_.-2013-fors.jpg","_links":{"self":[{"href":"https:\/\/fram.is\/is\/wp-json\/wp\/v2\/posts\/4186","targetHints":{"allow":["GET"]}}],"collection":[{"href":"https:\/\/fram.is\/is\/wp-json\/wp\/v2\/posts"}],"about":[{"href":"https:\/\/fram.is\/is\/wp-json\/wp\/v2\/types\/post"}],"author":[{"embeddable":true,"href":"https:\/\/fram.is\/is\/wp-json\/wp\/v2\/users\/3"}],"replies":[{"embeddable":true,"href":"https:\/\/fram.is\/is\/wp-json\/wp\/v2\/comments?post=4186"}],"version-history":[{"count":0,"href":"https:\/\/fram.is\/is\/wp-json\/wp\/v2\/posts\/4186\/revisions"}],"wp:featuredmedia":[{"embeddable":true,"href":"https:\/\/fram.is\/is\/wp-json\/wp\/v2\/media\/4185"}],"wp:attachment":[{"href":"https:\/\/fram.is\/is\/wp-json\/wp\/v2\/media?parent=4186"}],"wp:term":[{"taxonomy":"category","embeddable":true,"href":"https:\/\/fram.is\/is\/wp-json\/wp\/v2\/categories?post=4186"},{"taxonomy":"post_tag","embeddable":true,"href":"https:\/\/fram.is\/is\/wp-json\/wp\/v2\/tags?post=4186"}],"curies":[{"name":"wp","href":"https:\/\/api.w.org\/{rel}","templated":true}]}}