{"id":41870,"date":"2024-11-15T13:33:27","date_gmt":"2024-11-15T13:33:27","guid":{"rendered":"https:\/\/fram.is\/?p=41870"},"modified":"2024-11-15T13:34:24","modified_gmt":"2024-11-15T13:34:24","slug":"una-ros-unnarsdottir-semur-vid-fram","status":"publish","type":"post","link":"https:\/\/fram.is\/is\/2024\/11\/15\/una-ros-unnarsdottir-semur-vid-fram\/","title":{"rendered":"Una R\u00f3s Unnarsd\u00f3ttir semur vi\u00f0 Fram!"},"content":{"rendered":"<div data-elementor-type=\"wp-post\" data-elementor-id=\"41870\" class=\"elementor elementor-41870\" data-elementor-post-type=\"post\">\n\t\t\t\t<section class=\"elementor-section elementor-top-section elementor-element elementor-element-2a4fba22 elementor-section-boxed elementor-section-height-default elementor-section-height-default\" data-id=\"2a4fba22\" data-element_type=\"section\">\n\t\t\t\t\t\t<div class=\"elementor-container elementor-column-gap-default\">\n\t\t\t\t\t<div class=\"elementor-column elementor-col-100 elementor-top-column elementor-element elementor-element-289a41aa\" data-id=\"289a41aa\" data-element_type=\"column\">\n\t\t\t<div class=\"elementor-widget-wrap elementor-element-populated\">\n\t\t\t\t\t\t<div class=\"elementor-element elementor-element-499e1ba5 elementor-widget elementor-widget-text-editor\" data-id=\"499e1ba5\" data-element_type=\"widget\" data-widget_type=\"text-editor.default\">\n\t\t\t\t<div class=\"elementor-widget-container\"><p>Una R\u00f3s Unnarsd\u00f3ttir hefur gengi\u00f0 til li\u00f0s vi\u00f0 Fram fr\u00e1 uppeldisf\u00e9lagi s\u00ednu, Grindav\u00edk. H\u00fan gerir tveggja \u00e1ra samning vi\u00f0 f\u00e9lagi\u00f0 e\u00f0a \u00fat t\u00edmabili\u00f0 2026.<\/p><p>Una er 22 \u00e1ra kraftmikill og t\u00e6knilega \u00f6flugur mi\u00f0juma\u00f0ur sem hefur veri\u00f0 \u00ed lykilhlutverki hj\u00e1 Grindav\u00edk undanfarin \u00e1r \u00fear sem h\u00fan bar fyrirli\u00f0abandi\u00f0.<\/p><p>\u00d3skar Sm\u00e1ri, \u00fej\u00e1lfari meistaraflokks kvenna, er a\u00f0 vonum s\u00e1ttur:<\/p><p>&#8220;\u00dea\u00f0 er mikil \u00e1n\u00e6gja innan \u00fej\u00e1lfarateymisins a\u00f0 s\u00e6kja Unu til okkar. T\u00e6knilega er h\u00fan afbur\u00f0a og me\u00f0 fr\u00e1b\u00e6ra spyrnugetu. Vi\u00f0 bindum miklar vonir vi\u00f0 hana og hl\u00f6kkum til samstarfsins me\u00f0 henni&#8221;<\/p><p>Velkomin \u00ed dal draumanna Una!<br \/><img fetchpriority=\"high\" decoding=\"async\" class=\"alignnone size-full wp-image-41873\" src=\"https:\/\/fram.is\/wp-content\/uploads\/2024\/11\/LengjudeildinSamningurPortrait_Una-Ros-I-.png\" alt=\"\" width=\"1080\" height=\"1350\" srcset=\"https:\/\/fram.is\/wp-content\/uploads\/2024\/11\/LengjudeildinSamningurPortrait_Una-Ros-I-.png 1080w, https:\/\/fram.is\/wp-content\/uploads\/2024\/11\/LengjudeildinSamningurPortrait_Una-Ros-I--240x300.png 240w, https:\/\/fram.is\/wp-content\/uploads\/2024\/11\/LengjudeildinSamningurPortrait_Una-Ros-I--819x1024.png 819w, https:\/\/fram.is\/wp-content\/uploads\/2024\/11\/LengjudeildinSamningurPortrait_Una-Ros-I--768x960.png 768w, https:\/\/fram.is\/wp-content\/uploads\/2024\/11\/LengjudeildinSamningurPortrait_Una-Ros-I--10x12.png 10w, https:\/\/fram.is\/wp-content\/uploads\/2024\/11\/LengjudeildinSamningurPortrait_Una-Ros-I--800x1000.png 800w\" sizes=\"(max-width: 1080px) 100vw, 1080px\" \/><\/p><\/div>\n\t\t\t\t<\/div>\n\t\t\t\t\t<\/div>\n\t\t<\/div>\n\t\t\t\t\t<\/div>\n\t\t<\/section>\t\t<\/div>","protected":false},"excerpt":{"rendered":"<p>Una R\u00f3s Unnarsd\u00f3ttir hefur gengi\u00f0 til li\u00f0s vi\u00f0 Fram fr\u00e1 uppeldisf\u00e9lagi s\u00ednu, Grindav\u00edk. H\u00fan gerir tveggja \u00e1ra samning vi\u00f0 f\u00e9lagi\u00f0 e\u00f0a \u00fat t\u00edmabili\u00f0 2026. Una er 22 \u00e1ra kraftmikill og [&hellip;]<\/p>","protected":false},"author":5,"featured_media":41871,"comment_status":"closed","ping_status":"closed","sticky":false,"template":"","format":"standard","meta":{"_monsterinsights_skip_tracking":false,"_monsterinsights_sitenote_active":false,"_monsterinsights_sitenote_note":"","_monsterinsights_sitenote_category":0,"_jetpack_memberships_contains_paid_content":false,"footnotes":""},"categories":[9,12],"tags":[],"class_list":["post-41870","post","type-post","status-publish","format-standard","has-post-thumbnail","hentry","category-fotbolti","category-mflkvenna"],"jetpack_sharing_enabled":true,"jetpack_featured_media_url":"https:\/\/fram.is\/wp-content\/uploads\/2024\/11\/LengjudeildinSamningurbanner_Una-Ros.png","_links":{"self":[{"href":"https:\/\/fram.is\/is\/wp-json\/wp\/v2\/posts\/41870","targetHints":{"allow":["GET"]}}],"collection":[{"href":"https:\/\/fram.is\/is\/wp-json\/wp\/v2\/posts"}],"about":[{"href":"https:\/\/fram.is\/is\/wp-json\/wp\/v2\/types\/post"}],"author":[{"embeddable":true,"href":"https:\/\/fram.is\/is\/wp-json\/wp\/v2\/users\/5"}],"replies":[{"embeddable":true,"href":"https:\/\/fram.is\/is\/wp-json\/wp\/v2\/comments?post=41870"}],"version-history":[{"count":4,"href":"https:\/\/fram.is\/is\/wp-json\/wp\/v2\/posts\/41870\/revisions"}],"predecessor-version":[{"id":41876,"href":"https:\/\/fram.is\/is\/wp-json\/wp\/v2\/posts\/41870\/revisions\/41876"}],"wp:featuredmedia":[{"embeddable":true,"href":"https:\/\/fram.is\/is\/wp-json\/wp\/v2\/media\/41871"}],"wp:attachment":[{"href":"https:\/\/fram.is\/is\/wp-json\/wp\/v2\/media?parent=41870"}],"wp:term":[{"taxonomy":"category","embeddable":true,"href":"https:\/\/fram.is\/is\/wp-json\/wp\/v2\/categories?post=41870"},{"taxonomy":"post_tag","embeddable":true,"href":"https:\/\/fram.is\/is\/wp-json\/wp\/v2\/tags?post=41870"}],"curies":[{"name":"wp","href":"https:\/\/api.w.org\/{rel}","templated":true}]}}