{"id":41895,"date":"2024-11-19T15:33:07","date_gmt":"2024-11-19T15:33:07","guid":{"rendered":"https:\/\/fram.is\/?p=41895"},"modified":"2024-11-19T15:34:07","modified_gmt":"2024-11-19T15:34:07","slug":"fjorar-fra-fram-i-haefileikamotun-ksi-2","status":"publish","type":"post","link":"https:\/\/fram.is\/is\/2024\/11\/19\/fjorar-fra-fram-i-haefileikamotun-ksi-2\/","title":{"rendered":"Fj\u00f3rar fr\u00e1 Fram \u00ed h\u00e6fileikam\u00f3tun KS\u00cd!"},"content":{"rendered":"<div data-elementor-type=\"wp-post\" data-elementor-id=\"41895\" class=\"elementor elementor-41895\" data-elementor-post-type=\"post\">\n\t\t\t\t<section class=\"elementor-section elementor-top-section elementor-element elementor-element-111cd301 elementor-section-boxed elementor-section-height-default elementor-section-height-default\" data-id=\"111cd301\" data-element_type=\"section\">\n\t\t\t\t\t\t<div class=\"elementor-container elementor-column-gap-default\">\n\t\t\t\t\t<div class=\"elementor-column elementor-col-100 elementor-top-column elementor-element elementor-element-5c43a00\" data-id=\"5c43a00\" data-element_type=\"column\">\n\t\t\t<div class=\"elementor-widget-wrap elementor-element-populated\">\n\t\t\t\t\t\t<div class=\"elementor-element elementor-element-66c0e3d8 elementor-widget elementor-widget-text-editor\" data-id=\"66c0e3d8\" data-element_type=\"widget\" data-widget_type=\"text-editor.default\">\n\t\t\t\t<div class=\"elementor-widget-container\"><p>Leikmenn hafa veri\u00f0 valdir til a\u00f0 taka \u00fe\u00e1tt \u00ed \u00e6fingu \u00ed H\u00e6fileikam\u00f3tun N1 og KS\u00cd fyrir st\u00falkur \u00e1 h\u00f6fu\u00f0borgarsv\u00e6\u00f0inu. \u00c6fingin fer fram mi\u00f0vikudaginn 4. desember n\u00e6stkomandi undir stj\u00f3rn Margr\u00e9tar Magn\u00fasd\u00f3ttur, \u00fej\u00e1lfara \u00ed H\u00e6fileikam\u00f3tun.<\/p><p>Fram \u00e1 fj\u00f3ra st\u00f3rgl\u00e6silega fulltr\u00faa \u00ed h\u00f3pnum a\u00f0 \u00feessu sinni. \u00dea\u00f0 eru \u00fe\u00e6r S\u00f3lr\u00fan \u00c1sta Finnlaugsd\u00f3ttir, Krist\u00edn H\u00f3lmfr\u00ed\u00f0ur Hauksd\u00f3ttir, Eyr\u00fan Bj\u00f6rg Benediktsd\u00f3ttir og Rakel D\u00f3ra Bjarnad\u00f3ttir sem allar eru \u00ed 4.flokki. Framt\u00ed\u00f0in er bj\u00f6rt!<\/p><p>Til hamingju stelpur og gangi ykkur vel!<br \/><img fetchpriority=\"high\" decoding=\"async\" class=\"alignnone size-full wp-image-41898\" src=\"https:\/\/fram.is\/wp-content\/uploads\/2024\/11\/KSI_U_Portrait_Haefileikamotun-Nov.-2024.-.png\" alt=\"\" width=\"1080\" height=\"1350\" srcset=\"https:\/\/fram.is\/wp-content\/uploads\/2024\/11\/KSI_U_Portrait_Haefileikamotun-Nov.-2024.-.png 1080w, https:\/\/fram.is\/wp-content\/uploads\/2024\/11\/KSI_U_Portrait_Haefileikamotun-Nov.-2024.--240x300.png 240w, https:\/\/fram.is\/wp-content\/uploads\/2024\/11\/KSI_U_Portrait_Haefileikamotun-Nov.-2024.--819x1024.png 819w, https:\/\/fram.is\/wp-content\/uploads\/2024\/11\/KSI_U_Portrait_Haefileikamotun-Nov.-2024.--768x960.png 768w, https:\/\/fram.is\/wp-content\/uploads\/2024\/11\/KSI_U_Portrait_Haefileikamotun-Nov.-2024.--10x12.png 10w, https:\/\/fram.is\/wp-content\/uploads\/2024\/11\/KSI_U_Portrait_Haefileikamotun-Nov.-2024.--800x1000.png 800w\" sizes=\"(max-width: 1080px) 100vw, 1080px\" \/><\/p><\/div>\n\t\t\t\t<\/div>\n\t\t\t\t\t<\/div>\n\t\t<\/div>\n\t\t\t\t\t<\/div>\n\t\t<\/section>\t\t<\/div>","protected":false},"excerpt":{"rendered":"<p>Leikmenn hafa veri\u00f0 valdir til a\u00f0 taka \u00fe\u00e1tt \u00ed \u00e6fingu \u00ed H\u00e6fileikam\u00f3tun N1 og KS\u00cd fyrir st\u00falkur \u00e1 h\u00f6fu\u00f0borgarsv\u00e6\u00f0inu. \u00c6fingin fer fram mi\u00f0vikudaginn 4. desember n\u00e6stkomandi undir stj\u00f3rn Margr\u00e9tar Magn\u00fasd\u00f3ttur, [&hellip;]<\/p>","protected":false},"author":5,"featured_media":41896,"comment_status":"closed","ping_status":"closed","sticky":false,"template":"","format":"standard","meta":{"_monsterinsights_skip_tracking":false,"_monsterinsights_sitenote_active":false,"_monsterinsights_sitenote_note":"","_monsterinsights_sitenote_category":0,"_jetpack_memberships_contains_paid_content":false,"footnotes":""},"categories":[9,13],"tags":[],"class_list":["post-41895","post","type-post","status-publish","format-standard","has-post-thumbnail","hentry","category-fotbolti","category-yngriflokkar"],"jetpack_sharing_enabled":true,"jetpack_featured_media_url":"https:\/\/fram.is\/wp-content\/uploads\/2024\/11\/KSI_U_Banner_haefileikamotun-nov.-2024.png","_links":{"self":[{"href":"https:\/\/fram.is\/is\/wp-json\/wp\/v2\/posts\/41895","targetHints":{"allow":["GET"]}}],"collection":[{"href":"https:\/\/fram.is\/is\/wp-json\/wp\/v2\/posts"}],"about":[{"href":"https:\/\/fram.is\/is\/wp-json\/wp\/v2\/types\/post"}],"author":[{"embeddable":true,"href":"https:\/\/fram.is\/is\/wp-json\/wp\/v2\/users\/5"}],"replies":[{"embeddable":true,"href":"https:\/\/fram.is\/is\/wp-json\/wp\/v2\/comments?post=41895"}],"version-history":[{"count":4,"href":"https:\/\/fram.is\/is\/wp-json\/wp\/v2\/posts\/41895\/revisions"}],"predecessor-version":[{"id":41901,"href":"https:\/\/fram.is\/is\/wp-json\/wp\/v2\/posts\/41895\/revisions\/41901"}],"wp:featuredmedia":[{"embeddable":true,"href":"https:\/\/fram.is\/is\/wp-json\/wp\/v2\/media\/41896"}],"wp:attachment":[{"href":"https:\/\/fram.is\/is\/wp-json\/wp\/v2\/media?parent=41895"}],"wp:term":[{"taxonomy":"category","embeddable":true,"href":"https:\/\/fram.is\/is\/wp-json\/wp\/v2\/categories?post=41895"},{"taxonomy":"post_tag","embeddable":true,"href":"https:\/\/fram.is\/is\/wp-json\/wp\/v2\/tags?post=41895"}],"curies":[{"name":"wp","href":"https:\/\/api.w.org\/{rel}","templated":true}]}}