{"id":42263,"date":"2024-12-20T21:53:33","date_gmt":"2024-12-20T21:53:33","guid":{"rendered":"https:\/\/fram.is\/?p=42263"},"modified":"2024-12-20T21:53:42","modified_gmt":"2024-12-20T21:53:42","slug":"thora-run-framlengir-til-2026","status":"publish","type":"post","link":"https:\/\/fram.is\/is\/2024\/12\/20\/thora-run-framlengir-til-2026\/","title":{"rendered":"\u00de\u00f3ra R\u00fan Framlengir til 2026!"},"content":{"rendered":"<div data-elementor-type=\"wp-post\" data-elementor-id=\"42263\" class=\"elementor elementor-42263\" data-elementor-post-type=\"post\">\n\t\t\t\t<section class=\"elementor-section elementor-top-section elementor-element elementor-element-7c34f44c elementor-section-boxed elementor-section-height-default elementor-section-height-default\" data-id=\"7c34f44c\" data-element_type=\"section\">\n\t\t\t\t\t\t<div class=\"elementor-container elementor-column-gap-default\">\n\t\t\t\t\t<div class=\"elementor-column elementor-col-100 elementor-top-column elementor-element elementor-element-69d890d6\" data-id=\"69d890d6\" data-element_type=\"column\">\n\t\t\t<div class=\"elementor-widget-wrap elementor-element-populated\">\n\t\t\t\t\t\t<div class=\"elementor-element elementor-element-26eb0040 elementor-widget elementor-widget-text-editor\" data-id=\"26eb0040\" data-element_type=\"widget\" data-widget_type=\"text-editor.default\">\n\t\t\t\t<div class=\"elementor-widget-container\"><p>\u00de\u00f3ra R\u00fan \u00d3lad\u00f3ttir hefur framlengt samning sinn vi\u00f0 Fram til tveggja \u00e1ra, e\u00f0a \u00fat keppnist\u00edmabili\u00f0 2026.<\/p><p>\u00de\u00f3ra er virkilega \u00f6flugur markma\u00f0ur og hefur b\u00e6tt sig gr\u00ed\u00f0arlega undanfarin \u00e1r. H\u00fan spila\u00f0i lykilhlutverk \u00ed velgengni kvennali\u00f0sins \u00ed sumar, b\u00e6\u00f0i me\u00f0 \u00fev\u00ed a\u00f0 halda hreinu \u00ed 2 af 3 leikjum sem h\u00fan spila\u00f0i og l\u00edka me\u00f0 \u00fev\u00ed a\u00f0 vera st\u00f6\u00f0ugt hvetjandi og j\u00e1kv\u00e6\u00f0 gagnvart li\u00f0sf\u00e9l\u00f6gum, ekki s\u00edst keppinautum s\u00ednum um markvar\u00f0ast\u00f6\u00f0una.\u00a0<br \/><br \/>\u00dea\u00f0 er miki\u00f0 fagna\u00f0arefni fyrir okkur a\u00f0 halda \u00de\u00f3ru \u00e1fram innan herb\u00fa\u00f0a f\u00e9lagsins. H\u00fan er fr\u00e1b\u00e6r leikma\u00f0ur og karakter og vi\u00f0 hl\u00f6kkum til a\u00f0 sj\u00e1 hana halda \u00e1fram a\u00f0 vaxa og b\u00e6ta sig.<br \/><img fetchpriority=\"high\" decoding=\"async\" class=\"alignnone size-full wp-image-42266\" src=\"https:\/\/fram.is\/wp-content\/uploads\/2024\/12\/Samningur_THora-Run.png\" alt=\"\" width=\"1080\" height=\"1350\" srcset=\"https:\/\/fram.is\/wp-content\/uploads\/2024\/12\/Samningur_THora-Run.png 1080w, https:\/\/fram.is\/wp-content\/uploads\/2024\/12\/Samningur_THora-Run-240x300.png 240w, https:\/\/fram.is\/wp-content\/uploads\/2024\/12\/Samningur_THora-Run-819x1024.png 819w, https:\/\/fram.is\/wp-content\/uploads\/2024\/12\/Samningur_THora-Run-768x960.png 768w, https:\/\/fram.is\/wp-content\/uploads\/2024\/12\/Samningur_THora-Run-10x12.png 10w, https:\/\/fram.is\/wp-content\/uploads\/2024\/12\/Samningur_THora-Run-800x1000.png 800w\" sizes=\"(max-width: 1080px) 100vw, 1080px\" \/><\/p><\/div>\n\t\t\t\t<\/div>\n\t\t\t\t\t<\/div>\n\t\t<\/div>\n\t\t\t\t\t<\/div>\n\t\t<\/section>\t\t<\/div>","protected":false},"excerpt":{"rendered":"<p>\u00de\u00f3ra R\u00fan \u00d3lad\u00f3ttir hefur framlengt samning sinn vi\u00f0 Fram til tveggja \u00e1ra, e\u00f0a \u00fat keppnist\u00edmabili\u00f0 2026. \u00de\u00f3ra er virkilega \u00f6flugur markma\u00f0ur og hefur b\u00e6tt sig gr\u00ed\u00f0arlega undanfarin \u00e1r. H\u00fan spila\u00f0i [&hellip;]<\/p>","protected":false},"author":5,"featured_media":42264,"comment_status":"closed","ping_status":"closed","sticky":false,"template":"","format":"standard","meta":{"_monsterinsights_skip_tracking":false,"_monsterinsights_sitenote_active":false,"_monsterinsights_sitenote_note":"","_monsterinsights_sitenote_category":0,"_jetpack_memberships_contains_paid_content":false,"footnotes":""},"categories":[9,12],"tags":[],"class_list":["post-42263","post","type-post","status-publish","format-standard","has-post-thumbnail","hentry","category-fotbolti","category-mflkvenna"],"jetpack_sharing_enabled":true,"jetpack_featured_media_url":"https:\/\/fram.is\/wp-content\/uploads\/2024\/12\/BestadeildinSamningurBanner_THora-Run.png","_links":{"self":[{"href":"https:\/\/fram.is\/is\/wp-json\/wp\/v2\/posts\/42263","targetHints":{"allow":["GET"]}}],"collection":[{"href":"https:\/\/fram.is\/is\/wp-json\/wp\/v2\/posts"}],"about":[{"href":"https:\/\/fram.is\/is\/wp-json\/wp\/v2\/types\/post"}],"author":[{"embeddable":true,"href":"https:\/\/fram.is\/is\/wp-json\/wp\/v2\/users\/5"}],"replies":[{"embeddable":true,"href":"https:\/\/fram.is\/is\/wp-json\/wp\/v2\/comments?post=42263"}],"version-history":[{"count":4,"href":"https:\/\/fram.is\/is\/wp-json\/wp\/v2\/posts\/42263\/revisions"}],"predecessor-version":[{"id":42269,"href":"https:\/\/fram.is\/is\/wp-json\/wp\/v2\/posts\/42263\/revisions\/42269"}],"wp:featuredmedia":[{"embeddable":true,"href":"https:\/\/fram.is\/is\/wp-json\/wp\/v2\/media\/42264"}],"wp:attachment":[{"href":"https:\/\/fram.is\/is\/wp-json\/wp\/v2\/media?parent=42263"}],"wp:term":[{"taxonomy":"category","embeddable":true,"href":"https:\/\/fram.is\/is\/wp-json\/wp\/v2\/categories?post=42263"},{"taxonomy":"post_tag","embeddable":true,"href":"https:\/\/fram.is\/is\/wp-json\/wp\/v2\/tags?post=42263"}],"curies":[{"name":"wp","href":"https:\/\/api.w.org\/{rel}","templated":true}]}}