{"id":42270,"date":"2024-12-22T13:50:11","date_gmt":"2024-12-22T13:50:11","guid":{"rendered":"https:\/\/fram.is\/?p=42270"},"modified":"2024-12-22T13:50:40","modified_gmt":"2024-12-22T13:50:40","slug":"freyja-dis-hreinsdottir-hefur-gert-tveggja-ara-samning-vid-fram","status":"publish","type":"post","link":"https:\/\/fram.is\/is\/2024\/12\/22\/freyja-dis-hreinsdottir-hefur-gert-tveggja-ara-samning-vid-fram\/","title":{"rendered":"Freyja D\u00eds Hreinsd\u00f3ttir hefur gert tveggja \u00e1ra samning vi\u00f0 Fram!"},"content":{"rendered":"<div data-elementor-type=\"wp-post\" data-elementor-id=\"42270\" class=\"elementor elementor-42270\" data-elementor-post-type=\"post\">\n\t\t\t\t<section class=\"elementor-section elementor-top-section elementor-element elementor-element-137edd6f elementor-section-boxed elementor-section-height-default elementor-section-height-default\" data-id=\"137edd6f\" data-element_type=\"section\">\n\t\t\t\t\t\t<div class=\"elementor-container elementor-column-gap-default\">\n\t\t\t\t\t<div class=\"elementor-column elementor-col-100 elementor-top-column elementor-element elementor-element-e30d1c1\" data-id=\"e30d1c1\" data-element_type=\"column\">\n\t\t\t<div class=\"elementor-widget-wrap elementor-element-populated\">\n\t\t\t\t\t\t<div class=\"elementor-element elementor-element-21cd03a7 elementor-widget elementor-widget-text-editor\" data-id=\"21cd03a7\" data-element_type=\"widget\" data-widget_type=\"text-editor.default\">\n\t\t\t\t<div class=\"elementor-widget-container\"><p>Freyja D\u00eds er a\u00f0eins 17 \u00e1ra g\u00f6mul en \u00e1 samt tv\u00f6 t\u00edmabil a\u00f0 baki me\u00f0 meistaraflokki Fj\u00f6lnis \u00ed 2.deild. H\u00fan getur spila\u00f0 b\u00e6\u00f0i bakv\u00f6r\u00f0 og kant b\u00e1\u00f0um megin \u00e1 vellinum, b\u00fdr yfir miklum hra\u00f0a og er virkilega efnileg. Freyja hefur \u00e6ft me\u00f0 li\u00f0inu undanfari\u00f0 og hrifi\u00f0 \u00fej\u00e1lfarateymi\u00f0 miki\u00f0 me\u00f0 sinni frammist\u00f6\u00f0u. H\u00fan hefur auk \u00feess fr\u00e1b\u00e6rt hugarfar og smellpassar inn \u00ed pl\u00f6n li\u00f0sins fyrir n\u00e6stu \u00e1r.<\/p><p>\u00d3skar Sm\u00e1ri, \u00fej\u00e1lfari meistaraflokks kvenna, fagnar \u00feessu:<\/p><p>&#8220;\u00c9g er h\u00e6st\u00e1n\u00e6g\u00f0ur a\u00f0 tryggja Freyju til n\u00e6stu \u00e1ra \u00ed dal draumanna. Freyja hefur \u00e6ft me\u00f0 okkur undanfarnar vikur og spila\u00f0 \u00e6fingaleiki og heilla\u00f0 \u00fej\u00e1lfarateymi\u00f0. Vi\u00f0 bindum miklar vonir vi\u00f0 hana \u00ed framt\u00ed\u00f0inni og hl\u00f6kkum til a\u00f0 vinna me\u00f0 henni amk n\u00e6stu 2 \u00e1rin.&#8221;<\/p><p>Velkomin Freyja!<br \/><img fetchpriority=\"high\" decoding=\"async\" class=\"alignnone size-full wp-image-42273\" src=\"https:\/\/fram.is\/wp-content\/uploads\/2024\/12\/LengjudeildinSamningurPortrait_Freyja-Dis-stor-.png\" alt=\"\" width=\"1080\" height=\"1350\" srcset=\"https:\/\/fram.is\/wp-content\/uploads\/2024\/12\/LengjudeildinSamningurPortrait_Freyja-Dis-stor-.png 1080w, https:\/\/fram.is\/wp-content\/uploads\/2024\/12\/LengjudeildinSamningurPortrait_Freyja-Dis-stor--240x300.png 240w, https:\/\/fram.is\/wp-content\/uploads\/2024\/12\/LengjudeildinSamningurPortrait_Freyja-Dis-stor--819x1024.png 819w, https:\/\/fram.is\/wp-content\/uploads\/2024\/12\/LengjudeildinSamningurPortrait_Freyja-Dis-stor--768x960.png 768w, https:\/\/fram.is\/wp-content\/uploads\/2024\/12\/LengjudeildinSamningurPortrait_Freyja-Dis-stor--10x12.png 10w, https:\/\/fram.is\/wp-content\/uploads\/2024\/12\/LengjudeildinSamningurPortrait_Freyja-Dis-stor--800x1000.png 800w\" sizes=\"(max-width: 1080px) 100vw, 1080px\" \/><\/p><\/div>\n\t\t\t\t<\/div>\n\t\t\t\t\t<\/div>\n\t\t<\/div>\n\t\t\t\t\t<\/div>\n\t\t<\/section>\t\t<\/div>","protected":false},"excerpt":{"rendered":"<p>Freyja D\u00eds er a\u00f0eins 17 \u00e1ra g\u00f6mul en \u00e1 samt tv\u00f6 t\u00edmabil a\u00f0 baki me\u00f0 meistaraflokki Fj\u00f6lnis \u00ed 2.deild. H\u00fan getur spila\u00f0 b\u00e6\u00f0i bakv\u00f6r\u00f0 og kant b\u00e1\u00f0um megin \u00e1 vellinum, [&hellip;]<\/p>","protected":false},"author":5,"featured_media":42271,"comment_status":"closed","ping_status":"closed","sticky":false,"template":"","format":"standard","meta":{"_monsterinsights_skip_tracking":false,"_monsterinsights_sitenote_active":false,"_monsterinsights_sitenote_note":"","_monsterinsights_sitenote_category":0,"_jetpack_memberships_contains_paid_content":false,"footnotes":""},"categories":[9,12],"tags":[],"class_list":["post-42270","post","type-post","status-publish","format-standard","has-post-thumbnail","hentry","category-fotbolti","category-mflkvenna"],"jetpack_sharing_enabled":true,"jetpack_featured_media_url":"https:\/\/fram.is\/wp-content\/uploads\/2024\/12\/LengjudeildinSamningurbanner_Freyja-Dis-.png","_links":{"self":[{"href":"https:\/\/fram.is\/is\/wp-json\/wp\/v2\/posts\/42270","targetHints":{"allow":["GET"]}}],"collection":[{"href":"https:\/\/fram.is\/is\/wp-json\/wp\/v2\/posts"}],"about":[{"href":"https:\/\/fram.is\/is\/wp-json\/wp\/v2\/types\/post"}],"author":[{"embeddable":true,"href":"https:\/\/fram.is\/is\/wp-json\/wp\/v2\/users\/5"}],"replies":[{"embeddable":true,"href":"https:\/\/fram.is\/is\/wp-json\/wp\/v2\/comments?post=42270"}],"version-history":[{"count":4,"href":"https:\/\/fram.is\/is\/wp-json\/wp\/v2\/posts\/42270\/revisions"}],"predecessor-version":[{"id":42276,"href":"https:\/\/fram.is\/is\/wp-json\/wp\/v2\/posts\/42270\/revisions\/42276"}],"wp:featuredmedia":[{"embeddable":true,"href":"https:\/\/fram.is\/is\/wp-json\/wp\/v2\/media\/42271"}],"wp:attachment":[{"href":"https:\/\/fram.is\/is\/wp-json\/wp\/v2\/media?parent=42270"}],"wp:term":[{"taxonomy":"category","embeddable":true,"href":"https:\/\/fram.is\/is\/wp-json\/wp\/v2\/categories?post=42270"},{"taxonomy":"post_tag","embeddable":true,"href":"https:\/\/fram.is\/is\/wp-json\/wp\/v2\/tags?post=42270"}],"curies":[{"name":"wp","href":"https:\/\/api.w.org\/{rel}","templated":true}]}}