{"id":4235,"date":"2013-09-03T12:17:11","date_gmt":"2013-09-03T12:17:11","guid":{"rendered":"http:\/\/fram.is\/?p=4235"},"modified":"2013-09-03T12:17:11","modified_gmt":"2013-09-03T12:17:11","slug":"breytingar-leikjum-pepsideildarinnar-tveir-framleikir-faerdir-til","status":"publish","type":"post","link":"https:\/\/fram.is\/is\/2013\/09\/03\/breytingar-leikjum-pepsideildarinnar-tveir-framleikir-faerdir-til\/","title":{"rendered":"Breytingar \u00e1 leikjum Pepsideildarinnar | Tveir FRAMleikir f\u00e6r\u00f0ir til"},"content":{"rendered":"<figure id=\"attachment_4236\" aria-describedby=\"caption-attachment-4236\" style=\"width: 300px\" class=\"wp-caption alignright\"><a href=\"http:\/\/fram.is\/wp-content\/uploads\/2013\/09\/016.jpg\"><img fetchpriority=\"high\" decoding=\"async\" class=\"size-medium wp-image-4236\" alt=\"Mynd: Sport.is\" src=\"http:\/\/fram.is\/wp-content\/uploads\/2013\/09\/016-300x250.jpg\" width=\"300\" height=\"250\" \/><\/a><figcaption id=\"caption-attachment-4236\" class=\"wp-caption-text\">Mynd: Sport.is<\/figcaption><\/figure>\n<p>Breytingar hafa veri\u00f0 ger\u00f0ar \u00e1 leikjadagskr\u00e1 Pepsideildar karla \u00ed knattspyrnu, \u00fear sem m.a. tveir leikir FRAM f\u00e6rast aftur um einn dag. Leikur FRAM og \u00cdBV hefur veri\u00f0 f\u00e6r\u00f0ur til f\u00f6studagsins 13.september og leikur FRAM og Brei\u00f0abliks til m\u00e1nudagsins 16.september.<\/p>\n<p>Tveir leikir n\u00edtj\u00e1ndu umfer\u00f0ar hafa veri\u00f0 f\u00e6r\u00f0ir aftur um einn dag vegna leikja A- og U21-\u00e1rs landsleikja, en \u00feetta eru leikir FRAM og \u00cdBV \u00e1 Laugardalsvelli annars vegar og leikur Vals og Brei\u00f0abliks \u00e1 K\u00f3pavogsvelli hins vegar. \u00a0Leikur <strong>FRAM<\/strong> og <strong>\u00cdBV<\/strong> hefur veri\u00f0 settur \u00e1\u00a0<strong>f\u00f6studaginn 13.september klukkan 18.00.<\/p>\n<p><\/strong>\u00deessar f\u00e6rslur hafa \u00e1hrif \u00e1 \u00ferj\u00e1 leiki sem upphaflega voru \u00e1 dagskr\u00e1 sunnudaginn 15.september og \u00feeirra \u00e1 me\u00f0al er leikur\u00a0<strong>Brei\u00f0abliks\u00a0<\/strong>og\u00a0<strong>FRAM\u00a0<\/strong>\u00e1 K\u00f3pavogsvelli. \u00a0Hann f\u00e6rist aftur um einn dag og ver\u00f0ur leikinn <b>m\u00e1nudaginn 16.september klukkan 17.15.<\/b><\/p>\n<p>Frestu\u00f0um leikjum n\u00fdli\u00f0innar helgar hafa og veri\u00f0 fundnir sta\u00f0ir \u00ed \u00fe\u00e9ttri dagskr\u00e1; leikur \u00cdBV og Vals fer fram fimmtudaginn 19.september og leikur \u00cdA og KR fimmtudaginn 26.september.<br \/>\nLokaumfer\u00f0 deildarinnar hefur af \u00feessum s\u00f6kum veri\u00f0 f\u00e6r\u00f0 aftur um einn dag, fer fram\u00a0<strong>sunnudaginn 29.september\u00a0<\/strong>\u00ed sta\u00f0 laugardagsins 28.september.<\/p>","protected":false},"excerpt":{"rendered":"<p>Breytingar hafa veri\u00f0 ger\u00f0ar \u00e1 leikjadagskr\u00e1 Pepsideildar karla \u00ed knattspyrnu, \u00fear sem m.a. tveir leikir FRAM f\u00e6rast aftur um einn dag. Leikur FRAM og \u00cdBV hefur veri\u00f0 f\u00e6r\u00f0ur til f\u00f6studagsins [&hellip;]<\/p>","protected":false},"author":3,"featured_media":4237,"comment_status":"open","ping_status":"open","sticky":false,"template":"","format":"standard","meta":{"_monsterinsights_skip_tracking":false,"_monsterinsights_sitenote_active":false,"_monsterinsights_sitenote_note":"","_monsterinsights_sitenote_category":0,"_jetpack_memberships_contains_paid_content":false,"footnotes":""},"categories":[11,9],"tags":[],"class_list":["post-4235","post","type-post","status-publish","format-standard","has-post-thumbnail","hentry","category-mflkarla","category-fotbolti"],"jetpack_sharing_enabled":true,"jetpack_featured_media_url":"https:\/\/fram.is\/wp-content\/uploads\/2013\/09\/016-fors.jpg","_links":{"self":[{"href":"https:\/\/fram.is\/is\/wp-json\/wp\/v2\/posts\/4235","targetHints":{"allow":["GET"]}}],"collection":[{"href":"https:\/\/fram.is\/is\/wp-json\/wp\/v2\/posts"}],"about":[{"href":"https:\/\/fram.is\/is\/wp-json\/wp\/v2\/types\/post"}],"author":[{"embeddable":true,"href":"https:\/\/fram.is\/is\/wp-json\/wp\/v2\/users\/3"}],"replies":[{"embeddable":true,"href":"https:\/\/fram.is\/is\/wp-json\/wp\/v2\/comments?post=4235"}],"version-history":[{"count":0,"href":"https:\/\/fram.is\/is\/wp-json\/wp\/v2\/posts\/4235\/revisions"}],"wp:featuredmedia":[{"embeddable":true,"href":"https:\/\/fram.is\/is\/wp-json\/wp\/v2\/media\/4237"}],"wp:attachment":[{"href":"https:\/\/fram.is\/is\/wp-json\/wp\/v2\/media?parent=4235"}],"wp:term":[{"taxonomy":"category","embeddable":true,"href":"https:\/\/fram.is\/is\/wp-json\/wp\/v2\/categories?post=4235"},{"taxonomy":"post_tag","embeddable":true,"href":"https:\/\/fram.is\/is\/wp-json\/wp\/v2\/tags?post=4235"}],"curies":[{"name":"wp","href":"https:\/\/api.w.org\/{rel}","templated":true}]}}