{"id":42574,"date":"2025-01-23T11:07:40","date_gmt":"2025-01-23T11:07:40","guid":{"rendered":"https:\/\/fram.is\/?p=42574"},"modified":"2025-01-23T11:09:16","modified_gmt":"2025-01-23T11:09:16","slug":"jon-erik-heldur-afram-ad-gera-thad-gott-a-italiu","status":"publish","type":"post","link":"https:\/\/fram.is\/is\/2025\/01\/23\/jon-erik-heldur-afram-ad-gera-thad-gott-a-italiu\/","title":{"rendered":"J\u00f3n Erik heldur \u00e1fram a\u00f0 gera \u00fea\u00f0 gott \u00e1 \u00cdtal\u00edu"},"content":{"rendered":"<div data-elementor-type=\"wp-post\" data-elementor-id=\"42574\" class=\"elementor elementor-42574\" data-elementor-post-type=\"post\">\n\t\t\t\t<section class=\"elementor-section elementor-top-section elementor-element elementor-element-5fb327c1 elementor-section-boxed elementor-section-height-default elementor-section-height-default\" data-id=\"5fb327c1\" data-element_type=\"section\">\n\t\t\t\t\t\t<div class=\"elementor-container elementor-column-gap-default\">\n\t\t\t\t\t<div class=\"elementor-column elementor-col-100 elementor-top-column elementor-element elementor-element-168357f0\" data-id=\"168357f0\" data-element_type=\"column\">\n\t\t\t<div class=\"elementor-widget-wrap elementor-element-populated\">\n\t\t\t\t\t\t<div class=\"elementor-element elementor-element-6ea4c187 elementor-widget elementor-widget-text-editor\" data-id=\"6ea4c187\" data-element_type=\"widget\" data-widget_type=\"text-editor.default\">\n\t\t\t\t<div class=\"elementor-widget-container\"><p>J\u00f3n Erik Sig\u00adur\u00f0sson landsli\u00f0sma\u00f0ur \u00ed alpa\u00adgrein\u00adum, t\u00f3k \u00fe\u00e1tt \u00ed al\u00fej\u00f3\u00f0leg\u00adum ung\u00adlinga\u00adm\u00f3t\u00adum \u00ed Folgar\u00edu \u00e1 \u00cdtal\u00ad\u00edu \u00e1 \u00feri\u00f0ju\u00addag og mi\u00f0viku\u00addag.<\/p><p>\u00c1 \u00feri\u00f0ju\u00addag keppti hann \u00ed svigi og hafna\u00f0i J\u00f3n Erik \u00ed \u00f6\u00f0ru s\u00e6ti eft\u00adir a\u00f0 hafa veri\u00f0 me\u00f0 t\u00ed\u00adunda besta t\u00edm\u00adann eft\u00adir fyrri fer\u00f0ina, en n\u00e1\u00f0i svo besta braut\u00adar\u00adt\u00edm\u00adan\u00adum \u00ed seinni fer\u00f0inni.<\/p><p>J\u00f3n Erik keppti svo \u00e1 tveim\u00adur st\u00f3r\u00adsvigs\u00adm\u00f3t\u00adum \u00ed g\u00e6r og vann J\u00f3n Erik fyrra m\u00f3ti\u00f0, en hann var me\u00f0 besta t\u00edm\u00adann \u00ed b\u00e1\u00f0um fer\u00f0um. Hann f\u00e9kk 33.29 FIS-punkta fyr\u00adir m\u00f3ti\u00f0 sem eru hans bestu st\u00f3r\u00adsvig\u00adspunkt\u00adar \u00e1 ferl\u00adin\u00adum.<\/p><p>\u00c1 seinna m\u00f3t\u00adinu var\u00f0 J\u00f3n Erik \u00ed \u00f6\u00f0ru s\u00e6ti og b\u00e6tti FIS-punkt\u00adana s\u00edna l\u00edt\u00adil\u00adlega.<\/p><p>J\u00f3n Erik er \u00fev\u00ed a\u00f0 koma mj\u00f6g sterkur inn \u00e1 fyrstu m\u00f3tum \u00e1rsins og \u00fea\u00f0 ver\u00f0ur \u00e1fram \u00e1hugavegt a\u00f0 fylgjast me\u00f0 drengnum \u00e1 n\u00e6stu vikum og m\u00e1nu\u00f0um.<br \/><img fetchpriority=\"high\" decoding=\"async\" class=\"alignnone size-full wp-image-42471\" src=\"https:\/\/fram.is\/wp-content\/uploads\/2025\/01\/Jon-Erik-i-brautinni.png\" alt=\"\" width=\"1241\" height=\"646\" srcset=\"https:\/\/fram.is\/wp-content\/uploads\/2025\/01\/Jon-Erik-i-brautinni.png 1241w, https:\/\/fram.is\/wp-content\/uploads\/2025\/01\/Jon-Erik-i-brautinni-300x156.png 300w, https:\/\/fram.is\/wp-content\/uploads\/2025\/01\/Jon-Erik-i-brautinni-1024x533.png 1024w, https:\/\/fram.is\/wp-content\/uploads\/2025\/01\/Jon-Erik-i-brautinni-768x400.png 768w, https:\/\/fram.is\/wp-content\/uploads\/2025\/01\/Jon-Erik-i-brautinni-18x9.png 18w, https:\/\/fram.is\/wp-content\/uploads\/2025\/01\/Jon-Erik-i-brautinni-800x416.png 800w\" sizes=\"(max-width: 1241px) 100vw, 1241px\" \/><\/p><\/div>\n\t\t\t\t<\/div>\n\t\t\t\t\t<\/div>\n\t\t<\/div>\n\t\t\t\t\t<\/div>\n\t\t<\/section>\t\t<\/div>","protected":false},"excerpt":{"rendered":"<p>J\u00f3n Erik Sig\u00adur\u00f0sson landsli\u00f0sma\u00f0ur \u00ed alpa\u00adgrein\u00adum, t\u00f3k \u00fe\u00e1tt \u00ed al\u00fej\u00f3\u00f0leg\u00adum ung\u00adlinga\u00adm\u00f3t\u00adum \u00ed Folgar\u00edu \u00e1 \u00cdtal\u00ad\u00edu \u00e1 \u00feri\u00f0ju\u00addag og mi\u00f0viku\u00addag. \u00c1 \u00feri\u00f0ju\u00addag keppti hann \u00ed svigi og hafna\u00f0i J\u00f3n Erik \u00ed [&hellip;]<\/p>","protected":false},"author":5,"featured_media":42575,"comment_status":"closed","ping_status":"closed","sticky":false,"template":"","format":"standard","meta":{"_monsterinsights_skip_tracking":false,"_monsterinsights_sitenote_active":false,"_monsterinsights_sitenote_note":"","_monsterinsights_sitenote_category":0,"_jetpack_memberships_contains_paid_content":false,"footnotes":""},"categories":[17],"tags":[],"class_list":["post-42574","post","type-post","status-publish","format-standard","has-post-thumbnail","hentry","category-skidadeild"],"jetpack_sharing_enabled":true,"jetpack_featured_media_url":"https:\/\/fram.is\/wp-content\/uploads\/2025\/01\/Jon-Erik-sigur-a-moti-21.-jan.jpg","_links":{"self":[{"href":"https:\/\/fram.is\/is\/wp-json\/wp\/v2\/posts\/42574","targetHints":{"allow":["GET"]}}],"collection":[{"href":"https:\/\/fram.is\/is\/wp-json\/wp\/v2\/posts"}],"about":[{"href":"https:\/\/fram.is\/is\/wp-json\/wp\/v2\/types\/post"}],"author":[{"embeddable":true,"href":"https:\/\/fram.is\/is\/wp-json\/wp\/v2\/users\/5"}],"replies":[{"embeddable":true,"href":"https:\/\/fram.is\/is\/wp-json\/wp\/v2\/comments?post=42574"}],"version-history":[{"count":4,"href":"https:\/\/fram.is\/is\/wp-json\/wp\/v2\/posts\/42574\/revisions"}],"predecessor-version":[{"id":42579,"href":"https:\/\/fram.is\/is\/wp-json\/wp\/v2\/posts\/42574\/revisions\/42579"}],"wp:featuredmedia":[{"embeddable":true,"href":"https:\/\/fram.is\/is\/wp-json\/wp\/v2\/media\/42575"}],"wp:attachment":[{"href":"https:\/\/fram.is\/is\/wp-json\/wp\/v2\/media?parent=42574"}],"wp:term":[{"taxonomy":"category","embeddable":true,"href":"https:\/\/fram.is\/is\/wp-json\/wp\/v2\/categories?post=42574"},{"taxonomy":"post_tag","embeddable":true,"href":"https:\/\/fram.is\/is\/wp-json\/wp\/v2\/tags?post=42574"}],"curies":[{"name":"wp","href":"https:\/\/api.w.org\/{rel}","templated":true}]}}