{"id":4258,"date":"2013-09-06T15:34:55","date_gmt":"2013-09-06T15:34:55","guid":{"rendered":"http:\/\/fram.is\/?p=4258"},"modified":"2013-09-06T15:34:55","modified_gmt":"2013-09-06T15:34:55","slug":"aefingar-egilsholl-hefjast-oktober","status":"publish","type":"post","link":"https:\/\/fram.is\/is\/2013\/09\/06\/aefingar-egilsholl-hefjast-oktober\/","title":{"rendered":"\u00c6fingar \u00ed Egilsh\u00f6ll hefjast \u00ed okt\u00f3ber"},"content":{"rendered":"<p>Egilsh\u00f6llin opnar ekki fyrr en 1. okt\u00f3ber.\u00a0 Af \u00feeim s\u00f6kum munu \u00e6fingar 5. 6. og 7. flokks kvenna og 7.flokks karla \u00e1 fimmtud\u00f6gum\u00a0 og \u00e6fingar 3. og 4. flokks kvenna \u00e1 f\u00f6stud\u00f6gum og 3.flokks karla \u00e1 sunnud\u00f6gum \u00fev\u00ed fara fram \u00e1 \u00e6fingasv\u00e6\u00f0um FRAM \u00ed Safam\u00fdri og \u00dalfars\u00e1rdal \u00fat september.<\/p>\n<p>Vi\u00f0 bendum foreldrum \u00e1 a\u00f0 fylgjast vel me\u00f0 bloggs\u00ed\u00f0um og facebook-s\u00ed\u00f0um flokkanna.\u00a0 Sta\u00f0setningar \u00feessara \u00e6finga ver\u00f0a augl\u00fdstar \u00fear.<\/p>","protected":false},"excerpt":{"rendered":"<p>Egilsh\u00f6llin opnar ekki fyrr en 1. okt\u00f3ber.\u00a0 Af \u00feeim s\u00f6kum munu \u00e6fingar 5. 6. og 7. flokks kvenna og 7.flokks karla \u00e1 fimmtud\u00f6gum\u00a0 og \u00e6fingar 3. og 4. flokks kvenna [&hellip;]<\/p>","protected":false},"author":6,"featured_media":4047,"comment_status":"open","ping_status":"open","sticky":false,"template":"","format":"standard","meta":{"_monsterinsights_skip_tracking":false,"_monsterinsights_sitenote_active":false,"_monsterinsights_sitenote_note":"","_monsterinsights_sitenote_category":0,"_jetpack_memberships_contains_paid_content":false,"footnotes":""},"categories":[10,9,13],"tags":[],"class_list":["post-4258","post","type-post","status-publish","format-standard","has-post-thumbnail","hentry","category-frettir","category-fotbolti","category-yngriflokkar"],"jetpack_sharing_enabled":true,"jetpack_featured_media_url":"https:\/\/fram.is\/wp-content\/uploads\/2013\/08\/H\u00f3pmynd-scaled.jpg","_links":{"self":[{"href":"https:\/\/fram.is\/is\/wp-json\/wp\/v2\/posts\/4258","targetHints":{"allow":["GET"]}}],"collection":[{"href":"https:\/\/fram.is\/is\/wp-json\/wp\/v2\/posts"}],"about":[{"href":"https:\/\/fram.is\/is\/wp-json\/wp\/v2\/types\/post"}],"author":[{"embeddable":true,"href":"https:\/\/fram.is\/is\/wp-json\/wp\/v2\/users\/6"}],"replies":[{"embeddable":true,"href":"https:\/\/fram.is\/is\/wp-json\/wp\/v2\/comments?post=4258"}],"version-history":[{"count":0,"href":"https:\/\/fram.is\/is\/wp-json\/wp\/v2\/posts\/4258\/revisions"}],"wp:featuredmedia":[{"embeddable":true,"href":"https:\/\/fram.is\/is\/wp-json\/wp\/v2\/media\/4047"}],"wp:attachment":[{"href":"https:\/\/fram.is\/is\/wp-json\/wp\/v2\/media?parent=4258"}],"wp:term":[{"taxonomy":"category","embeddable":true,"href":"https:\/\/fram.is\/is\/wp-json\/wp\/v2\/categories?post=4258"},{"taxonomy":"post_tag","embeddable":true,"href":"https:\/\/fram.is\/is\/wp-json\/wp\/v2\/tags?post=4258"}],"curies":[{"name":"wp","href":"https:\/\/api.w.org\/{rel}","templated":true}]}}