{"id":4261,"date":"2013-09-06T15:57:20","date_gmt":"2013-09-06T15:57:20","guid":{"rendered":"http:\/\/fram.is\/?p=4261"},"modified":"2013-09-06T15:57:20","modified_gmt":"2013-09-06T15:57:20","slug":"kynning-kvennaknattspyrnu-fram-laugardag","status":"publish","type":"post","link":"https:\/\/fram.is\/is\/2013\/09\/06\/kynning-kvennaknattspyrnu-fram-laugardag\/","title":{"rendered":"Kynning \u00e1 kvennaknattspyrnu FRAM \u00e1 laugardag"},"content":{"rendered":"<p>Haldinn ver\u00f0ur kynningardagur \u00e1 kvennaknattspyrnu FRAM \u00ed \u00ed\u00fer\u00f3ttah\u00fasum \u00c1lftam\u00fdrarsk\u00f3la og S\u00e6mundarsk\u00f3la \u00e1 morgun, laugardaginn 7.september og eru allar stelpur f\u00e6ddar \u00e1 \u00e1runum 2002 \u2013 2009 bo\u00f0nar s\u00e9rstaklega velkomnar en vissulega eru eldri stelpur velkomnar l\u00edka \u263a<\/p>\n<p>Kynningin ver\u00f0ur \u00ed \u00c1lftam\u00fdrarsk\u00f3la kl. 11:00-12:00 og \u00ed S\u00e6mundarsk\u00f3la kl. 13:00-14:00.<\/p>\n<p>\u00c1 sv\u00e6\u00f0inu ver\u00f0a stelpur \u00far meistaraflokki FRAM, alls konar st\u00f6\u00f0var og \u00ferautir fyrir stelpurnar a\u00f0<b> <\/b>spreyta sig \u00e1 . Heitt ver\u00f0ur \u00e1 k\u00f6nnunni og upplagt fyrir foreldra a\u00f0 hittast og spjalla saman e\u00f0a spyrjast fyrir um starfi\u00f0 og komandi t\u00edmabil. H\u00e6gt ver\u00f0ur einnig a\u00f0 skr\u00e1 stelpur \u00ed f\u00e9lagi\u00f0 sem og a\u00f0 ganga fr\u00e1 grei\u00f0slu \u00e6fingagjalda.<\/p>\n<p><a href=\"http:\/\/fram.is\/wp-content\/uploads\/2013\/07\/FRAM-s\u00edmam\u00f3tsmeistari-6fl-kvk-fors.jpg\"><img decoding=\"async\" class=\"alignnone size-medium wp-image-3913\" alt=\"FRAM s\u00edmam\u00f3tsmeistari 6fl kvk-fors\" src=\"http:\/\/fram.is\/wp-content\/uploads\/2013\/07\/FRAM-s\u00edmam\u00f3tsmeistari-6fl-kvk-fors-300x142.jpg\" width=\"300\" height=\"142\" \/><\/a><\/p>\n<p>\u00c1 s\u00ed\u00f0asta t\u00edmabili var miki\u00f0 um a\u00f0 vera \u00ed kvennaknattspyrnunni, stelpurnar kynntust vel \u00e1 \u00e6fingum, \u00ed \u00e6fingaleikjum, m\u00f3tum og ekki s\u00edst \u00e1 skemmtikv\u00f6ldum. \u00c1 n\u00e6sta t\u00edmabili vonast FRAM til a\u00f0 taka \u00e1 m\u00f3ti fj\u00f6ldam\u00f6rgum stelpum, b\u00e6\u00f0i n\u00fdjum sem og n\u00faverandi, og ver\u00f0ur margt um a\u00f0 vera \u00ed f\u00f3tboltanum.<\/p>\n<p><a href=\"http:\/\/fram.is\/wp-content\/uploads\/2013\/09\/myndir-framssk\u00f3li-111.jpg\"><img fetchpriority=\"high\" decoding=\"async\" class=\"alignnone size-medium wp-image-4264\" alt=\"myndir framssk\u00f3li 111\" src=\"http:\/\/fram.is\/wp-content\/uploads\/2013\/09\/myndir-framssk\u00f3li-111-300x223.jpg\" width=\"300\" height=\"223\" \/><\/a><\/p>\n<div>\n<p>\u00a0Bloggs\u00ed\u00f0ur flokkanna m\u00e1 finna <a href=\"http:\/\/fram.is\/is\/fotbolti\/yngri-flokkar\/bloggsidur\/\">h\u00e9r<\/a><\/p>\n<p>Uppl\u00fdsingar um \u00e6fingat\u00edma er a\u00f0 finna \u00e1 <a href=\"http:\/\/fram.is\/is\/fotbolti\/yngri-flokkar\/aefingatoflur\/\">heimas\u00ed\u00f0u FRAM<\/a>..<\/p>\n<p><b>\u00c1fram FRAM <\/b><b>\u263a<\/b><\/p>\n<\/div>","protected":false},"excerpt":{"rendered":"<p>Haldinn ver\u00f0ur kynningardagur \u00e1 kvennaknattspyrnu FRAM \u00ed \u00ed\u00fer\u00f3ttah\u00fasum \u00c1lftam\u00fdrarsk\u00f3la og S\u00e6mundarsk\u00f3la \u00e1 morgun, laugardaginn 7.september og eru allar stelpur f\u00e6ddar \u00e1 \u00e1runum 2002 \u2013 2009 bo\u00f0nar s\u00e9rstaklega velkomnar en vissulega [&hellip;]<\/p>","protected":false},"author":6,"featured_media":4263,"comment_status":"open","ping_status":"open","sticky":false,"template":"","format":"standard","meta":{"_monsterinsights_skip_tracking":false,"_monsterinsights_sitenote_active":false,"_monsterinsights_sitenote_note":"","_monsterinsights_sitenote_category":0,"_jetpack_memberships_contains_paid_content":false,"footnotes":""},"categories":[10,9,13],"tags":[],"class_list":["post-4261","post","type-post","status-publish","format-standard","has-post-thumbnail","hentry","category-frettir","category-fotbolti","category-yngriflokkar"],"jetpack_sharing_enabled":true,"jetpack_featured_media_url":"https:\/\/fram.is\/wp-content\/uploads\/2013\/09\/Stelpun\u00e1mskei\u00f0-scaled.jpg","_links":{"self":[{"href":"https:\/\/fram.is\/is\/wp-json\/wp\/v2\/posts\/4261","targetHints":{"allow":["GET"]}}],"collection":[{"href":"https:\/\/fram.is\/is\/wp-json\/wp\/v2\/posts"}],"about":[{"href":"https:\/\/fram.is\/is\/wp-json\/wp\/v2\/types\/post"}],"author":[{"embeddable":true,"href":"https:\/\/fram.is\/is\/wp-json\/wp\/v2\/users\/6"}],"replies":[{"embeddable":true,"href":"https:\/\/fram.is\/is\/wp-json\/wp\/v2\/comments?post=4261"}],"version-history":[{"count":0,"href":"https:\/\/fram.is\/is\/wp-json\/wp\/v2\/posts\/4261\/revisions"}],"wp:featuredmedia":[{"embeddable":true,"href":"https:\/\/fram.is\/is\/wp-json\/wp\/v2\/media\/4263"}],"wp:attachment":[{"href":"https:\/\/fram.is\/is\/wp-json\/wp\/v2\/media?parent=4261"}],"wp:term":[{"taxonomy":"category","embeddable":true,"href":"https:\/\/fram.is\/is\/wp-json\/wp\/v2\/categories?post=4261"},{"taxonomy":"post_tag","embeddable":true,"href":"https:\/\/fram.is\/is\/wp-json\/wp\/v2\/tags?post=4261"}],"curies":[{"name":"wp","href":"https:\/\/api.w.org\/{rel}","templated":true}]}}