{"id":42682,"date":"2025-02-04T09:13:51","date_gmt":"2025-02-04T09:13:51","guid":{"rendered":"https:\/\/fram.is\/?p=42682"},"modified":"2025-02-04T09:16:44","modified_gmt":"2025-02-04T09:16:44","slug":"markus-pall-til-triestina","status":"publish","type":"post","link":"https:\/\/fram.is\/is\/2025\/02\/04\/markus-pall-til-triestina\/","title":{"rendered":"Mark\u00fas P\u00e1ll til Triestina!"},"content":{"rendered":"<div data-elementor-type=\"wp-post\" data-elementor-id=\"42682\" class=\"elementor elementor-42682\" data-elementor-post-type=\"post\">\n\t\t\t\t<section class=\"elementor-section elementor-top-section elementor-element elementor-element-9d54ef7 elementor-section-boxed elementor-section-height-default elementor-section-height-default\" data-id=\"9d54ef7\" data-element_type=\"section\">\n\t\t\t\t\t\t<div class=\"elementor-container elementor-column-gap-default\">\n\t\t\t\t\t<div class=\"elementor-column elementor-col-100 elementor-top-column elementor-element elementor-element-7ef33bd2\" data-id=\"7ef33bd2\" data-element_type=\"column\">\n\t\t\t<div class=\"elementor-widget-wrap elementor-element-populated\">\n\t\t\t\t\t\t<div class=\"elementor-element elementor-element-1d6b4c34 elementor-widget elementor-widget-text-editor\" data-id=\"1d6b4c34\" data-element_type=\"widget\" data-widget_type=\"text-editor.default\">\n\t\t\t\t<div class=\"elementor-widget-container\"><p>Risafr\u00e9ttir \u00e1 gluggadegi!<\/p>\n<p>Mark\u00fas P\u00e1ll Ellertsson hefur veri\u00f0 seldur til \u00cdtal\u00edu, \u00fear gengur hann til li\u00f0s vi\u00f0 Triestina Calcio \u00ed Serie C.<\/p>\n<p>Mikill s\u00f6knu\u00f0ur ver\u00f0ur af Mark\u00fasi sem er Framari \u00fat \u00ed gegn. Hann hefur spila\u00f0 upp alla flokka me\u00f0 Fram og h\u00f6fum vi\u00f0 n\u00fa \u00feegar fengi\u00f0 a\u00f0 sj\u00e1 hann spreyta sig me\u00f0 meistaraflokknum. <br \/>Vi\u00f0 munum fylgjast n\u00e1i\u00f0 me\u00f0 okkar manni og \u00f3skum vi\u00f0 honum alls hins besta \u00ed \u00feessu n\u00fdja verkefni. <br \/>\u00deessi t\u00ed\u00f0indi undirstrika \u00fea\u00f0 fr\u00e1b\u00e6ra starf sem er unni\u00f0 \u00ed okkar yngri flokka starfi og erum vi\u00f0 g\u00edfurlega stolf af \u00fev\u00ed a\u00f0 deila \u00feessu me\u00f0 ykkur.<br \/><img fetchpriority=\"high\" decoding=\"async\" class=\"alignnone size-full wp-image-42685\" src=\"https:\/\/fram.is\/wp-content\/uploads\/2025\/02\/Fram25template-Markus-Pall-I.png\" alt=\"\" width=\"1080\" height=\"1350\" srcset=\"https:\/\/fram.is\/wp-content\/uploads\/2025\/02\/Fram25template-Markus-Pall-I.png 1080w, https:\/\/fram.is\/wp-content\/uploads\/2025\/02\/Fram25template-Markus-Pall-I-240x300.png 240w, https:\/\/fram.is\/wp-content\/uploads\/2025\/02\/Fram25template-Markus-Pall-I-819x1024.png 819w, https:\/\/fram.is\/wp-content\/uploads\/2025\/02\/Fram25template-Markus-Pall-I-768x960.png 768w, https:\/\/fram.is\/wp-content\/uploads\/2025\/02\/Fram25template-Markus-Pall-I-10x12.png 10w, https:\/\/fram.is\/wp-content\/uploads\/2025\/02\/Fram25template-Markus-Pall-I-800x1000.png 800w\" sizes=\"(max-width: 1080px) 100vw, 1080px\" \/><br \/><br \/><\/p><p>\u00a0<\/p><\/div>\n\t\t\t\t<\/div>\n\t\t\t\t\t<\/div>\n\t\t<\/div>\n\t\t\t\t\t<\/div>\n\t\t<\/section>\t\t<\/div>","protected":false},"excerpt":{"rendered":"<p>Risafr\u00e9ttir \u00e1 gluggadegi! Mark\u00fas P\u00e1ll Ellertsson hefur veri\u00f0 seldur til \u00cdtal\u00edu, \u00fear gengur hann til li\u00f0s vi\u00f0 Triestina Calcio \u00ed Serie C. Mikill s\u00f6knu\u00f0ur ver\u00f0ur af Mark\u00fasi sem er Framari [&hellip;]<\/p>","protected":false},"author":5,"featured_media":42683,"comment_status":"closed","ping_status":"closed","sticky":false,"template":"","format":"standard","meta":{"_monsterinsights_skip_tracking":false,"_monsterinsights_sitenote_active":false,"_monsterinsights_sitenote_note":"","_monsterinsights_sitenote_category":0,"_jetpack_memberships_contains_paid_content":false,"footnotes":""},"categories":[9,11,13],"tags":[],"class_list":["post-42682","post","type-post","status-publish","format-standard","has-post-thumbnail","hentry","category-fotbolti","category-mflkarla","category-yngriflokkar"],"jetpack_sharing_enabled":true,"jetpack_featured_media_url":"https:\/\/fram.is\/wp-content\/uploads\/2025\/02\/Fram25-Markus-Pall-.png","_links":{"self":[{"href":"https:\/\/fram.is\/is\/wp-json\/wp\/v2\/posts\/42682","targetHints":{"allow":["GET"]}}],"collection":[{"href":"https:\/\/fram.is\/is\/wp-json\/wp\/v2\/posts"}],"about":[{"href":"https:\/\/fram.is\/is\/wp-json\/wp\/v2\/types\/post"}],"author":[{"embeddable":true,"href":"https:\/\/fram.is\/is\/wp-json\/wp\/v2\/users\/5"}],"replies":[{"embeddable":true,"href":"https:\/\/fram.is\/is\/wp-json\/wp\/v2\/comments?post=42682"}],"version-history":[{"count":4,"href":"https:\/\/fram.is\/is\/wp-json\/wp\/v2\/posts\/42682\/revisions"}],"predecessor-version":[{"id":42688,"href":"https:\/\/fram.is\/is\/wp-json\/wp\/v2\/posts\/42682\/revisions\/42688"}],"wp:featuredmedia":[{"embeddable":true,"href":"https:\/\/fram.is\/is\/wp-json\/wp\/v2\/media\/42683"}],"wp:attachment":[{"href":"https:\/\/fram.is\/is\/wp-json\/wp\/v2\/media?parent=42682"}],"wp:term":[{"taxonomy":"category","embeddable":true,"href":"https:\/\/fram.is\/is\/wp-json\/wp\/v2\/categories?post=42682"},{"taxonomy":"post_tag","embeddable":true,"href":"https:\/\/fram.is\/is\/wp-json\/wp\/v2\/tags?post=42682"}],"curies":[{"name":"wp","href":"https:\/\/api.w.org\/{rel}","templated":true}]}}