{"id":4374,"date":"2013-09-19T11:13:40","date_gmt":"2013-09-19T11:13:40","guid":{"rendered":"http:\/\/fram.is\/?p=4374"},"modified":"2013-09-19T11:13:40","modified_gmt":"2013-09-19T11:13:40","slug":"ibuafundir-um-throun-hverfa-reykjavik","status":"publish","type":"post","link":"https:\/\/fram.is\/is\/2013\/09\/19\/ibuafundir-um-throun-hverfa-reykjavik\/","title":{"rendered":"\u00cdb\u00faafundir um \u00fer\u00f3un hverfa \u00ed Reykjav\u00edk"},"content":{"rendered":"<p><strong>SAMR\u00c1\u00d0 UM \u00deR\u00d3UN HVERFA \u00cd REYKJAVIK<\/strong><\/p>\n<p>\u00cdb\u00faafundir ver\u00f0a haldnir \u00ed \u00e1tta borgarhlutum Reykjav\u00edkur \u00e1 n\u00e6stu vikum \u00fear sem\u00a0hafist ver\u00f0ur handa vi\u00f0 \u00fer\u00f3un hverfa borgarinnar. H\u00e9r er um n\u00fdbreytni \u00ed\u00a0skipulagsm\u00e1lum a\u00f0 r\u00e6\u00f0a undir heitinu hverfisskipulag sem hv\u00edlir \u00e1 markmi\u00f0um um\u00a0heilsu, \u00f6ryggi og vistv\u00e6nt umhverfi borgarb\u00faa sem sett eru \u00ed a\u00f0alskipulagi\u00a0Reykjav\u00edkur.<\/p>\n<p>Hverfisskipulagi\u00f0 felst m.a. \u00ed \u00fev\u00ed a\u00f0 r\u00e6kta sta\u00f0aranda hverfanna og \u00fer\u00f3a \u00feau \u00ed \u00e1tt a\u00f0\u00a0sj\u00e1lfb\u00e6rum einingum, me\u00f0 \u00fea\u00f0 a\u00f0 markmi\u00f0i a\u00f0 b\u00e6ta heilsu, \u00f6ryggi og vell\u00ed\u00f0an \u00edb\u00faa.<\/p>\n<p>Fundirnir ver\u00f0a haldnir n\u00fana \u00ed september og \u00fear gefst \u00edb\u00faum t\u00e6kif\u00e6ri \u00e1 a\u00f0 hafa \u00e1hrif\u00a0strax \u00ed upphafi hverfisskipulagsvinnunnar.<\/p>\n<p>\u00c1 fundunum ver\u00f0ur m.a. leitast vi\u00f0 a\u00f0 svara spurningum eins og: Hvar v\u00e6ri best a\u00f0\u00a0hafa verslun og \u00fej\u00f3nustu innan hverfisins? Hvar eru g\u00f3\u00f0 opin gr\u00e6n sv\u00e6\u00f0i og hver\u00a0m\u00e1 b\u00e6ta? Hvar er m\u00f6guleiki \u00e1 \u00fe\u00e9ttingu bygg\u00f0ar? Hvernig er h\u00e6gt a\u00f0 b\u00e6ta g\u00f6ngu- og\u00a0hj\u00f3lalei\u00f0ir barna \u00ed sk\u00f3la e\u00f0a fullor\u00f0inna \u00ed vinnu? Hvernig er h\u00e6gt a\u00f0 f\u00e1 b\u00f6rn til a\u00f0\u00a0leika s\u00e9r \u00fati og hreyfa sig meira? Hvernig er h\u00e6gt a\u00f0 efla sta\u00f0aranda?<\/p>\n<p>\u00cd hverfisskipulagi ver\u00f0a settar almennar reglur um yfirbrag\u00f0, \u00fer\u00f3un og var\u00f0veislu\u00a0bygg\u00f0arinnar. \u00d6flugt samr\u00e1\u00f0 vi\u00f0 \u00edb\u00faa og hagsmunaa\u00f0ila ver\u00f0ur einkenni \u00e1\u00a0hverfisskipulaginu og Reykjav\u00edkurborg hefur \u00feegar r\u00e1\u00f0i\u00f0 r\u00e1\u00f0gjafateymi til a\u00f0 vinna\u00a01.\u00e1fanga hverfisskipulags fyrir \u00e1tta af t\u00edu borgarhlutum \u00ed Reykjav\u00edk. Samr\u00e1\u00f0i\u00f0 vi\u00f0\u00a0\u00edb\u00faa ver\u00f0ur \u00e1 netinu, \u00fati \u00ed hverfunum og \u00e1 \u00edb\u00faa- og hagsmunaa\u00f0ilafundum.<\/p>\n<p>\u00cdb\u00faafundirnir ver\u00f0a haldnir \u00ed \u00e1tta borgarhlutum Reykjav\u00edkur \u00e1 n\u00e6stu vikum milli kl.\u00a017-19:<\/p>\n<p>Vesturb\u00e6r: \u00a0Hagask\u00f3li 16.september<\/p>\n<p>Hl\u00ed\u00f0ar: \u00a0Kjarvalssta\u00f0ir 17.september<\/p>\n<p>Laugardalur: \u00a0Laugardalsh\u00f6ll 18.september<\/p>\n<p><strong>H\u00e1aleiti-B\u00fasta\u00f0ir: \u00a0R\u00e9ttarholtssk\u00f3li 19.september<\/strong><\/p>\n<p>Brei\u00f0holt: \u00a0Ger\u00f0uberg 23.september<\/p>\n<p>\u00c1rb\u00e6r: \u00a0Fylkish\u00f6ll &#8211; Fylkisvegi 6 24.september<\/p>\n<p><strong>Grafarholt-\u00dalfars\u00e1rdalur: \u00a0Ingunnarsk\u00f3li 25.september<\/strong><\/p>\n<p>Grafarvogur: \u00a0Gufunesb\u00e6r 26.september<\/p>\n<p>Allir eru velkomnir, bo\u00f0i\u00f0 ver\u00f0ur upp \u00e1 l\u00e9ttar veitingar og hugmyndahorn fyrir\u00a0b\u00f6rn. Einnig er h\u00e6gt a\u00f0 taka \u00fe\u00e1tt \u00e1 netinu \u00ed gegnum s\u00ed\u00f0una <a href=\"http:\/\/hverfisskipulag.is\/\" target=\"_blank\" rel=\"noopener\">www.hverfisskipulag.is<\/a><\/p>\n<p><a href=\"http:\/\/fram.is\/wp-content\/uploads\/2013\/09\/timasetn1.jpg\"><img fetchpriority=\"high\" decoding=\"async\" class=\"alignnone size-medium wp-image-4376\" alt=\"timasetn\" src=\"http:\/\/fram.is\/wp-content\/uploads\/2013\/09\/timasetn1-212x300.jpg\" width=\"212\" height=\"300\" \/><\/a><\/p>","protected":false},"excerpt":{"rendered":"<p>SAMR\u00c1\u00d0 UM \u00deR\u00d3UN HVERFA \u00cd REYKJAVIK \u00cdb\u00faafundir ver\u00f0a haldnir \u00ed \u00e1tta borgarhlutum Reykjav\u00edkur \u00e1 n\u00e6stu vikum \u00fear sem\u00a0hafist ver\u00f0ur handa vi\u00f0 \u00fer\u00f3un hverfa borgarinnar. H\u00e9r er um n\u00fdbreytni \u00ed\u00a0skipulagsm\u00e1lum a\u00f0 [&hellip;]<\/p>","protected":false},"author":6,"featured_media":0,"comment_status":"open","ping_status":"open","sticky":false,"template":"","format":"standard","meta":{"_monsterinsights_skip_tracking":false,"_monsterinsights_sitenote_active":false,"_monsterinsights_sitenote_note":"","_monsterinsights_sitenote_category":0,"_jetpack_memberships_contains_paid_content":false,"footnotes":""},"categories":[8,10,1],"tags":[],"class_list":["post-4374","post","type-post","status-publish","format-standard","hentry","category-adalstjorn","category-frettir","category-uncategorized"],"jetpack_sharing_enabled":true,"jetpack_featured_media_url":"","_links":{"self":[{"href":"https:\/\/fram.is\/is\/wp-json\/wp\/v2\/posts\/4374","targetHints":{"allow":["GET"]}}],"collection":[{"href":"https:\/\/fram.is\/is\/wp-json\/wp\/v2\/posts"}],"about":[{"href":"https:\/\/fram.is\/is\/wp-json\/wp\/v2\/types\/post"}],"author":[{"embeddable":true,"href":"https:\/\/fram.is\/is\/wp-json\/wp\/v2\/users\/6"}],"replies":[{"embeddable":true,"href":"https:\/\/fram.is\/is\/wp-json\/wp\/v2\/comments?post=4374"}],"version-history":[{"count":0,"href":"https:\/\/fram.is\/is\/wp-json\/wp\/v2\/posts\/4374\/revisions"}],"wp:attachment":[{"href":"https:\/\/fram.is\/is\/wp-json\/wp\/v2\/media?parent=4374"}],"wp:term":[{"taxonomy":"category","embeddable":true,"href":"https:\/\/fram.is\/is\/wp-json\/wp\/v2\/categories?post=4374"},{"taxonomy":"post_tag","embeddable":true,"href":"https:\/\/fram.is\/is\/wp-json\/wp\/v2\/tags?post=4374"}],"curies":[{"name":"wp","href":"https:\/\/api.w.org\/{rel}","templated":true}]}}