{"id":4381,"date":"2013-09-19T15:26:37","date_gmt":"2013-09-19T15:26:37","guid":{"rendered":"http:\/\/fram.is\/?p=4381"},"modified":"2013-09-19T15:26:37","modified_gmt":"2013-09-19T15:26:37","slug":"mfl-kv-leikur-sinn-fyrsta-leik-morgun-fostud-hvad-er-ad-fretta","status":"publish","type":"post","link":"https:\/\/fram.is\/is\/2013\/09\/19\/mfl-kv-leikur-sinn-fyrsta-leik-morgun-fostud-hvad-er-ad-fretta\/","title":{"rendered":"Mfl.kv. leikur sinn fyrsta leik \u00e1 morgun f\u00f6stud. Hva\u00f0 er a\u00f0 fr\u00e9tta ?"},"content":{"rendered":"<p><b><span style=\"text-decoration: underline;\">Meistaraflokkur kvenna \u2013 fyrsti leikur \u00e1 morgun<\/span><\/b><\/p>\n<p>Meistaraflokkur kvenna hefur \u00e1 morgun, f\u00f6studag, titliv\u00f6rn s\u00edna \u00feegar \u00cdslandsm\u00f3ti\u00f0 hefst a\u00f0 n\u00fdju.\u00a0 Undirritu\u00f0um finnst a\u00f0 \u00fea\u00f0 s\u00e9u ekki nema nokkrara vikur s\u00ed\u00f0an vi\u00f0 f\u00f6gnu\u00f0um\u00a0 \u00cdslandsmeistaratitlinum \u00ed Safam\u00fdrinni \u00ed byrjun ma\u00ed s.l.\u00a0 S\u00ed\u00f0an er \u00fe\u00f3 li\u00f0i\u00f0 heilt sumar og margt hefur breyst \u00ed herb\u00fa\u00f0um meistaraflokks kvenna.<\/p>\n<p><b><span style=\"text-decoration: underline;\">Breytingar fr\u00e1 s\u00ed\u00f0asta vetri<\/span><\/b><\/p>\n<p>Miklar breytingar hafa or\u00f0i\u00f0 \u00e1 leikmannah\u00f3pnum, sem vann titilinn \u00ed vor. Leikmenn hafa lagt sk\u00f3na \u00e1 hilluna, teki\u00f0 til vi\u00f0 a\u00f0 fj\u00f6lga fr\u00f6mmurum og s\u00ed\u00f0an einnig haldi\u00f0 \u00e1 vit n\u00fdrra \u00e6vint\u00fdra b\u00e6\u00f0i h\u00e9r innanlands en einnig erlendis.<\/p>\n<p>Ef vi\u00f0 f\u00f6rum a\u00f0eins yfir h\u00f3pinn sem sem h\u00f3f t\u00edmabili\u00f0 s\u00ed\u00f0astli\u00f0i\u00f0 haust, \u00fe\u00e1 hafa eftirfarandi leikmenn horfi\u00f0 \u00e1 braut.\u00a0 Gu\u00f0r\u00fan \u00d3sk Mar\u00edasd\u00f3ttir h\u00e6tti \u00e1 mi\u00f0jum s\u00ed\u00f0asta vetri \u00fear sem h\u00fan var \u00f3l\u00e9tt, en h\u00fan hefur n\u00fa gengi\u00f0 til li\u00f0s vi\u00f0 FH sem eru einmitt m\u00f3therjar FRAM \u00ed fyrsta leik.\u00a0 Karen \u00d6sp Gu\u00f0bjartsd\u00f3ttir l\u00e9k ekkert me\u00f0 s\u00ed\u00f0asta vetur vegna mei\u00f0sla og hefur h\u00e6tt handknattleiksi\u00f0kun allavega \u00ed bili.\u00a0 Gu\u00f0r\u00fan Bjartmarz sem \u00f3v\u00e6nt var\u00f0 \u00ed a\u00f0alhlutverki \u00ed fyrra vetur og st\u00f3\u00f0 sig me\u00f0 stakri pr\u00ed\u00f0i hefur lagt sk\u00f3na \u00e1 hilluna en er \u00fe\u00f3 til rei\u00f0u ef \u00fearf.\u00a0 Anna Mar\u00eda Gu\u00f0mundsd\u00f3ttir hefur skipti yfir \u00ed HK.\u00a0 El\u00edsabet Gunnarsd\u00f3ttir skipti aftur yfir \u00ed sitt gamla f\u00e9lag Stj\u00f6rnuna.\u00a0 Gu\u00f0r\u00fan \u00de\u00f3ra H\u00e1lfd\u00e1nsd\u00f3ttir er \u00f3l\u00e9tt og ver\u00f0ur \u00fev\u00ed ekki me\u00f0 \u00ed vetur.\u00a0 Stella Sigur\u00f0ard\u00f3ttir h\u00e9lt til Danmerkur.\u00a0 Sunna J\u00f3nsd\u00f3ttir h\u00e9lt til Sv\u00ed\u00fej\u00f3\u00f0ar og \u00fea\u00f0 sama ger\u00f0i Birna Berg Haraldsd\u00f3ttir<\/p>\n<p>\u00de\u00f3 a\u00f0 \u00fea\u00f0 s\u00e9 erfitt a\u00f0 sj\u00e1 \u00e1 eftir \u00f6llum \u00feessum leikm\u00f6nnum, \u00fe\u00e1 er \u00fea\u00f0 j\u00e1kv\u00e6tt og vonandi segir eitthva\u00f0 um a\u00f0 veri\u00f0 s\u00e9 a\u00f0 vinna gott starf \u00ed Safam\u00fdrinni a\u00f0 leikmenn fr\u00e1 FRAM geti teki\u00f0 skref fram \u00e1 vi\u00f0 \u00ed handboltai\u00f0kun erlendis.\u00a0 \u00c1 s\u00ed\u00f0ustu \u00e1rum hafa a\u00f0 mig minnir allavega 6 leikmenn fr\u00e1 FRAM haldi\u00f0 \u00e1 vit \u00e6vint\u00fdranna og leika n\u00fa me\u00f0 li\u00f0um \u00ed Evr\u00f3pu.<\/p>\n<p><b><span style=\"text-decoration: underline;\">Engin \u00e1st\u00e6\u00f0a til a\u00f0 \u00f6rv\u00e6nta<\/span><\/b><\/p>\n<p>En \u00fer\u00e1tt fyrir \u00feessar miklu breytingar sem or\u00f0i\u00f0 hafa \u00e1 li\u00f0inu \u00fe\u00e1 er enginn \u00e1st\u00e6\u00f0a til a\u00f0 leggja ni\u00f0ur r\u00f3funa og gefast upp.\u00a0 N\u00fa er hafinn t\u00edmi n\u00fdrrar uppbyggingar \u00e1 meistaraflokki kvenna og vonandi t\u00edmi n\u00fdrra \u00e6vint\u00fdra \u00ed Safam\u00fdrinni.<\/p>\n<p>FRAM er svo \u00f3tr\u00falega heppi\u00f0 f\u00e9lag a\u00f0 eiga leikmenn sem hafa veri\u00f0 tilb\u00fanir til a\u00f0 leggja allt \u00ed s\u00f6lurnar undanfarin \u00e1r til a\u00f0 n\u00e1 \u00e1rangri og eru tilb\u00fanir til \u00feess enn.\u00a0 H\u00e9r er \u00e9g a\u00f0 tala um \u00fe\u00e1 leikmenn sem hafa veri\u00f0 kjarninn \u00ed li\u00f0inu undanfarin \u00e1r og ver\u00f0a \u00feann einnig \u00ed vetur.\u00a0 \u00deetta eru \u00fe\u00e6r Sigurbj\u00f6rg J\u00f3hannsd\u00f3ttir, \u00c1sta Birna Gunnarsd\u00f3ttir, Marthe S\u00f6rdal og Steinunn Bj\u00f6rnsd\u00f3ttir sem ver\u00f0a \u00ed vetur \u201eg\u00f6mlu\u201c leikmennirnir \u00ed li\u00f0inu.\u00a0 \u00c1samt\u00a0 leikm\u00f6nnum sem hafa komi\u00f0 inn\u00ed li\u00f0i\u00f0 \u00e1 undanf\u00f6rnum \u00e1rum eins og Mar\u00eda Karlsd\u00f3ttir, Hekla R\u00fan \u00c1mundad\u00f3ttir, Hafd\u00eds Shizuka Iura, Hildur Gunnarsd\u00f3ttur.<\/p>\n<p>\u00deessu til vi\u00f0b\u00f3tar f\u00e9kk FRAM aftur til s\u00edn Sunnevu Einarsd\u00f3ttur markmann sem er uppalin \u00ed FRAM en hefur leiki\u00f0 undanfarin \u00e1r me\u00f0 Val og n\u00fa s\u00ed\u00f0ast Stj\u00f6rnunni.<\/p>\n<p>Ofangreindir leikmenn ver\u00f0a \u00feeir leikmenn sem mynda meistaraflokk kvenna \u00ed vetur \u00e1samt h\u00f3pi af ungum og efnilegum leikm\u00f6nnum sem eru a\u00f0 ganga upp \u00far 3. flokki e\u00f0a eru \u00fear enn.<\/p>\n<p>\u00deeir leikmenn sem eru a\u00f0 ganga upp \u00far 3. flokki \u00ed vetur eru \u00fe\u00e6r; Elva \u00de\u00f3ra Arnard\u00f3ttir, Hafd\u00eds Shizuka Iura, Hildur Gunnarsd\u00f3ttir, \u00cdris Krist\u00edn Smith, J\u00f3hanna Bj\u00f6rk Viktorsd\u00f3ttir, Kar\u00f3l\u00edna Vilborg Torfad\u00f3ttir og Krist\u00edn Helgad\u00f3ttir.<\/p>\n<p>Einnig eru leikmenn sem munu \u00e6fa og spila me\u00f0 meistaraflokki enn \u00ed 3. flokki, en \u00fea\u00f0 eru \u00fe\u00e6r; Gu\u00f0r\u00fan Jenn\u00fd Sigur\u00f0ard\u00f3ttir, Hafd\u00eds Lilja Torfad\u00f3ttir, Hekla R\u00fan \u00c1mundad\u00f3ttir, Hulda Dagsd\u00f3ttir og Ragnhei\u00f0ur J\u00fal\u00edusd\u00f3ttir.<\/p>\n<p>\u00deessir yngri leikmenn hafa flestir veri\u00f0 \u00ed yngri landsli\u00f0um \u00cdslands \u00ed lengri e\u00f0a skemmri t\u00edma.<\/p>\n<p>Af 18 manna leikmannah\u00f3pi \u00fe\u00e1 eru 12 leikmenn enn yngri en 20 \u00e1ra.<\/p>\n<p>Af \u00feessu m\u00e1 sj\u00e1 a\u00f0 \u00fea\u00f0 er engin \u00e1st\u00e6\u00f0a til a\u00f0 hafa \u00e1hyggjur af framt\u00ed\u00f0inni af kvennahandbolta hj\u00e1 FRAM.\u00a0 \u00de\u00f3 a\u00f0 vissulega s\u00e9 li\u00f0i\u00f0 miki\u00f0 breytt er ekki neitt anna\u00f0 sem kemur til greina en a\u00f0 setja stefnuna \u00e1 bar\u00e1ttu um titla \u00ed vetur \u00ed \u00f6llum keppnum.<\/p>\n<p><b><span style=\"text-decoration: underline;\">Undirb\u00faningst\u00edmabili\u00f0<\/span><\/b><\/p>\n<p>Undirb\u00faningst\u00edmabili\u00f0 hefur gengi\u00f0 nokku\u00f0 vel eftir a\u00f0 li\u00f0i\u00f0 f\u00f3r a\u00f0 \u00e6fa \u00ed byrjun \u00e1g\u00fast.\u00a0 FRAM hefur sigra\u00f0 \u00ed flestum \u00feeim leikjum sem spila\u00f0ir hafa veri\u00f0 \u00e1 undirb\u00faningst\u00edmabilinu.\u00a0 Li\u00f0i\u00f0 sigra\u00f0i \u00e1 \u00e6fingam\u00f3ti Gr\u00f3ttu og Subway fyrir tveimur vikum og var\u00f0 s\u00ed\u00f0an Reykjav\u00edkurmeistari \u00ed s\u00ed\u00f0ustu viku.<\/p>\n<p>Li\u00f0i\u00f0 tapa\u00f0i hins vegar fyrir Val \u00ed leik meistara meistaranna um s\u00ed\u00f0ustu helgi me\u00f0 einu marki, eftir a\u00f0 hafa veri\u00f0 yfir lengst af leiks.<\/p>\n<p><b><span style=\"text-decoration: underline;\">FRAMundan<\/span><\/b><\/p>\n<p>Anna\u00f0kv\u00f6ld ver\u00f0ur fyrsti leikurinn \u00e1 \u00cdslandsm\u00f3tinu og eru \u00fea\u00f0 \u00fe\u00e1 FH sem ver\u00f0a m\u00f3therjarnir og leiki\u00f0 \u00ed Kaplakrika.\u00a0 \u00dea\u00f0 er lj\u00f3st a\u00f0 \u00ed vetur ver\u00f0ur \u00fea\u00f0 markmi\u00f0 allra annarra li\u00f0a a\u00f0 vinna \u00cdslandsmeistarana \u00feannig a\u00f0 \u00fea\u00f0 m\u00e1 reikna me\u00f0 erfi\u00f0um leik anna\u00f0kv\u00f6ld.<\/p>\n<p>\u00dea\u00f0 er \u00fev\u00ed r\u00e1\u00f0 fyrir FRAMara a\u00f0 m\u00e6ta \u00ed Hafnarfj\u00f6r\u00f0inn \u00e1 morgun, f\u00f6studaginn 20. september, kl. 19:30 og sty\u00f0ja vi\u00f0 baki\u00f0 \u00e1 ungu li\u00f0i FRAM \u00ed bar\u00e1ttunni um \u00cdslandsmeistaratitilinn.<\/p>\n<p>FRAM-kve\u00f0ja<\/p>\n<p>vatnsberinn<\/p>","protected":false},"excerpt":{"rendered":"<p>Meistaraflokkur kvenna \u2013 fyrsti leikur \u00e1 morgun Meistaraflokkur kvenna hefur \u00e1 morgun, f\u00f6studag, titliv\u00f6rn s\u00edna \u00feegar \u00cdslandsm\u00f3ti\u00f0 hefst a\u00f0 n\u00fdju.\u00a0 Undirritu\u00f0um finnst a\u00f0 \u00fea\u00f0 s\u00e9u ekki nema nokkrara vikur s\u00ed\u00f0an [&hellip;]<\/p>","protected":false},"author":4,"featured_media":4322,"comment_status":"open","ping_status":"open","sticky":false,"template":"","format":"standard","meta":{"_monsterinsights_skip_tracking":false,"_monsterinsights_sitenote_active":false,"_monsterinsights_sitenote_note":"","_monsterinsights_sitenote_category":0,"_jetpack_memberships_contains_paid_content":false,"footnotes":""},"categories":[6,10,15],"tags":[],"class_list":["post-4381","post","type-post","status-publish","format-standard","has-post-thumbnail","hentry","category-handbolti","category-frettir","category-mfl-kvenna"],"jetpack_sharing_enabled":true,"jetpack_featured_media_url":"https:\/\/fram.is\/wp-content\/uploads\/2013\/09\/Reymeistarar2013-fors.jpg","_links":{"self":[{"href":"https:\/\/fram.is\/is\/wp-json\/wp\/v2\/posts\/4381","targetHints":{"allow":["GET"]}}],"collection":[{"href":"https:\/\/fram.is\/is\/wp-json\/wp\/v2\/posts"}],"about":[{"href":"https:\/\/fram.is\/is\/wp-json\/wp\/v2\/types\/post"}],"author":[{"embeddable":true,"href":"https:\/\/fram.is\/is\/wp-json\/wp\/v2\/users\/4"}],"replies":[{"embeddable":true,"href":"https:\/\/fram.is\/is\/wp-json\/wp\/v2\/comments?post=4381"}],"version-history":[{"count":0,"href":"https:\/\/fram.is\/is\/wp-json\/wp\/v2\/posts\/4381\/revisions"}],"wp:featuredmedia":[{"embeddable":true,"href":"https:\/\/fram.is\/is\/wp-json\/wp\/v2\/media\/4322"}],"wp:attachment":[{"href":"https:\/\/fram.is\/is\/wp-json\/wp\/v2\/media?parent=4381"}],"wp:term":[{"taxonomy":"category","embeddable":true,"href":"https:\/\/fram.is\/is\/wp-json\/wp\/v2\/categories?post=4381"},{"taxonomy":"post_tag","embeddable":true,"href":"https:\/\/fram.is\/is\/wp-json\/wp\/v2\/tags?post=4381"}],"curies":[{"name":"wp","href":"https:\/\/api.w.org\/{rel}","templated":true}]}}