{"id":43923,"date":"2025-04-30T14:08:10","date_gmt":"2025-04-30T14:08:10","guid":{"rendered":"https:\/\/fram.is\/?p=43923"},"modified":"2025-04-30T14:10:09","modified_gmt":"2025-04-30T14:10:09","slug":"gisli-thor-arnason-valinn-i-aefingahop-islands-u15","status":"publish","type":"post","link":"https:\/\/fram.is\/is\/2025\/04\/30\/gisli-thor-arnason-valinn-i-aefingahop-islands-u15\/","title":{"rendered":"G\u00edsli \u00de\u00f3r \u00c1rnason valinn \u00ed \u00e6fingah\u00f3p \u00cdslands U15"},"content":{"rendered":"<div data-elementor-type=\"wp-post\" data-elementor-id=\"43923\" class=\"elementor elementor-43923\" data-elementor-post-type=\"post\">\n\t\t\t\t<section class=\"elementor-section elementor-top-section elementor-element elementor-element-ea0b93 elementor-section-boxed elementor-section-height-default elementor-section-height-default\" data-id=\"ea0b93\" data-element_type=\"section\">\n\t\t\t\t\t\t<div class=\"elementor-container elementor-column-gap-default\">\n\t\t\t\t\t<div class=\"elementor-column elementor-col-100 elementor-top-column elementor-element elementor-element-2da96624\" data-id=\"2da96624\" data-element_type=\"column\">\n\t\t\t<div class=\"elementor-widget-wrap elementor-element-populated\">\n\t\t\t\t\t\t<div class=\"elementor-element elementor-element-39822e43 elementor-widget elementor-widget-text-editor\" data-id=\"39822e43\" data-element_type=\"widget\" data-widget_type=\"text-editor.default\">\n\t\t\t\t<div class=\"elementor-widget-container\">\n\t\t\t\t\t\t\t\t\t<p><\/p>\n<p>\u00d3mar Ingi Gu\u00f0mundsson, landsli\u00f0s\u00fej\u00e1lfari \u00cdslands U15 karla, hefur vali\u00f0 leikmannah\u00f3p til \u00fartaks\u00e6finga \u00a0sem kemur saman dagana 12. og 13. ma\u00ed 2025. \u00c6fingarnar fara fram \u00e1 Avis-vellinum \u00ed Laugardal.<\/p>\n<p><\/p>\n<p>Vi\u00f0 Framarar erum stoltir af \u00fev\u00ed a\u00f0 eiga einn fulltr\u00faa \u00ed \u00feessu \u00e6fingah\u00f3pi \u00cdslands U15 en G\u00edsli \u00de\u00f3r \u00c1rnason var valinn fr\u00e1 Fram a\u00f0 \u00feessu sinni.<\/p>\n<p><\/p>\n<p>G\u00edsli \u00de\u00f3r \u00c1rnason \u00a0\u00a0\u00a0\u00a0\u00a0\u00a0 Fram<br \/><img fetchpriority=\"high\" decoding=\"async\" class=\"alignnone size-full wp-image-43987\" src=\"https:\/\/fram.is\/wp-content\/uploads\/2025\/04\/Gisli-THor-fin.jpg\" alt=\"\" width=\"360\" height=\"360\" srcset=\"https:\/\/fram.is\/wp-content\/uploads\/2025\/04\/Gisli-THor-fin.jpg 360w, https:\/\/fram.is\/wp-content\/uploads\/2025\/04\/Gisli-THor-fin-300x300.jpg 300w, https:\/\/fram.is\/wp-content\/uploads\/2025\/04\/Gisli-THor-fin-150x150.jpg 150w, https:\/\/fram.is\/wp-content\/uploads\/2025\/04\/Gisli-THor-fin-12x12.jpg 12w, https:\/\/fram.is\/wp-content\/uploads\/2025\/04\/Gisli-THor-fin-100x100.jpg 100w\" sizes=\"(max-width: 360px) 100vw, 360px\" \/><\/p>\n<p><\/p>\n<p>Gangi \u00fe\u00e9r vel G\u00edsli \u00de\u00f3r.<\/p>\n<p><\/p>\n<p>\u00c1FRAM FRAM<br \/><br \/><\/p>\n<p><\/p>\t\t\t\t\t\t\t\t<\/div>\n\t\t\t\t<\/div>\n\t\t\t\t\t<\/div>\n\t\t<\/div>\n\t\t\t\t\t<\/div>\n\t\t<\/section>\t\t<\/div>","protected":false},"excerpt":{"rendered":"<p>\u00d3mar Ingi Gu\u00f0mundsson, landsli\u00f0s\u00fej\u00e1lfari \u00cdslands U15 karla, hefur vali\u00f0 leikmannah\u00f3p til \u00fartaks\u00e6finga \u00a0sem kemur saman dagana 12. og 13. ma\u00ed 2025. \u00c6fingarnar fara fram \u00e1 Avis-vellinum \u00ed Laugardal. Vi\u00f0 Framarar [&hellip;]<\/p>","protected":false},"author":5,"featured_media":43986,"comment_status":"closed","ping_status":"closed","sticky":false,"template":"","format":"standard","meta":{"_monsterinsights_skip_tracking":false,"_monsterinsights_sitenote_active":false,"_monsterinsights_sitenote_note":"","_monsterinsights_sitenote_category":0,"_jetpack_memberships_contains_paid_content":false,"footnotes":""},"categories":[9,13],"tags":[],"class_list":["post-43923","post","type-post","status-publish","format-standard","has-post-thumbnail","hentry","category-fotbolti","category-yngriflokkar"],"jetpack_sharing_enabled":true,"jetpack_featured_media_url":"https:\/\/fram.is\/wp-content\/uploads\/2025\/04\/Gisli-THor-U15-ka-vefur.jpg","_links":{"self":[{"href":"https:\/\/fram.is\/is\/wp-json\/wp\/v2\/posts\/43923","targetHints":{"allow":["GET"]}}],"collection":[{"href":"https:\/\/fram.is\/is\/wp-json\/wp\/v2\/posts"}],"about":[{"href":"https:\/\/fram.is\/is\/wp-json\/wp\/v2\/types\/post"}],"author":[{"embeddable":true,"href":"https:\/\/fram.is\/is\/wp-json\/wp\/v2\/users\/5"}],"replies":[{"embeddable":true,"href":"https:\/\/fram.is\/is\/wp-json\/wp\/v2\/comments?post=43923"}],"version-history":[{"count":4,"href":"https:\/\/fram.is\/is\/wp-json\/wp\/v2\/posts\/43923\/revisions"}],"predecessor-version":[{"id":43990,"href":"https:\/\/fram.is\/is\/wp-json\/wp\/v2\/posts\/43923\/revisions\/43990"}],"wp:featuredmedia":[{"embeddable":true,"href":"https:\/\/fram.is\/is\/wp-json\/wp\/v2\/media\/43986"}],"wp:attachment":[{"href":"https:\/\/fram.is\/is\/wp-json\/wp\/v2\/media?parent=43923"}],"wp:term":[{"taxonomy":"category","embeddable":true,"href":"https:\/\/fram.is\/is\/wp-json\/wp\/v2\/categories?post=43923"},{"taxonomy":"post_tag","embeddable":true,"href":"https:\/\/fram.is\/is\/wp-json\/wp\/v2\/tags?post=43923"}],"curies":[{"name":"wp","href":"https:\/\/api.w.org\/{rel}","templated":true}]}}