{"id":44088,"date":"2025-05-07T11:55:17","date_gmt":"2025-05-07T11:55:17","guid":{"rendered":"https:\/\/fram.is\/?p=44088"},"modified":"2025-05-07T13:12:57","modified_gmt":"2025-05-07T13:12:57","slug":"katrin-anna-asmundsdottir-til-lids-vid-fram","status":"publish","type":"post","link":"https:\/\/fram.is\/is\/2025\/05\/07\/katrin-anna-asmundsdottir-til-lids-vid-fram\/","title":{"rendered":"Katr\u00edn Anna \u00c1smundsd\u00f3ttir til li\u00f0s vi\u00f0 Fram"},"content":{"rendered":"<div data-elementor-type=\"wp-post\" data-elementor-id=\"44088\" class=\"elementor elementor-44088\" data-elementor-post-type=\"post\">\n\t\t\t\t\t\t<section class=\"elementor-section elementor-top-section elementor-element elementor-element-d247ef9 elementor-section-boxed elementor-section-height-default elementor-section-height-default\" data-id=\"d247ef9\" data-element_type=\"section\">\n\t\t\t\t\t\t<div class=\"elementor-container elementor-column-gap-default\">\n\t\t\t\t\t<div class=\"elementor-column elementor-col-100 elementor-top-column elementor-element elementor-element-63e65db\" data-id=\"63e65db\" data-element_type=\"column\">\n\t\t\t<div class=\"elementor-widget-wrap elementor-element-populated\">\n\t\t\t\t\t\t<div class=\"elementor-element elementor-element-c0c51e8 elementor-widget elementor-widget-text-editor\" data-id=\"c0c51e8\" data-element_type=\"widget\" data-widget_type=\"text-editor.default\">\n\t\t\t\t<div class=\"elementor-widget-container\">\n\t\t\t\t\t\t\t\t\t<p>Handknattleiksdeild Fram hefur gert \u00feriggja \u00e1ra samning vi\u00f0 Katr\u00ednu \u00d6nnu \u00c1smundsd\u00f3ttur, sem kemur fr\u00e1 Gr\u00f3ttu.<\/p><p>Katr\u00edn Anna er \u00f6flugur hornama\u00f0ur og \u00e1tti mj\u00f6g gott t\u00edmabil me\u00f0 Gr\u00f3ttu \u00ed Ol\u00edsdeildinni \u00e1 li\u00f0nu t\u00edmabili, \u00fear sem h\u00fan skora\u00f0i 57 m\u00f6rk \u00ed 21 leik. H\u00fan er jafnframt \u00ed \u00edslenska landsli\u00f0inu og hefur s\u00fdnt st\u00f6\u00f0ugan v\u00f6xt og metna\u00f0 \u00e1 s\u00ed\u00f0ustu \u00e1rum.<\/p><p>Fram fagnar \u00fev\u00ed a\u00f0 f\u00e1 leikmann af \u00feessum g\u00e6\u00f0um \u00ed h\u00f3pinn og hlakkar til a\u00f0 sj\u00e1 Katr\u00ednu \u00d6nnu \u00ed bl\u00e1a b\u00faningnum \u00e1 komandi leikt\u00ed\u00f0.<\/p><p>Velkomin \u00ed Fram, Katr\u00edn Anna!<\/p>\t\t\t\t\t\t\t\t<\/div>\n\t\t\t\t<\/div>\n\t\t\t\t\t<\/div>\n\t\t<\/div>\n\t\t\t\t\t<\/div>\n\t\t<\/section>\n\t\t\t\t<section class=\"elementor-section elementor-top-section elementor-element elementor-element-e92f096 elementor-section-boxed elementor-section-height-default elementor-section-height-default\" data-id=\"e92f096\" data-element_type=\"section\">\n\t\t\t\t\t\t<div class=\"elementor-container elementor-column-gap-default\">\n\t\t\t\t\t<div class=\"elementor-column elementor-col-100 elementor-top-column elementor-element elementor-element-1cec782\" data-id=\"1cec782\" data-element_type=\"column\">\n\t\t\t<div class=\"elementor-widget-wrap elementor-element-populated\">\n\t\t\t\t\t\t<div class=\"elementor-element elementor-element-b211953 elementor-widget elementor-widget-image\" data-id=\"b211953\" data-element_type=\"widget\" data-widget_type=\"image.default\">\n\t\t\t\t<div class=\"elementor-widget-container\">\n\t\t\t\t\t\t\t\t\t\t\t\t\t\t\t<img fetchpriority=\"high\" decoding=\"async\" width=\"800\" height=\"1000\" src=\"https:\/\/fram.is\/wp-content\/uploads\/2025\/05\/LEIKDAGUR-POST-2025-05-07T131154.392-819x1024.png\" class=\"attachment-large size-large wp-image-44095\" alt=\"\" srcset=\"https:\/\/fram.is\/wp-content\/uploads\/2025\/05\/LEIKDAGUR-POST-2025-05-07T131154.392-819x1024.png 819w, https:\/\/fram.is\/wp-content\/uploads\/2025\/05\/LEIKDAGUR-POST-2025-05-07T131154.392-240x300.png 240w, https:\/\/fram.is\/wp-content\/uploads\/2025\/05\/LEIKDAGUR-POST-2025-05-07T131154.392-768x960.png 768w, https:\/\/fram.is\/wp-content\/uploads\/2025\/05\/LEIKDAGUR-POST-2025-05-07T131154.392-10x12.png 10w, https:\/\/fram.is\/wp-content\/uploads\/2025\/05\/LEIKDAGUR-POST-2025-05-07T131154.392-800x1000.png 800w, https:\/\/fram.is\/wp-content\/uploads\/2025\/05\/LEIKDAGUR-POST-2025-05-07T131154.392.png 1080w\" sizes=\"(max-width: 800px) 100vw, 800px\" \/>\t\t\t\t\t\t\t\t\t\t\t\t\t\t\t<\/div>\n\t\t\t\t<\/div>\n\t\t\t\t\t<\/div>\n\t\t<\/div>\n\t\t\t\t\t<\/div>\n\t\t<\/section>\n\t\t\t\t<\/div>","protected":false},"excerpt":{"rendered":"<p>Handknattleiksdeild Fram hefur gert \u00feriggja \u00e1ra samning vi\u00f0 Katr\u00ednu \u00d6nnu \u00c1smundsd\u00f3ttur, sem kemur fr\u00e1 Gr\u00f3ttu. Katr\u00edn Anna er \u00f6flugur hornama\u00f0ur og \u00e1tti mj\u00f6g gott t\u00edmabil me\u00f0 Gr\u00f3ttu \u00ed Ol\u00edsdeildinni \u00e1 [&hellip;]<\/p>","protected":false},"author":7,"featured_media":44091,"comment_status":"closed","ping_status":"closed","sticky":false,"template":"","format":"standard","meta":{"_monsterinsights_skip_tracking":false,"_monsterinsights_sitenote_active":false,"_monsterinsights_sitenote_note":"","_monsterinsights_sitenote_category":0,"_jetpack_memberships_contains_paid_content":false,"footnotes":""},"categories":[6],"tags":[],"class_list":["post-44088","post","type-post","status-publish","format-standard","has-post-thumbnail","hentry","category-handbolti"],"jetpack_sharing_enabled":true,"jetpack_featured_media_url":"https:\/\/fram.is\/wp-content\/uploads\/2025\/05\/Griptu-kemur-ut-13.-mars-66.png","_links":{"self":[{"href":"https:\/\/fram.is\/is\/wp-json\/wp\/v2\/posts\/44088","targetHints":{"allow":["GET"]}}],"collection":[{"href":"https:\/\/fram.is\/is\/wp-json\/wp\/v2\/posts"}],"about":[{"href":"https:\/\/fram.is\/is\/wp-json\/wp\/v2\/types\/post"}],"author":[{"embeddable":true,"href":"https:\/\/fram.is\/is\/wp-json\/wp\/v2\/users\/7"}],"replies":[{"embeddable":true,"href":"https:\/\/fram.is\/is\/wp-json\/wp\/v2\/comments?post=44088"}],"version-history":[{"count":7,"href":"https:\/\/fram.is\/is\/wp-json\/wp\/v2\/posts\/44088\/revisions"}],"predecessor-version":[{"id":44098,"href":"https:\/\/fram.is\/is\/wp-json\/wp\/v2\/posts\/44088\/revisions\/44098"}],"wp:featuredmedia":[{"embeddable":true,"href":"https:\/\/fram.is\/is\/wp-json\/wp\/v2\/media\/44091"}],"wp:attachment":[{"href":"https:\/\/fram.is\/is\/wp-json\/wp\/v2\/media?parent=44088"}],"wp:term":[{"taxonomy":"category","embeddable":true,"href":"https:\/\/fram.is\/is\/wp-json\/wp\/v2\/categories?post=44088"},{"taxonomy":"post_tag","embeddable":true,"href":"https:\/\/fram.is\/is\/wp-json\/wp\/v2\/tags?post=44088"}],"curies":[{"name":"wp","href":"https:\/\/api.w.org\/{rel}","templated":true}]}}