{"id":44738,"date":"2025-07-07T10:09:18","date_gmt":"2025-07-07T10:09:18","guid":{"rendered":"https:\/\/fram.is\/?p=44738"},"modified":"2025-07-07T10:09:54","modified_gmt":"2025-07-07T10:09:54","slug":"skagamenn-attu-i-vuk-ad-verjast","status":"publish","type":"post","link":"https:\/\/fram.is\/is\/2025\/07\/07\/skagamenn-attu-i-vuk-ad-verjast\/","title":{"rendered":"Skagamenn \u00e1ttu \u00ed Vuk a\u00f0 verjast"},"content":{"rendered":"<div data-elementor-type=\"wp-post\" data-elementor-id=\"44738\" class=\"elementor elementor-44738\" data-elementor-post-type=\"post\">\n\t\t\t\t<section class=\"elementor-section elementor-top-section elementor-element elementor-element-7b5ba8a1 elementor-section-boxed elementor-section-height-default elementor-section-height-default\" data-id=\"7b5ba8a1\" data-element_type=\"section\">\n\t\t\t\t\t\t<div class=\"elementor-container elementor-column-gap-default\">\n\t\t\t\t\t<div class=\"elementor-column elementor-col-100 elementor-top-column elementor-element elementor-element-62c85e70\" data-id=\"62c85e70\" data-element_type=\"column\">\n\t\t\t<div class=\"elementor-widget-wrap elementor-element-populated\">\n\t\t\t\t\t\t<div class=\"elementor-element elementor-element-6f116444 elementor-widget elementor-widget-text-editor\" data-id=\"6f116444\" data-element_type=\"widget\" data-widget_type=\"text-editor.default\">\n\t\t\t\t<div class=\"elementor-widget-container\"><p>Undirrita\u00f0ur var fyrir fram me\u00f0 b\u00f6ggum hildar \u00fear sem hef\u00f0bundnu me\u00f0rei\u00f0arsveinarnir voru ekki \u00e1 sta\u00f0num fyrir leik. Sef\u00e1n P\u00e1lsson haf\u00f0i b\u00f3ka\u00f0 fer\u00f0 til Lissabon eins og kj\u00e1ni til \u00feess eins a\u00f0 br\u00e1\u00f0na eins og smj\u00e9r \u00ed hitabylgju (ma\u00f0urinn sem r\u00edfur sig \u00far a\u00f0 ofan \u00ed 14\u00b0C til \u00feess eins a\u00f0 skapa \u00ed\u00fer\u00f3ttamynd \u00e1rsins) og Rabbi trymbill var staddur \u00ed \u00c1sbyrgi a\u00f0 nj\u00f3ta N\u00fapasveitarinnar sem er fallegasta sveit landsins (STA\u00d0FEST).<\/p><p>Undirrita\u00f0ur f\u00f3r \u00fev\u00ed \u00e1 F\u00e9sb\u00f3kina og t\u00f3k st\u00f6\u00f0una \u00e1 Kristj\u00e1ni Frey \u00e1 R\u00e1s2 og Halsa \u00far Fellsm\u00falanum. Var \u00fev\u00ed \u00far a\u00f0 Halsi (Kanslarinn) t\u00f3k a\u00f0 s\u00e9r akstur og vi\u00f0 b\u00e6ttust fleiri f\u00e9lagar \u00far Fellsm\u00falanum, \u00de\u00f3r\u00f0ur og br\u00f3\u00f0ir hans. \u00dev\u00ed mi\u00f0ur var ekki pl\u00e1ss fyrir pabbann \u00far I\u00f0na\u00f0arbankanum vi\u00f0 H\u00e1aleitisbraut, sem var alltaf me\u00f0 \u00e1 n\u00f3tunum, b\u00e6\u00f0i bankinn og pabbinn.<\/p><p>Fer\u00f0in gekk vel og var nokku\u00f0 straum\u00feungt \u00ed g\u00f6ngunum. Er \u00e1 Skagann var komi\u00f0 t\u00f3k vi\u00f0 rj\u00f3mabl\u00ed\u00f0a \u00fear sem tr\u00fabator skemmti vallargestum fyrir leik me\u00f0 helstu stand\u00f6rdum, var hann \u00ed svo g\u00f3\u00f0um g\u00edr a\u00f0 hann h\u00e6tti ekki fyrr en leikurinn var hafinn. Skagamenn voru greinilega ekki a\u00f0 stressa sig um of \u00e1 n\u00fdlegum sektum l\u00f6greglunnar \u00ed Gar\u00f0ab\u00e6 vegna litebj\u00f3rss\u00f6lu, heldur var bo\u00f0i\u00f0 upp \u00e1 3 l\u00e9ttbj\u00f3rstegundir, \u00e1\u00f0urnefndur Gull lite, Boli-X og Guinness \u00ed d\u00f3s \u2013 allt fyrir fyrirmyndar og r\u00famlega \u00fea\u00f0.<\/p><p>Skagamenn voru brattir fyrir leik enda komnir me\u00f0 n\u00fdjan \u00fej\u00e1lfara sem byrja\u00f0i vel me\u00f0 sigri \u00e1 Vestra. Reyndar vir\u00f0ast allir geta unni\u00f0 Vestra um \u00feessar mundir en vi\u00f0 skulum ekki fara a\u00f0 h\u00e6tta okkur \u00fat \u00e1 \u00fea\u00f0 svell, \u00fea\u00f0 er j\u00fa bikarleikur n\u00e6stu helgi\u2026<\/p><p>Nokku\u00f0 \u00farval Frammara var m\u00e6tt \u00ed s\u00f3lina, \u00deorbj\u00f6rn Atli \u00e1samt betri helming, Binni br\u00f3\u00f0ir Benna Hjartar, Stef\u00e1n Freyr, foreldrar Halla og svo m\u00e6tti lengi telja. \u00deau sem m\u00e6ttu me\u00f0 s\u00f3lgleraugu og s\u00f3larv\u00f6rn f\u00f3ru \u00ed brekkuna \u00e1 m\u00f3ti s\u00f3l, \u00feau sem klikku\u00f0u \u00e1 \u00f6\u00f0ru hvoru e\u00f0a hvorutveggja f\u00f3ru \u00ed st\u00fakuna undir s\u00fa\u00f0. Game on.<\/p><p>Undirrita\u00f0ur skrifa\u00f0i um fyrri leik li\u00f0anna, \u00fear sem Stef\u00e1n var enn einusinni erlendis, \u00ed \u00fea\u00f0 skipti\u00f0 \u00fe\u00f3ttist hann vera a\u00f0 fl\u00fdja yfirvofandi fimmtugsafm\u00e6li, en n\u00fana er hann bara a\u00f0 tana og fylgjast me\u00f0 yngri syninum \u00ed knattleik \u00ed uppsveitum Lissabon. Hann t\u00f3k \u00fev\u00ed leikinn \u00e1 strandbar \u2013 sem er eins rangt og hugsast getur, en vi\u00f0 t\u00f6kum viljann fyrir verki\u00f0.<\/p><p>Byrjunarli\u00f0i\u00f0 var sterkt og kom nokku\u00f0 \u00e1 \u00f3vart. Halli kom inn eftir bann \u00ed s\u00ed\u00f0asta leik en Kyle var settur \u00e1 tr\u00e9verki\u00f0 (l\u00edklega \u00far plasti samt) eftir bann fyrir a\u00f0 taka \u00e1 lurginn \u00e1 trylltum Blika og for\u00f0a honum fr\u00e1 sj\u00e1lfska\u00f0a. Viktor \u00ed markinu a\u00f0 venju, Sigurj\u00f3n fyrir mi\u00f0ju varnar me\u00f0 \u00deorra og Halla \u00f6\u00f0ru megin og Kennie og M\u00e1 hinumegin. Mi\u00f0jan var stutt \u00ed loftinu en \u00f6flug, Freyr, Fred og Simon og svo Vuk og R\u00f3bert frammi. \u00der\u00edr \u00ed \u00feessu li\u00f0i \u00e1ttu \u00fea\u00f0 \u00e1 h\u00e6ttu a\u00f0 vera v\u00e9la\u00f0ir \u00ed keppnina rau\u00f0h\u00e6r\u00f0asti \u00cdslendingurinn sem haldinn var \u00ed tengslum vi\u00f0 \u00cdrska daga \u00e1 Akranesi \u00feessa helgi \u2013 en \u00feeir sluppu.<\/p><p>Leikurinn byrja\u00f0i vel fyrir Fram \u2013 Freyr f\u00e9kk f\u00ednt f\u00e6ri \u00e1\u00f0ur en Vuk skora\u00f0i \u00far horni eftir skalla fr\u00e1 Kennie. \u00c9g man hreinlega ekki hven\u00e6r vi\u00f0 skor\u00f0um s\u00ed\u00f0ast \u00far horni \u2013 hugsanlega \u00e1 m\u00f3ti Val \u00ed fyrra. Markapelinn \u00e1 loft og allt \u00ed standi. N\u00e6sta korteri\u00f0 var \u00e1fram einstefna \u00fear sem Skagamarkma\u00f0urinn var\u00f0i e\u00f0a menn voru ekki a\u00f0 hitta \u00e1 rammann. Freyr og M\u00e1si fengu b\u00e1\u00f0ir g\u00f3\u00f0 f\u00e6ri en Skagamarkma\u00f0urinn var\u00f0i nokku\u00f0 vel \u00ed b\u00e1\u00f0um tilfellum. Einn bezti h\u00e1lfleikur sem vi\u00f0 h\u00f6fum \u00e1tt \u00ed sumar og \u00fea\u00f0 \u00e1 lo\u00f0nu grasi.<\/p><p>\u00cd hl\u00e9i var f\u00e1tt eitt a\u00f0 gera en bera h\u00f6fu\u00f0i\u00f0 h\u00e1tt, gera gys a\u00f0 heimam\u00f6nnum undir r\u00f3s \u00e1n \u00feess a\u00f0 vera laminn og fara \u00e1 lite-barinn. Var \u00fea\u00f0 \u00far a\u00f0 fara \u00ed Guinness \u00ed bauk \u2013 me\u00f0 \u00fea\u00f0 plan a\u00f0 n\u00e1 bauknum \u00ed st\u00fakuna og g\u00e6\u00f0a s\u00e9r \u00e1 honum \u00fear \u00ed seinni h\u00e1lfleik. \u00deetta plan gekk fullkomlega upp, allt \u00fear til a\u00f0 Kristj\u00e1ni Frey misl\u00edka\u00f0i st\u00f6rf d\u00f3marans og helti ni\u00f0ur s\u00ednum bauk. Reyndar voru allir brj\u00e1la\u00f0ir \u00fear sem Vuk var fyrir opnu marki en hangi\u00f0 var \u00ed honum \u00feannig a\u00f0 hann n\u00e1\u00f0i ekki til knattarins. D\u00f3marinn vissi upp\u00e1 sig s\u00f6kina og skipti s\u00e9r sj\u00e1fum \u00fat af eftir \u00feetta atvik og skuldar hann Kristj\u00e1ni Frey einn Guinness.<\/p><p>Eftir \u00feetta n\u00e1\u00f0u Skagamenn a\u00f0eins a\u00f0 b\u00edta fr\u00e1 s\u00e9r og \u00feurfti Viktor a\u00f0 verja, eitt skipti\u00f0 me\u00f0 f\u00f3tunum eftir a\u00f0 vera lag\u00f0ur af sta\u00f0 \u00ed hitt horni\u00f0. Svo settu \u00feeir hann \u00ed sl\u00e1nna og svo h\u00e1tt yfir \u00fat \u00e1kj\u00f3sanlegu f\u00e6ri. \u00deegar \u00fearna var komi\u00f0 vi\u00f0 s\u00f6gu var hent \u00ed \u00ferefalda skiptingu \u00fear sem Israel, Mingi og Kyle komu inn\u00e1 fyrir Halla, R\u00f3bert og M\u00e1. \u00deessi skipting sv\u00ednvirka\u00f0i og gerist ekkert \u00ed leiknum eftir \u00feetta \u2013 \u00fer\u00e1tt fyrir a\u00f0 varad\u00f3marinn hafi b\u00e6tt vi\u00f0 9 m\u00edn\u00fatum sem flestar voru tilkomnar vegna skiptingar d\u00f3mara.<\/p><p>Ni\u00f0ursta\u00f0an var geggja\u00f0ur sigur \u2013 siggisagga tekinn vi\u00f0 b\u00e1\u00f0ar st\u00fakur. Allir s\u00e1ttir \u00fear til \u00ed lj\u00f3s kom a\u00f0 sj\u00e1lfs\u00f6g\u00f0u lokar safab\u00fa\u00f0in kl 16 \u00e1 Skaganum \u00e1 \u00cdrskum d\u00f6gum. \u00dear var \u00fev\u00ed brennt \u00ed b\u00e6inn og teki\u00f0 ney\u00f0arstopp \u00ed Mos\u00f3 \u00fear sem allt er opi\u00f0 til kl. 18 \u2013 hvernig er h\u00e6gt a\u00f0 mismuna sveitaf\u00e9l\u00f6gum svona?<\/p><p>Allir g\u00f3\u00f0ir \u00ed dag \u2013 v\u00f6rnin \u00fe\u00e9tt, mi\u00f0jan hreyfanleg og s\u00f3knin nokku\u00f0 beitt. Best a\u00f0 fara a\u00f0 leggja inn heimavi\u00f0 fyrir n\u00e6stu helgi, \u00fev\u00ed Vestur vil \u00e9g&#8230;<\/p><p>Skjaldsveinninn V. Nor\u00f0ri<\/p><\/div>\n\t\t\t\t<\/div>\n\t\t\t\t\t<\/div>\n\t\t<\/div>\n\t\t\t\t\t<\/div>\n\t\t<\/section>\t\t<\/div>","protected":false},"excerpt":{"rendered":"<p>Undirrita\u00f0ur var fyrir fram me\u00f0 b\u00f6ggum hildar \u00fear sem hef\u00f0bundnu me\u00f0rei\u00f0arsveinarnir voru ekki \u00e1 sta\u00f0num fyrir leik. Sef\u00e1n P\u00e1lsson haf\u00f0i b\u00f3ka\u00f0 fer\u00f0 til Lissabon eins og kj\u00e1ni til \u00feess eins [&hellip;]<\/p>","protected":false},"author":5,"featured_media":44739,"comment_status":"closed","ping_status":"closed","sticky":false,"template":"","format":"standard","meta":{"_monsterinsights_skip_tracking":false,"_monsterinsights_sitenote_active":false,"_monsterinsights_sitenote_note":"","_monsterinsights_sitenote_category":0,"_jetpack_memberships_contains_paid_content":false,"footnotes":""},"categories":[9,11],"tags":[],"class_list":["post-44738","post","type-post","status-publish","format-standard","has-post-thumbnail","hentry","category-fotbolti","category-mflkarla"],"jetpack_sharing_enabled":true,"jetpack_featured_media_url":"https:\/\/fram.is\/wp-content\/uploads\/2025\/07\/Vuc-gegn-KA-.jpg","_links":{"self":[{"href":"https:\/\/fram.is\/is\/wp-json\/wp\/v2\/posts\/44738","targetHints":{"allow":["GET"]}}],"collection":[{"href":"https:\/\/fram.is\/is\/wp-json\/wp\/v2\/posts"}],"about":[{"href":"https:\/\/fram.is\/is\/wp-json\/wp\/v2\/types\/post"}],"author":[{"embeddable":true,"href":"https:\/\/fram.is\/is\/wp-json\/wp\/v2\/users\/5"}],"replies":[{"embeddable":true,"href":"https:\/\/fram.is\/is\/wp-json\/wp\/v2\/comments?post=44738"}],"version-history":[{"count":4,"href":"https:\/\/fram.is\/is\/wp-json\/wp\/v2\/posts\/44738\/revisions"}],"predecessor-version":[{"id":44743,"href":"https:\/\/fram.is\/is\/wp-json\/wp\/v2\/posts\/44738\/revisions\/44743"}],"wp:featuredmedia":[{"embeddable":true,"href":"https:\/\/fram.is\/is\/wp-json\/wp\/v2\/media\/44739"}],"wp:attachment":[{"href":"https:\/\/fram.is\/is\/wp-json\/wp\/v2\/media?parent=44738"}],"wp:term":[{"taxonomy":"category","embeddable":true,"href":"https:\/\/fram.is\/is\/wp-json\/wp\/v2\/categories?post=44738"},{"taxonomy":"post_tag","embeddable":true,"href":"https:\/\/fram.is\/is\/wp-json\/wp\/v2\/tags?post=44738"}],"curies":[{"name":"wp","href":"https:\/\/api.w.org\/{rel}","templated":true}]}}