{"id":4511,"date":"2013-10-02T13:37:16","date_gmt":"2013-10-02T13:37:16","guid":{"rendered":"http:\/\/fram.is\/?p=4511"},"modified":"2013-10-02T13:37:16","modified_gmt":"2013-10-02T13:37:16","slug":"fram-olympia-hc-london-ehf-cup-kvenna-framhusi-um-helgina","status":"publish","type":"post","link":"https:\/\/fram.is\/is\/2013\/10\/02\/fram-olympia-hc-london-ehf-cup-kvenna-framhusi-um-helgina\/","title":{"rendered":"FRAM &#8211; Olympia HC-London,  EHF-CUP kvenna \u00ed FRAMh\u00fasi um helgina."},"content":{"rendered":"<p>Meistaraflokkur kvenna FRAM \u00ed handbolta leikur b\u00e1\u00f0a leiki s\u00edna gegn Olympia HC-London \u00a0\u00ed \u00a0\u00a0\u00a02. umfer\u00f0 EHF Cup \u00ed FRAMh\u00fasi um helgina.<\/p>\n<p>Fyrri leikurinn fer fram \u00e1 laugard. 5. okt. kl. 16:00 \u00ed FRAMh\u00fasi eins og \u00e1\u00f0ur sag\u00f0i, en \u00a0leikurinn er heimaleikur\u00a0 Olympia HC.<\/p>\n<p>Seinni leikurinn er svo \u00e1 sunnud. kl. 16:00 \u00ed FRAMh\u00fasi og er \u00fea\u00f0 heimaleikur FRAM.<\/p>\n<p>Handknattleiksdeild FRAM er mj\u00f6g \u00e1n\u00e6g\u00f0 me\u00f0 a\u00f0 geta bo\u00f0i\u00f0 \u00e1hugam\u00f6nnum um handknattleik upp \u00e1 a\u00f0 sj\u00e1 eitt af bestu li\u00f0um Englands etja kappi vi\u00f0 FRAM. Li\u00f0 Olympia er skipa\u00f0 leikm\u00f6nnum v\u00ed\u00f0svegar \u00far heiminum og ver\u00f0ur spennandi a\u00f0 sj\u00e1 stelpurnar okkar etja kappi vi\u00f0 li\u00f0 Olympia um helgina.<\/p>\n<p>Mi\u00f0aver\u00f0 \u00e1 leikina er kr. 1000.- \u00e1 leik, \u00a0en kr. 1500.- ef keyptir eru saman mi\u00f0ar \u00e1 b\u00e1\u00f0a leikina.<\/p>\n<p>\u00deeir sem eru handhafar HS\u00cd korta A og B\u00a0 ver\u00f0a a\u00f0 s\u00e6kja mi\u00f0a \u00ed FRAMh\u00fas \u00e1 f\u00f6stud. 4. okt fr\u00e1 kl. 09:00-13:00.<\/p>\n<p>L\u00e1ttu sj\u00e1 \u00feig og sty\u00f0jum stelpurnar okkar til sigurs.<\/p>\n<p>Handknattleiksdeild FRAM<\/p>\n<p>&nbsp;<\/p>","protected":false},"excerpt":{"rendered":"<p>Meistaraflokkur kvenna FRAM \u00ed handbolta leikur b\u00e1\u00f0a leiki s\u00edna gegn Olympia HC-London \u00a0\u00ed \u00a0\u00a0\u00a02. umfer\u00f0 EHF Cup \u00ed FRAMh\u00fasi um helgina. Fyrri leikurinn fer fram \u00e1 laugard. 5. okt. kl. [&hellip;]<\/p>","protected":false},"author":4,"featured_media":4322,"comment_status":"open","ping_status":"open","sticky":false,"template":"","format":"standard","meta":{"_monsterinsights_skip_tracking":false,"_monsterinsights_sitenote_active":false,"_monsterinsights_sitenote_note":"","_monsterinsights_sitenote_category":0,"_jetpack_memberships_contains_paid_content":false,"footnotes":""},"categories":[6,10,15],"tags":[],"class_list":["post-4511","post","type-post","status-publish","format-standard","has-post-thumbnail","hentry","category-handbolti","category-frettir","category-mfl-kvenna"],"jetpack_sharing_enabled":true,"jetpack_featured_media_url":"https:\/\/fram.is\/wp-content\/uploads\/2013\/09\/Reymeistarar2013-fors.jpg","_links":{"self":[{"href":"https:\/\/fram.is\/is\/wp-json\/wp\/v2\/posts\/4511","targetHints":{"allow":["GET"]}}],"collection":[{"href":"https:\/\/fram.is\/is\/wp-json\/wp\/v2\/posts"}],"about":[{"href":"https:\/\/fram.is\/is\/wp-json\/wp\/v2\/types\/post"}],"author":[{"embeddable":true,"href":"https:\/\/fram.is\/is\/wp-json\/wp\/v2\/users\/4"}],"replies":[{"embeddable":true,"href":"https:\/\/fram.is\/is\/wp-json\/wp\/v2\/comments?post=4511"}],"version-history":[{"count":0,"href":"https:\/\/fram.is\/is\/wp-json\/wp\/v2\/posts\/4511\/revisions"}],"wp:featuredmedia":[{"embeddable":true,"href":"https:\/\/fram.is\/is\/wp-json\/wp\/v2\/media\/4322"}],"wp:attachment":[{"href":"https:\/\/fram.is\/is\/wp-json\/wp\/v2\/media?parent=4511"}],"wp:term":[{"taxonomy":"category","embeddable":true,"href":"https:\/\/fram.is\/is\/wp-json\/wp\/v2\/categories?post=4511"},{"taxonomy":"post_tag","embeddable":true,"href":"https:\/\/fram.is\/is\/wp-json\/wp\/v2\/tags?post=4511"}],"curies":[{"name":"wp","href":"https:\/\/api.w.org\/{rel}","templated":true}]}}