{"id":4554,"date":"2013-10-08T12:37:45","date_gmt":"2013-10-08T12:37:45","guid":{"rendered":"http:\/\/fram.is\/?p=4554"},"modified":"2013-10-08T12:37:45","modified_gmt":"2013-10-08T12:37:45","slug":"uppskeruhatid-unglingarads-knattspyrnudeildar-fram-gaer","status":"publish","type":"post","link":"https:\/\/fram.is\/is\/2013\/10\/08\/uppskeruhatid-unglingarads-knattspyrnudeildar-fram-gaer\/","title":{"rendered":"Uppskeruh\u00e1ti\u00f0 Unglingar\u00e1\u00f0s Knattspyrnudeildar FRAM \u00ed g\u00e6r"},"content":{"rendered":"<p>Uppskeruh\u00e1ti\u00f0 unglingar\u00e1\u00f0s Knattspyrnudeildar FRAM f\u00f3r fram \u00ed g\u00e6r.\u00a0 Miki\u00f0 fj\u00f6lmenni var \u00e1 h\u00e1ti\u00f0inni en \u00e1 milli 300-400 b\u00f6rn og foreldrar m\u00e6ttu \u00ed \u00cd\u00fer\u00f3ttah\u00fas FRAM.<\/p>\n<p>Dagskr\u00e1in var me\u00f0 hef\u00f0bundnu sni\u00f0i , \u00a0leikmenn yngri flokka voru \u00a0hei\u00f0ra\u00f0ir, allir leikmenn yngstu flokka 8, 7 og 6 fl. fengu \u00a0vi\u00f0urkenningu, Eir\u00edksbikarinn var afhentur fyrir fyrirmyndar \u00a0frammist\u00f6\u00f0u innan vallar sem utan og a\u00f0 \u00a0lokum var bo\u00f0i\u00f0 upp \u00e1 veitingar vi\u00f0 allra h\u00e6fi, pizzu, gos, kaffi \u00a0og FRAMk\u00f6ku.<\/p>\n<p>\u00deeir sem fengu vi\u00f0 kenningar a\u00f0 \u00feessu sinni eru:<\/p>\n<p><a href=\"http:\/\/fram.is\/wp-content\/uploads\/2013\/10\/Eir\u00edksbikar-Arn\u00f3r-einn-vefur.jpg\"><img fetchpriority=\"high\" decoding=\"async\" class=\"alignleft size-medium wp-image-4555\" alt=\"Eir\u00edksbikar Arn\u00f3r einn vefur\" src=\"http:\/\/fram.is\/wp-content\/uploads\/2013\/10\/Eir\u00edksbikar-Arn\u00f3r-einn-vefur-300x200.jpg\" width=\"300\" height=\"200\" \/><\/a><\/p>\n<p>&nbsp;<\/p>\n<p>&nbsp;<\/p>\n<p style=\"text-align: left;\">Arn\u00f3r A\u00f0alsteinsson hlaut Eir\u00edksbikarinn er fyrir g\u00f3\u00f0a \u00e1stundun og fyrirmynd innan vallar sem utan.<\/p>\n<p style=\"text-align: left;\"><a href=\"http:\/\/fram.is\/wp-content\/uploads\/2013\/10\/3-fl-ka-kv-vefur.jpg\"><img decoding=\"async\" class=\"alignleft size-medium wp-image-4556\" alt=\"3  fl ka  kv vefur\" src=\"http:\/\/fram.is\/wp-content\/uploads\/2013\/10\/3-fl-ka-kv-vefur-300x200.jpg\" width=\"300\" height=\"200\" srcset=\"https:\/\/fram.is\/wp-content\/uploads\/2013\/10\/3-fl-ka-kv-vefur-300x200.jpg 300w, https:\/\/fram.is\/wp-content\/uploads\/2013\/10\/3-fl-ka-kv-vefur.jpg 640w\" sizes=\"(max-width: 300px) 100vw, 300px\" \/><\/a><\/p>\n<p style=\"text-align: left;\">\u00cd 3. fl. fengu vi\u00f0kenningar Arn\u00f3r A\u00f0alsteinsson, Vilborg Vilhj\u00e1lmsd\u00f3ttir, Perla Njar\u00f0ard\u00f3ttir og Andri S\u00f3lbergsson.<\/p>\n<p style=\"text-align: left;\"><a href=\"http:\/\/fram.is\/wp-content\/uploads\/2013\/10\/4-fl-ka-kv-vefur.jpg\"><img decoding=\"async\" class=\"alignleft size-medium wp-image-4557\" alt=\"4  fl  ka kv vefur\" src=\"http:\/\/fram.is\/wp-content\/uploads\/2013\/10\/4-fl-ka-kv-vefur-300x200.jpg\" width=\"300\" height=\"200\" \/><\/a><\/p>\n<p style=\"text-align: left;\">\u00cd 4. fl. fengu vi\u00f0 kennigar Helgi Gu\u00f0j\u00f3nsson, Esther A\u00f0alsteinsd\u00f3ttir, Rut Bjarnad\u00f3ttir og Magn\u00fas Sn\u00e6r Dagbjartsson. \u00c1 myndina vantar Rut.<\/p>\n<p style=\"text-align: left;\"><a href=\"http:\/\/fram.is\/wp-content\/uploads\/2013\/10\/5-fl-ka-kv-vefur.jpg\"><img loading=\"lazy\" decoding=\"async\" class=\"alignleft size-medium wp-image-4558\" alt=\"5  fl  ka  kv vefur\" src=\"http:\/\/fram.is\/wp-content\/uploads\/2013\/10\/5-fl-ka-kv-vefur-300x200.jpg\" width=\"300\" height=\"200\" \/><\/a><\/p>\n<p style=\"text-align: left;\">\u00cd 5. fl. fengu vi\u00f0ukenningar Helgi Sn\u00e6r \u00c1sgr\u00edmsson, Mikael Egill Ellertsson, Au\u00f0ur Erla Gunnarsd\u00f3ttir og \u00c1sd\u00eds Arna Sigur\u00f0ard\u00f3ttir.<\/p>\n<p style=\"text-align: left;\"><a href=\"http:\/\/fram.is\/wp-content\/uploads\/2013\/10\/8-fl-vefur.jpg\"><img loading=\"lazy\" decoding=\"async\" class=\"alignleft size-medium wp-image-4559\" alt=\"8  fl vefur\" src=\"http:\/\/fram.is\/wp-content\/uploads\/2013\/10\/8-fl-vefur-300x200.jpg\" width=\"300\" height=\"200\" srcset=\"https:\/\/fram.is\/wp-content\/uploads\/2013\/10\/8-fl-vefur-300x200.jpg 300w, https:\/\/fram.is\/wp-content\/uploads\/2013\/10\/8-fl-vefur.jpg 640w\" sizes=\"(max-width: 300px) 100vw, 300px\" \/><\/a><a href=\"http:\/\/fram.is\/wp-content\/uploads\/2013\/10\/7-fl-vefur.jpg\"><img loading=\"lazy\" decoding=\"async\" class=\"alignleft size-medium wp-image-4560\" alt=\"7  fl vefur\" src=\"http:\/\/fram.is\/wp-content\/uploads\/2013\/10\/7-fl-vefur-300x200.jpg\" width=\"300\" height=\"200\" \/><\/a><a href=\"http:\/\/fram.is\/wp-content\/uploads\/2013\/10\/6-fl-vefur.jpg\"><img loading=\"lazy\" decoding=\"async\" class=\"alignleft size-medium wp-image-4561\" alt=\"6  fl vefur\" src=\"http:\/\/fram.is\/wp-content\/uploads\/2013\/10\/6-fl-vefur-300x200.jpg\" width=\"300\" height=\"200\" \/><\/a><\/p>\n<p style=\"text-align: left;\">Eins og \u00e1\u00f0ur sag\u00f0i fengu svo allir i\u00f0kendur \u00ed 6 &#8211; 7 og 8. fl. ka. og kv vi\u00f0kenningu fyrir fr\u00e1b\u00e6ra frammist\u00f6\u00f0u \u00e1ri\u00f0 2013. \u00d3tr\u00failega flottir krakkar sem vi\u00f0 eigum.<\/p>\n<p style=\"text-align: left;\">Til hamingju FRAMarar !<\/p>","protected":false},"excerpt":{"rendered":"<p>Uppskeruh\u00e1ti\u00f0 unglingar\u00e1\u00f0s Knattspyrnudeildar FRAM f\u00f3r fram \u00ed g\u00e6r.\u00a0 Miki\u00f0 fj\u00f6lmenni var \u00e1 h\u00e1ti\u00f0inni en \u00e1 milli 300-400 b\u00f6rn og foreldrar m\u00e6ttu \u00ed \u00cd\u00fer\u00f3ttah\u00fas FRAM. Dagskr\u00e1in var me\u00f0 hef\u00f0bundnu sni\u00f0i , [&hellip;]<\/p>","protected":false},"author":4,"featured_media":4563,"comment_status":"open","ping_status":"open","sticky":false,"template":"","format":"standard","meta":{"_monsterinsights_skip_tracking":false,"_monsterinsights_sitenote_active":false,"_monsterinsights_sitenote_note":"","_monsterinsights_sitenote_category":0,"_jetpack_memberships_contains_paid_content":false,"footnotes":""},"categories":[10,13,9],"tags":[],"class_list":["post-4554","post","type-post","status-publish","format-standard","has-post-thumbnail","hentry","category-frettir","category-yngriflokkar","category-fotbolti"],"jetpack_sharing_enabled":true,"jetpack_featured_media_url":"https:\/\/fram.is\/wp-content\/uploads\/2013\/10\/8-scaled.jpg","_links":{"self":[{"href":"https:\/\/fram.is\/is\/wp-json\/wp\/v2\/posts\/4554","targetHints":{"allow":["GET"]}}],"collection":[{"href":"https:\/\/fram.is\/is\/wp-json\/wp\/v2\/posts"}],"about":[{"href":"https:\/\/fram.is\/is\/wp-json\/wp\/v2\/types\/post"}],"author":[{"embeddable":true,"href":"https:\/\/fram.is\/is\/wp-json\/wp\/v2\/users\/4"}],"replies":[{"embeddable":true,"href":"https:\/\/fram.is\/is\/wp-json\/wp\/v2\/comments?post=4554"}],"version-history":[{"count":0,"href":"https:\/\/fram.is\/is\/wp-json\/wp\/v2\/posts\/4554\/revisions"}],"wp:featuredmedia":[{"embeddable":true,"href":"https:\/\/fram.is\/is\/wp-json\/wp\/v2\/media\/4563"}],"wp:attachment":[{"href":"https:\/\/fram.is\/is\/wp-json\/wp\/v2\/media?parent=4554"}],"wp:term":[{"taxonomy":"category","embeddable":true,"href":"https:\/\/fram.is\/is\/wp-json\/wp\/v2\/categories?post=4554"},{"taxonomy":"post_tag","embeddable":true,"href":"https:\/\/fram.is\/is\/wp-json\/wp\/v2\/tags?post=4554"}],"curies":[{"name":"wp","href":"https:\/\/api.w.org\/{rel}","templated":true}]}}