{"id":4574,"date":"2013-10-09T14:41:06","date_gmt":"2013-10-09T14:41:06","guid":{"rendered":"http:\/\/fram.is\/?p=4574"},"modified":"2013-10-09T14:41:06","modified_gmt":"2013-10-09T14:41:06","slug":"bjarni-gudjonsson-nyr-thjalfari-fram","status":"publish","type":"post","link":"https:\/\/fram.is\/is\/2013\/10\/09\/bjarni-gudjonsson-nyr-thjalfari-fram\/","title":{"rendered":"Bjarni Gu\u00f0j\u00f3nsson n\u00fdr  \u00fej\u00e1lfari FRAM"},"content":{"rendered":"<p><a href=\"http:\/\/fram.is\/wp-content\/uploads\/2013\/10\/IMG_0806.jpg\"><img fetchpriority=\"high\" decoding=\"async\" class=\"alignleft size-medium wp-image-4576\" alt=\"IMG_0806\" src=\"http:\/\/fram.is\/wp-content\/uploads\/2013\/10\/IMG_0806-300x200.jpg\" width=\"300\" height=\"200\" \/><\/a><\/p>\n<p>Bjarni Gu\u00f0j\u00f3nsson skrifa\u00f0i \u00ed dag undir samning sem \u00fej\u00e1lfari bikarmeistararli\u00f0s FRAM \u00ed Pepsi-deildinni \u00ed knattspyrnu. \u00deetta er fyrsta starf Bjarna sem \u00fej\u00e1lfari en hann var fyrirli\u00f0i \u00cdslandsmeistarali\u00f0s KR \u00e1 n\u00fdli\u00f0nu keppnist\u00edmabili.<\/p>\n<p>Samningur Bjarna og FRAM er til \u00feriggja \u00e1ra og var skrifa\u00f0 undir hann \u00ed f\u00e9lagsheimili FRAM \u00ed dag.<\/p>\n<p>\u00de\u00f3 Bjarni s\u00e9 a\u00f0 st\u00edga s\u00edn fyrstu skerf sem \u00fej\u00e1lfari \u00fe\u00e1 hefur hann gr\u00ed\u00f0arlega reynslu sem leikma\u00f0ur. Hann hefur leiki\u00f0 me\u00f0 \u00f6llum yngri landsli\u00f0um \u00cdslands auk 23 A-landsleikja, \u00feann fyrsta gegn Sl\u00f3vak\u00edu \u00e1ri\u00f0 1997.<\/p>\n<p>Bjarni sl\u00f3 \u00ed gegn me\u00f0 \u00cdA a\u00f0eins 17 \u00e1ra gamall \u00e1\u00f0ur en hann h\u00e9lt til Newcastle \u00ed Bretlandi. \u00a0\u00dea\u00f0an f\u00f3r Bjarni til Genk \u00fear sem hann var\u00f0 belg\u00edskur meistari, \u00fev\u00ed n\u00e6st l\u00e1 lei\u00f0in til Stoke City, Bochum, Coventry City og loks Plymouth \u00e1\u00f0ur en hann kom heim aftur og gekk til li\u00f0s vi\u00f0 \u00cdA. \u00a0Fr\u00e1 2008 hefur Bjarni veri\u00f0 hj\u00e1 KR lengst af sem fyrirli\u00f0i. Bjarni mun \u00ed vetur kl\u00e1ra UEFA A \u00fej\u00e1lfaragr\u00e1\u00f0u og hefur \u00fear me\u00f0 full r\u00e9ttindi til a\u00f0 st\u00fdra li\u00f0i \u00ed \u00farvalsdeildinni \u00ed knattspyrnu.<\/p>\n<p>FRAM fagnar komu Bjarna \u00ed Safam\u00fdrina og bindur miklar vonir vi\u00f0 starf hans \u00e1 komandi \u00e1rum. \u00a0FRAM var\u00f0 bikarmeistari \u00e1 li\u00f0nu sumri og leikur \u00fev\u00ed \u00ed Evr\u00f3pudeildinni \u00e1 n\u00e6sta \u00e1ri. \u00a0Mikill hugur er \u00ed n\u00fdrri stj\u00f3rn knattspyrnudeildar a\u00f0 \u00a0n\u00fdta \u00fea\u00f0 t\u00e6kif\u00e6ri til fulls og styrkja li\u00f0i\u00f0 til enn frekari sigra \u00e1 komandi \u00e1rum, \u00ed g\u00f3\u00f0u samstarfi vi\u00f0 n\u00fdjan \u00fej\u00e1lfara.<\/p>\n<p>Knattspyrnudeild FRAM<\/p>\n<p>&nbsp;<\/p>","protected":false},"excerpt":{"rendered":"<p>Bjarni Gu\u00f0j\u00f3nsson skrifa\u00f0i \u00ed dag undir samning sem \u00fej\u00e1lfari bikarmeistararli\u00f0s FRAM \u00ed Pepsi-deildinni \u00ed knattspyrnu. \u00deetta er fyrsta starf Bjarna sem \u00fej\u00e1lfari en hann var fyrirli\u00f0i \u00cdslandsmeistarali\u00f0s KR \u00e1 n\u00fdli\u00f0nu [&hellip;]<\/p>","protected":false},"author":4,"featured_media":4575,"comment_status":"open","ping_status":"open","sticky":false,"template":"","format":"standard","meta":{"_monsterinsights_skip_tracking":false,"_monsterinsights_sitenote_active":false,"_monsterinsights_sitenote_note":"","_monsterinsights_sitenote_category":0,"_jetpack_memberships_contains_paid_content":false,"footnotes":""},"categories":[11,10,9],"tags":[],"class_list":["post-4574","post","type-post","status-publish","format-standard","has-post-thumbnail","hentry","category-mflkarla","category-frettir","category-fotbolti"],"jetpack_sharing_enabled":true,"jetpack_featured_media_url":"https:\/\/fram.is\/wp-content\/uploads\/2013\/10\/Bjarni-og-Lelli-scaled.jpg","_links":{"self":[{"href":"https:\/\/fram.is\/is\/wp-json\/wp\/v2\/posts\/4574","targetHints":{"allow":["GET"]}}],"collection":[{"href":"https:\/\/fram.is\/is\/wp-json\/wp\/v2\/posts"}],"about":[{"href":"https:\/\/fram.is\/is\/wp-json\/wp\/v2\/types\/post"}],"author":[{"embeddable":true,"href":"https:\/\/fram.is\/is\/wp-json\/wp\/v2\/users\/4"}],"replies":[{"embeddable":true,"href":"https:\/\/fram.is\/is\/wp-json\/wp\/v2\/comments?post=4574"}],"version-history":[{"count":0,"href":"https:\/\/fram.is\/is\/wp-json\/wp\/v2\/posts\/4574\/revisions"}],"wp:featuredmedia":[{"embeddable":true,"href":"https:\/\/fram.is\/is\/wp-json\/wp\/v2\/media\/4575"}],"wp:attachment":[{"href":"https:\/\/fram.is\/is\/wp-json\/wp\/v2\/media?parent=4574"}],"wp:term":[{"taxonomy":"category","embeddable":true,"href":"https:\/\/fram.is\/is\/wp-json\/wp\/v2\/categories?post=4574"},{"taxonomy":"post_tag","embeddable":true,"href":"https:\/\/fram.is\/is\/wp-json\/wp\/v2\/tags?post=4574"}],"curies":[{"name":"wp","href":"https:\/\/api.w.org\/{rel}","templated":true}]}}