{"id":4616,"date":"2013-10-01T10:36:30","date_gmt":"2013-10-01T10:36:30","guid":{"rendered":"http:\/\/fram.is\/?p=4616"},"modified":"2013-10-01T10:36:30","modified_gmt":"2013-10-01T10:36:30","slug":"fram-fylkir-laugardag-kl-1700-olisdeild-kvenna","status":"publish","type":"post","link":"https:\/\/fram.is\/is\/2013\/10\/01\/fram-fylkir-laugardag-kl-1700-olisdeild-kvenna\/","title":{"rendered":"FRAM &#8211; Fylkir \u00e1 laugardag kl. 17:00 \u00ed Ol\u00edsdeild kvenna"},"content":{"rendered":"<p>Meistaraflokkur kvenna tekur \u00e1m\u00f3ti Fylki \u00e1 morgun laugard \u00ed Ol\u00eds-deildinn.<\/p>\n<p><a href=\"http:\/\/fram.is\/wp-content\/uploads\/2013\/10\/Fram-Fylkir-Olis-2-260913.jpg\"><img decoding=\"async\" class=\"alignleft size-medium wp-image-4617\" alt=\"Fram-Fylkir - Olis 2 - 260913\" src=\"http:\/\/fram.is\/wp-content\/uploads\/2013\/10\/Fram-Fylkir-Olis-2-260913-300x150.jpg\" width=\"300\" height=\"150\" \/><\/a><\/p>\n<p>&nbsp;<\/p>\n<p>&nbsp;<\/p>\n<p>&nbsp;<\/p>\n<p>&nbsp;<\/p>\n<p>&nbsp;<\/p>\n<p>\u00d6rugglega spennandi leikur og \u00fea\u00f0 ver\u00f0ur allt lagt undir l\u00e1ttu sj\u00e1 \u00edg.<\/p>","protected":false},"excerpt":{"rendered":"<p>Meistaraflokkur kvenna tekur \u00e1m\u00f3ti Fylki \u00e1 morgun laugard \u00ed Ol\u00eds-deildinn. &nbsp; &nbsp; &nbsp; &nbsp; &nbsp; \u00d6rugglega spennandi leikur og \u00fea\u00f0 ver\u00f0ur allt lagt undir l\u00e1ttu sj\u00e1 \u00edg.<\/p>","protected":false},"author":4,"featured_media":4459,"comment_status":"open","ping_status":"open","sticky":false,"template":"","format":"standard","meta":{"_monsterinsights_skip_tracking":false,"_monsterinsights_sitenote_active":false,"_monsterinsights_sitenote_note":"","_monsterinsights_sitenote_category":0,"_jetpack_memberships_contains_paid_content":false,"footnotes":""},"categories":[6,10,15],"tags":[],"class_list":["post-4616","post","type-post","status-publish","format-standard","has-post-thumbnail","hentry","category-handbolti","category-frettir","category-mfl-kvenna"],"jetpack_sharing_enabled":true,"jetpack_featured_media_url":"https:\/\/fram.is\/wp-content\/uploads\/2013\/09\/SJ003-fors.jpg","_links":{"self":[{"href":"https:\/\/fram.is\/is\/wp-json\/wp\/v2\/posts\/4616","targetHints":{"allow":["GET"]}}],"collection":[{"href":"https:\/\/fram.is\/is\/wp-json\/wp\/v2\/posts"}],"about":[{"href":"https:\/\/fram.is\/is\/wp-json\/wp\/v2\/types\/post"}],"author":[{"embeddable":true,"href":"https:\/\/fram.is\/is\/wp-json\/wp\/v2\/users\/4"}],"replies":[{"embeddable":true,"href":"https:\/\/fram.is\/is\/wp-json\/wp\/v2\/comments?post=4616"}],"version-history":[{"count":0,"href":"https:\/\/fram.is\/is\/wp-json\/wp\/v2\/posts\/4616\/revisions"}],"wp:featuredmedia":[{"embeddable":true,"href":"https:\/\/fram.is\/is\/wp-json\/wp\/v2\/media\/4459"}],"wp:attachment":[{"href":"https:\/\/fram.is\/is\/wp-json\/wp\/v2\/media?parent=4616"}],"wp:term":[{"taxonomy":"category","embeddable":true,"href":"https:\/\/fram.is\/is\/wp-json\/wp\/v2\/categories?post=4616"},{"taxonomy":"post_tag","embeddable":true,"href":"https:\/\/fram.is\/is\/wp-json\/wp\/v2\/tags?post=4616"}],"curies":[{"name":"wp","href":"https:\/\/api.w.org\/{rel}","templated":true}]}}