{"id":4658,"date":"2013-10-01T11:13:45","date_gmt":"2013-10-01T11:13:45","guid":{"rendered":"http:\/\/fram.is\/?p=4658"},"modified":"2013-10-01T11:13:45","modified_gmt":"2013-10-01T11:13:45","slug":"fh-fram-olis-deild-karla-fimmtud-kl-2000","status":"publish","type":"post","link":"https:\/\/fram.is\/is\/2013\/10\/01\/fh-fram-olis-deild-karla-fimmtud-kl-2000\/","title":{"rendered":"FH &#8211; FRAM \u00ed Ol\u00eds-deild karla \u00e1 fimmtud. kl. 20:00"},"content":{"rendered":"<p><a href=\"http:\/\/fram.is\/wp-content\/uploads\/2013\/10\/FH-Fram-Olis1-190913.jpg\"><img fetchpriority=\"high\" decoding=\"async\" class=\"alignleft size-full wp-image-4659\" alt=\"FH-Fram - Olis1 - 190913\" src=\"http:\/\/fram.is\/wp-content\/uploads\/2013\/10\/FH-Fram-Olis1-190913.jpg\" width=\"640\" height=\"320\" \/><\/a><\/p>\n<p>Drengirnir okkar \u00ed mfl.ka. m\u00e6ta FH \u00e1 fimmtudag \u00ed Kaplakrika. Str\u00e1karnir hafa veri\u00f0 a\u00f0 spila vel upp \u00e1 s\u00ed\u00f0kasti\u00f0 og \u00fea\u00f0 ver\u00f0ur spennandi a\u00f0 sj\u00e1 hvernig \u00feeir h\u00f6ndal velgengni s\u00ed\u00f0ustu leikja.<\/p>\n<p>Komi\u00f0 og sty\u00f0i\u00f0 drengina okkar og l\u00e1ti\u00f0 \u00ed ykkur heyra.<\/p>\n<p>\u00c1FRAM FRAM<\/p>","protected":false},"excerpt":{"rendered":"<p>Drengirnir okkar \u00ed mfl.ka. m\u00e6ta FH \u00e1 fimmtudag \u00ed Kaplakrika. Str\u00e1karnir hafa veri\u00f0 a\u00f0 spila vel upp \u00e1 s\u00ed\u00f0kasti\u00f0 og \u00fea\u00f0 ver\u00f0ur spennandi a\u00f0 sj\u00e1 hvernig \u00feeir h\u00f6ndal velgengni s\u00ed\u00f0ustu [&hellip;]<\/p>","protected":false},"author":4,"featured_media":4660,"comment_status":"open","ping_status":"open","sticky":false,"template":"","format":"standard","meta":{"_monsterinsights_skip_tracking":false,"_monsterinsights_sitenote_active":false,"_monsterinsights_sitenote_note":"","_monsterinsights_sitenote_category":0,"_jetpack_memberships_contains_paid_content":false,"footnotes":""},"categories":[6,10,19],"tags":[],"class_list":["post-4658","post","type-post","status-publish","format-standard","has-post-thumbnail","hentry","category-handbolti","category-frettir","category-mfl-karla"],"jetpack_sharing_enabled":true,"jetpack_featured_media_url":"https:\/\/fram.is\/wp-content\/uploads\/2013\/10\/El\u00edas-vefur.jpg","_links":{"self":[{"href":"https:\/\/fram.is\/is\/wp-json\/wp\/v2\/posts\/4658","targetHints":{"allow":["GET"]}}],"collection":[{"href":"https:\/\/fram.is\/is\/wp-json\/wp\/v2\/posts"}],"about":[{"href":"https:\/\/fram.is\/is\/wp-json\/wp\/v2\/types\/post"}],"author":[{"embeddable":true,"href":"https:\/\/fram.is\/is\/wp-json\/wp\/v2\/users\/4"}],"replies":[{"embeddable":true,"href":"https:\/\/fram.is\/is\/wp-json\/wp\/v2\/comments?post=4658"}],"version-history":[{"count":0,"href":"https:\/\/fram.is\/is\/wp-json\/wp\/v2\/posts\/4658\/revisions"}],"wp:featuredmedia":[{"embeddable":true,"href":"https:\/\/fram.is\/is\/wp-json\/wp\/v2\/media\/4660"}],"wp:attachment":[{"href":"https:\/\/fram.is\/is\/wp-json\/wp\/v2\/media?parent=4658"}],"wp:term":[{"taxonomy":"category","embeddable":true,"href":"https:\/\/fram.is\/is\/wp-json\/wp\/v2\/categories?post=4658"},{"taxonomy":"post_tag","embeddable":true,"href":"https:\/\/fram.is\/is\/wp-json\/wp\/v2\/tags?post=4658"}],"curies":[{"name":"wp","href":"https:\/\/api.w.org\/{rel}","templated":true}]}}