{"id":4665,"date":"2013-10-15T22:49:27","date_gmt":"2013-10-15T22:49:27","guid":{"rendered":"http:\/\/fram.is\/?p=4665"},"modified":"2013-10-15T22:49:27","modified_gmt":"2013-10-15T22:49:27","slug":"fram-beid-laegri-hlut-kvold-gegn-stjornunni","status":"publish","type":"post","link":"https:\/\/fram.is\/is\/2013\/10\/15\/fram-beid-laegri-hlut-kvold-gegn-stjornunni\/","title":{"rendered":"FRAM bei\u00f0 l\u00e6gri hlut \u00ed kv\u00f6ld gegn Stj\u00f6rnunni"},"content":{"rendered":"<p><a href=\"http:\/\/fram.is\/wp-content\/uploads\/2013\/10\/Sigurbj\u00f6rn-me\u00f0-r\u00e6\u00f0u.jpg\"><img decoding=\"async\" class=\"alignleft size-full wp-image-4628\" alt=\"Sigurbj\u00f6rn me\u00f0 r\u00e6\u00f0u\" src=\"http:\/\/fram.is\/wp-content\/uploads\/2013\/10\/Sigurbj\u00f6rn-me\u00f0-r\u00e6\u00f0u.jpg\" width=\"260\" height=\"180\" \/><\/a>Stelpurnar okkar \u00ed FRAM bi\u00f0u l\u00e6gri hlut gegn Stj\u00f6rnunni \u00ed kv\u00f6ld. FRAM stelpurnar byrju\u00f0u af miklum krafti \u00ed kv\u00f6ld og leiddu allan fyrrih\u00e1lfleikinn mest me\u00f0 6 m\u00f6rkum a\u00f0 mig minnir. og sta\u00f0an \u00ed h\u00e1lfleik var 12-10. Stj\u00f6rnustelpur komu hressari til leiks eftir hl\u00e9i\u00f0 og n\u00e1\u00f0u flj\u00f3tlega a\u00f0 jafna 13-13 og eftir \u00fea\u00f0 voru \u00fe\u00e6r me\u00f0 yfirh\u00f6ndina, \u00a0vi\u00f0 h\u00e9ldu vel \u00ed vi\u00f0 \u00fe\u00e6r en n\u00e1\u00f0um einhvern veginn aldrei a\u00f0 jafna leikinn og f\u00f3rum oft illa me\u00f0 g\u00f3\u00f0 t\u00e6kif\u00e6ri til a\u00f0 jafna leikinn. Lokat\u00f6lur \u00ed leiknum 21-24 fyrir Stj\u00f6rnuna.<\/p>\n<p>\u00deessi leikur segir okkur \u00fea\u00f0 a\u00f0 FRAM stelpurnar \u00feurfa ekki a\u00f0 hr\u00e6\u00f0ast leiki vi\u00f0 \u00feessi f\u00e9l\u00f6g sem sp\u00e1 er titlinum \u00ed \u00e1r. Me\u00f0 \u00f6rl\u00edti\u00f0 betri leik og betri n\u00fdtingu \u00e1 hef\u00f0u \u00farslitin \u00ed kv\u00f6ld ef til vill or\u00f0i\u00f0 \u00f6nnur.<\/p>\n<p>Vel gert stelpur og \u00c1FRAM FRAM.<\/p>","protected":false},"excerpt":{"rendered":"<p>Stelpurnar okkar \u00ed FRAM bi\u00f0u l\u00e6gri hlut gegn Stj\u00f6rnunni \u00ed kv\u00f6ld. FRAM stelpurnar byrju\u00f0u af miklum krafti \u00ed kv\u00f6ld og leiddu allan fyrrih\u00e1lfleikinn mest me\u00f0 6 m\u00f6rkum a\u00f0 mig minnir. [&hellip;]<\/p>","protected":false},"author":4,"featured_media":4636,"comment_status":"open","ping_status":"open","sticky":false,"template":"","format":"standard","meta":{"_monsterinsights_skip_tracking":false,"_monsterinsights_sitenote_active":false,"_monsterinsights_sitenote_note":"","_monsterinsights_sitenote_category":0,"_jetpack_memberships_contains_paid_content":false,"footnotes":""},"categories":[6,10,15],"tags":[],"class_list":["post-4665","post","type-post","status-publish","format-standard","has-post-thumbnail","hentry","category-handbolti","category-frettir","category-mfl-kvenna"],"jetpack_sharing_enabled":true,"jetpack_featured_media_url":"https:\/\/fram.is\/wp-content\/uploads\/2013\/10\/Steinunn-vefur.jpg","_links":{"self":[{"href":"https:\/\/fram.is\/is\/wp-json\/wp\/v2\/posts\/4665","targetHints":{"allow":["GET"]}}],"collection":[{"href":"https:\/\/fram.is\/is\/wp-json\/wp\/v2\/posts"}],"about":[{"href":"https:\/\/fram.is\/is\/wp-json\/wp\/v2\/types\/post"}],"author":[{"embeddable":true,"href":"https:\/\/fram.is\/is\/wp-json\/wp\/v2\/users\/4"}],"replies":[{"embeddable":true,"href":"https:\/\/fram.is\/is\/wp-json\/wp\/v2\/comments?post=4665"}],"version-history":[{"count":0,"href":"https:\/\/fram.is\/is\/wp-json\/wp\/v2\/posts\/4665\/revisions"}],"wp:featuredmedia":[{"embeddable":true,"href":"https:\/\/fram.is\/is\/wp-json\/wp\/v2\/media\/4636"}],"wp:attachment":[{"href":"https:\/\/fram.is\/is\/wp-json\/wp\/v2\/media?parent=4665"}],"wp:term":[{"taxonomy":"category","embeddable":true,"href":"https:\/\/fram.is\/is\/wp-json\/wp\/v2\/categories?post=4665"},{"taxonomy":"post_tag","embeddable":true,"href":"https:\/\/fram.is\/is\/wp-json\/wp\/v2\/tags?post=4665"}],"curies":[{"name":"wp","href":"https:\/\/api.w.org\/{rel}","templated":true}]}}