{"id":4669,"date":"2013-10-16T10:42:17","date_gmt":"2013-10-16T10:42:17","guid":{"rendered":"http:\/\/fram.is\/?p=4669"},"modified":"2013-10-16T10:42:17","modified_gmt":"2013-10-16T10:42:17","slug":"13-framarar-kvenna-landslidshopum-islands","status":"publish","type":"post","link":"https:\/\/fram.is\/is\/2013\/10\/16\/13-framarar-kvenna-landslidshopum-islands\/","title":{"rendered":"13 FRAMarar \u00ed kvenna landsli\u00f0sh\u00f3pum \u00cdslands"},"content":{"rendered":"<p><b>Vi\u00f0 FRAMarar eru stoltir af \u00fev\u00ed \u00feegar okkar leikmenn eru valdir \u00ed landsli\u00f0 \u00cdslandi.<br \/>\n<\/b><b>HS\u00cd er n\u00fana \u00a0a\u00f0 velja landsli\u00f0sh\u00f3pa og \u00e6fingah\u00f3pa fyrir\u00a0 \u00a0yngri \u00a0og eldri\u00a0 landsli\u00f0 \u00cdslands. Vi\u00f0 FRAMarar eigum 13 leikmenn sem taka \u00fe\u00e1tt \u00ed \u00feessum \u00e6fingum og leikjum. Ekki amalegt \u00fea\u00f0.\u00a0<\/b><\/p>\n<p><b>A landsli\u00f0 kvenna<br \/>\n<\/b>\u00c1g\u00fast \u00de\u00f3r J\u00f3hannsson landsli\u00f0s\u00fej\u00e1lfari A-landsli\u00f0s kvenna hefur vali\u00f0 16 manna leikmannah\u00f3p til a\u00f0 taka \u00fe\u00e1tt \u00ed tveimur landsleikjum \u00ed ri\u00f0lakeppni fyrir EM 2014.<\/p>\n<p>Leiki\u00f0 ver\u00f0ur h\u00e9r heima gegn Finnum, mi\u00f0vikudaginn 23. okt\u00f3ber kl. 19.30 \u00ed Vodafoneh\u00f6llinni a\u00f0 Hl\u00ed\u00f0arenda og gegn Sl\u00f3vak\u00edu ytra sunnudaginn 27. okt\u00f3ber kl 17.00 a\u00f0 sta\u00f0art\u00edma.<\/p>\n<p><b>Leikmenn fr\u00e1 FRAM a\u00f0 \u00feessu sinni eru:<br \/>\n<\/b>\u00c1sta Birna Gunnarsd\u00f3ttir, \u00a0 \u00a0\u00a0\u00a0\u00a0\u00a0\u00a0\u00a0\u00a0\u00a0\u00a0\u00a0 Fram<br \/>\nSteinunn Bj\u00f6rnsd\u00f3ttir, \u00a0\u00a0\u00a0\u00a0\u00a0\u00a0\u00a0 \u00a0\u00a0\u00a0\u00a0\u00a0\u00a0\u00a0\u00a0\u00a0\u00a0\u00a0 Fram<br \/>\n<b>Fyrrverandi leikmenn FRAM \u00ed h\u00f3pnum, svona til gamans<\/b>.<br \/>\nHildigunnur Einarsd\u00f3ttir, \u00a0\u00a0 \u00a0\u00a0\u00a0\u00a0\u00a0\u00a0\u00a0\u00a0\u00a0\u00a0\u00a0 Tertnes<br \/>\nHildur \u00deorgeirsd\u00f3ttir, \u00a0\u00a0\u00a0\u00a0\u00a0\u00a0\u00a0\u00a0\u00a0 \u00a0\u00a0\u00a0\u00a0\u00a0\u00a0\u00a0\u00a0\u00a0\u00a0\u00a0 Koblenz<br \/>\nKaren Kn\u00fatsd\u00f3ttir, \u00a0\u00a0\u00a0\u00a0\u00a0\u00a0\u00a0\u00a0\u00a0\u00a0\u00a0\u00a0\u00a0\u00a0 \u00a0\u00a0\u00a0\u00a0\u00a0\u00a0\u00a0\u00a0\u00a0\u00a0\u00a0 S\u00f8nderjyske<br \/>\nStella Sigur\u00f0ard\u00f3ttir, \u00a0\u00a0\u00a0\u00a0\u00a0\u00a0\u00a0\u00a0\u00a0\u00a0 \u00a0\u00a0\u00a0\u00a0\u00a0\u00a0\u00a0\u00a0\u00a0\u00a0\u00a0 S\u00f8nderjyske<br \/>\n\u00de\u00f3rey R\u00f3sa Stef\u00e1nsd\u00f3ttir, \u00a0\u00a0\u00a0\u00a0\u00a0\u00a0\u00a0\u00a0\u00a0\u00a0\u00a0 V\u00e5g Vipers<br \/>\nBirna Berg Haraldsd\u00f3ttir, \u00a0\u00a0 \u00a0\u00a0\u00a0\u00a0\u00a0\u00a0\u00a0\u00a0\u00a0\u00a0\u00a0 S\u00e4vehof<\/p>\n<p><b>U-20 \u00e1ra landsli\u00f0 kvenna<br \/>\n<\/b>B\u00fai\u00f0 er a\u00f0 velja \u00e6fingah\u00f3p fyrir U-20 \u00e1ra landsli\u00f0 kvenna sem mun \u00e6fa saman dagana 21.-27.okt\u00f3ber.<\/p>\n<p><b>Leikmenn fr\u00e1 FRAM a\u00f0 \u00feessu sinni eru:<br \/>\n<\/b>Hildur Gunnarsd\u00f3ttir, \u00a0\u00a0\u00a0\u00a0\u00a0\u00a0\u00a0\u00a0 \u00a0\u00a0\u00a0\u00a0\u00a0\u00a0\u00a0\u00a0\u00a0\u00a0\u00a0 Fram<br \/>\nHafd\u00eds Shizuka Iura \u00a0\u00a0\u00a0\u00a0\u00a0\u00a0\u00a0\u00a0\u00a0\u00a0 \u00a0\u00a0\u00a0\u00a0\u00a0\u00a0\u00a0\u00a0\u00a0\u00a0\u00a0 Fram<br \/>\nHekla R\u00fan \u00c1mundad\u00f3ttir \u00a0 \u00a0\u00a0\u00a0\u00a0\u00a0\u00a0\u00a0\u00a0\u00a0\u00a0\u00a0 Fram<br \/>\nKar\u00f3l\u00edna Vilborg Torfad\u00f3ttir \u00a0 \u00a0 \u00a0 \u00a0 \u00a0 Fram<br \/>\nKrist\u00edn Helgad\u00f3ttir \u00a0\u00a0\u00a0\u00a0\u00a0\u00a0\u00a0\u00a0\u00a0\u00a0\u00a0\u00a0\u00a0\u00a0 \u00a0\u00a0\u00a0\u00a0\u00a0\u00a0\u00a0\u00a0\u00a0\u00a0\u00a0 Fram<br \/>\nRagnhei\u00f0ur J\u00fal\u00edusd\u00f3ttir \u00a0\u00a0\u00a0\u00a0 \u00a0\u00a0\u00a0\u00a0\u00a0\u00a0\u00a0\u00a0\u00a0\u00a0\u00a0 Fram<\/p>\n<p><b>U-18 \u00e1ra landsli\u00f0 kvenna<br \/>\n<\/b>Mun koma saman til \u00e6finga \u00a0dagana 23.-27.okt\u00f3ber.<\/p>\n<p><b>Leikmenn fr\u00e1 FRAM a\u00f0 \u00feessu sinni eru:<br \/>\n<\/b>Gu\u00f0r\u00fan Jenn\u00fd Sigur\u00f0ard\u00f3ttir \u00a0 \u00a0\u00a0\u00a0\u00a0\u00a0 Fram<br \/>\nHafd\u00eds Lilja Torfad\u00f3ttir \u00a0 \u00a0\u00a0\u00a0\u00a0\u00a0\u00a0\u00a0\u00a0\u00a0\u00a0\u00a0\u00a0\u00a0\u00a0\u00a0\u00a0\u00a0 Fram<br \/>\nHulda Dagsd\u00f3ttir\u00a0\u00a0\u00a0\u00a0\u00a0 \u00a0\u00a0\u00a0\u00a0\u00a0\u00a0\u00a0\u00a0\u00a0\u00a0\u00a0\u00a0\u00a0\u00a0\u00a0\u00a0\u00a0\u00a0\u00a0\u00a0\u00a0\u00a0\u00a0 Fram<\/p>\n<p><b>U-16 \u00e1ra landsli\u00f0 kvenna<br \/>\n<\/b>Li\u00f0i\u00f0 mun koma saman til \u00e6finga dagana 24.-27.okt\u00f3ber.<\/p>\n<p><b>Leikmenn fr\u00e1 FRAM a\u00f0 \u00feessu sinni eru:<br \/>\n<\/b>El\u00edsabet Mj\u00f6ll Gu\u00f0j\u00f3nsd\u00f3ttir \u00a0\u00a0\u00a0\u00a0\u00a0\u00a0\u00a0\u00a0\u00a0 Fram<br \/>\nMariam Eradze \u00a0\u00a0\u00a0\u00a0\u00a0\u00a0\u00a0\u00a0\u00a0\u00a0\u00a0\u00a0\u00a0\u00a0\u00a0\u00a0\u00a0\u00a0\u00a0 \u00a0\u00a0\u00a0\u00a0\u00a0\u00a0\u00a0\u00a0\u00a0\u00a0\u00a0 Fram<\/p>\n<p><strong>Gangi ykkur vel stelpur<\/strong><\/p>\n<p>&nbsp;<\/p>","protected":false},"excerpt":{"rendered":"<p>Vi\u00f0 FRAMarar eru stoltir af \u00fev\u00ed \u00feegar okkar leikmenn eru valdir \u00ed landsli\u00f0 \u00cdslandi. HS\u00cd er n\u00fana \u00a0a\u00f0 velja landsli\u00f0sh\u00f3pa og \u00e6fingah\u00f3pa fyrir\u00a0 \u00a0yngri \u00a0og eldri\u00a0 landsli\u00f0 \u00cdslands. Vi\u00f0 FRAMarar [&hellip;]<\/p>","protected":false},"author":4,"featured_media":4322,"comment_status":"open","ping_status":"open","sticky":false,"template":"","format":"standard","meta":{"_monsterinsights_skip_tracking":false,"_monsterinsights_sitenote_active":false,"_monsterinsights_sitenote_note":"","_monsterinsights_sitenote_category":0,"_jetpack_memberships_contains_paid_content":false,"footnotes":""},"categories":[6,10,15],"tags":[],"class_list":["post-4669","post","type-post","status-publish","format-standard","has-post-thumbnail","hentry","category-handbolti","category-frettir","category-mfl-kvenna"],"jetpack_sharing_enabled":true,"jetpack_featured_media_url":"https:\/\/fram.is\/wp-content\/uploads\/2013\/09\/Reymeistarar2013-fors.jpg","_links":{"self":[{"href":"https:\/\/fram.is\/is\/wp-json\/wp\/v2\/posts\/4669","targetHints":{"allow":["GET"]}}],"collection":[{"href":"https:\/\/fram.is\/is\/wp-json\/wp\/v2\/posts"}],"about":[{"href":"https:\/\/fram.is\/is\/wp-json\/wp\/v2\/types\/post"}],"author":[{"embeddable":true,"href":"https:\/\/fram.is\/is\/wp-json\/wp\/v2\/users\/4"}],"replies":[{"embeddable":true,"href":"https:\/\/fram.is\/is\/wp-json\/wp\/v2\/comments?post=4669"}],"version-history":[{"count":0,"href":"https:\/\/fram.is\/is\/wp-json\/wp\/v2\/posts\/4669\/revisions"}],"wp:featuredmedia":[{"embeddable":true,"href":"https:\/\/fram.is\/is\/wp-json\/wp\/v2\/media\/4322"}],"wp:attachment":[{"href":"https:\/\/fram.is\/is\/wp-json\/wp\/v2\/media?parent=4669"}],"wp:term":[{"taxonomy":"category","embeddable":true,"href":"https:\/\/fram.is\/is\/wp-json\/wp\/v2\/categories?post=4669"},{"taxonomy":"post_tag","embeddable":true,"href":"https:\/\/fram.is\/is\/wp-json\/wp\/v2\/tags?post=4669"}],"curies":[{"name":"wp","href":"https:\/\/api.w.org\/{rel}","templated":true}]}}