{"id":4676,"date":"2013-10-17T11:17:16","date_gmt":"2013-10-17T11:17:16","guid":{"rendered":"http:\/\/fram.is\/?p=4676"},"modified":"2013-10-17T11:17:16","modified_gmt":"2013-10-17T11:17:16","slug":"fram-thakkar-almarri-anaegjulega-samfylgd","status":"publish","type":"post","link":"https:\/\/fram.is\/is\/2013\/10\/17\/fram-thakkar-almarri-anaegjulega-samfylgd\/","title":{"rendered":"Fram \u00feakkar Almarri \u00e1n\u00e6gjulega samfylgd"},"content":{"rendered":"<figure id=\"attachment_4117\" aria-describedby=\"caption-attachment-4117\" style=\"width: 489px\" class=\"wp-caption alignleft\"><a href=\"http:\/\/fram.is\/wp-content\/uploads\/2013\/08\/500w.jpg\"><img fetchpriority=\"high\" decoding=\"async\" class=\"size-full wp-image-4117\" alt=\"Mynd: Hafli\u00f0i Brei\u00f0fj\u00f6r\u00f0\/F\u00f3tbolti.net\" src=\"http:\/\/fram.is\/wp-content\/uploads\/2013\/08\/500w.jpg\" width=\"489\" height=\"446\" srcset=\"https:\/\/fram.is\/wp-content\/uploads\/2013\/08\/500w.jpg 489w, https:\/\/fram.is\/wp-content\/uploads\/2013\/08\/500w-300x274.jpg 300w\" sizes=\"(max-width: 489px) 100vw, 489px\" \/><\/a><figcaption id=\"caption-attachment-4117\" class=\"wp-caption-text\">Mynd: Hafli\u00f0i Brei\u00f0fj\u00f6r\u00f0\/F\u00f3tbolti.net<\/figcaption><\/figure>\n<p>&nbsp;<\/p>\n<p>&nbsp;<\/p>\n<p>&nbsp;<\/p>\n<p>&nbsp;<\/p>\n<p>&nbsp;<\/p>\n<p>&nbsp;<\/p>\n<p>&nbsp;<\/p>\n<p>&nbsp;<\/p>\n<p>&nbsp;<\/p>\n<p>&nbsp;<\/p>\n<p>&nbsp;<\/p>\n<p>&nbsp;<\/p>\n<p>&nbsp;<\/p>\n<p>&nbsp;<\/p>\n<p>&nbsp;<\/p>\n<p>Almarr Ormarsson leikma\u00f0ur Fram \u00ed mfl. karla \u00ed knattspyrnu hefur sagt skili\u00f0 vi\u00f0 f\u00e9lagi\u00f0 eftir fimm \u00e1ra feril. Almarr kom til Fram fr\u00e1 KA \u00e1 mi\u00f0ju t\u00edmabili 2008 og var\u00f0 flj\u00f3tlega einn af bur\u00f0arst\u00f3lpum knattspyrnuli\u00f0s f\u00e9lagsins og hefur veri\u00f0 \u00fea\u00f0 allar g\u00f6tur s\u00ed\u00f0an. Skemmst er a\u00f0 minnast magna\u00f0rar frammist\u00f6\u00f0u hans \u00feegar Fram var\u00f0 bikarmeistari \u00ed \u00e1g\u00fast. Almarr Ormarsson skora\u00f0i alls 54 m\u00f6rk \u00ed 194 m\u00f3tsleikjum me\u00f0 Fram.<\/p>\n<p>Vi\u00f0skilna\u00f0ur leikmannsins vi\u00f0 Fram er \u00ed miklu br\u00f3\u00f0erni en hann ger\u00f0i stj\u00f3rn knattspyrnudeildar lj\u00f3st \u00ed sumar a\u00f0 hann hyg\u00f0ist ekki framlengja samning sinn vi\u00f0 Fram heldur leita n\u00fdrra \u00e1skorana a\u00f0 keppnist\u00edmabilinu loknu.<\/p>\n<p>Knattspyrnuf\u00e9lagi\u00f0 Fram \u00feakkar Almarri Ormarssyni g\u00f3\u00f0 st\u00f6rf \u00ed \u00fe\u00e1gu Fram og \u00e1n\u00e6gjulega samfylgd undanfarin \u00e1r og \u00f3skar honum velfarna\u00f0ar \u00ed framt\u00ed\u00f0inni.<\/p>","protected":false},"excerpt":{"rendered":"<p>&nbsp; &nbsp; &nbsp; &nbsp; &nbsp; &nbsp; &nbsp; &nbsp; &nbsp; &nbsp; &nbsp; &nbsp; &nbsp; &nbsp; &nbsp; Almarr Ormarsson leikma\u00f0ur Fram \u00ed mfl. karla \u00ed knattspyrnu hefur sagt skili\u00f0 vi\u00f0 f\u00e9lagi\u00f0 eftir [&hellip;]<\/p>","protected":false},"author":4,"featured_media":3810,"comment_status":"open","ping_status":"open","sticky":false,"template":"","format":"standard","meta":{"_monsterinsights_skip_tracking":false,"_monsterinsights_sitenote_active":false,"_monsterinsights_sitenote_note":"","_monsterinsights_sitenote_category":0,"_jetpack_memberships_contains_paid_content":false,"footnotes":""},"categories":[11,10,9],"tags":[],"class_list":["post-4676","post","type-post","status-publish","format-standard","has-post-thumbnail","hentry","category-mflkarla","category-frettir","category-fotbolti"],"jetpack_sharing_enabled":true,"jetpack_featured_media_url":"https:\/\/fram.is\/wp-content\/uploads\/2013\/07\/MFKA_2013-577fors.jpg","_links":{"self":[{"href":"https:\/\/fram.is\/is\/wp-json\/wp\/v2\/posts\/4676","targetHints":{"allow":["GET"]}}],"collection":[{"href":"https:\/\/fram.is\/is\/wp-json\/wp\/v2\/posts"}],"about":[{"href":"https:\/\/fram.is\/is\/wp-json\/wp\/v2\/types\/post"}],"author":[{"embeddable":true,"href":"https:\/\/fram.is\/is\/wp-json\/wp\/v2\/users\/4"}],"replies":[{"embeddable":true,"href":"https:\/\/fram.is\/is\/wp-json\/wp\/v2\/comments?post=4676"}],"version-history":[{"count":0,"href":"https:\/\/fram.is\/is\/wp-json\/wp\/v2\/posts\/4676\/revisions"}],"wp:featuredmedia":[{"embeddable":true,"href":"https:\/\/fram.is\/is\/wp-json\/wp\/v2\/media\/3810"}],"wp:attachment":[{"href":"https:\/\/fram.is\/is\/wp-json\/wp\/v2\/media?parent=4676"}],"wp:term":[{"taxonomy":"category","embeddable":true,"href":"https:\/\/fram.is\/is\/wp-json\/wp\/v2\/categories?post=4676"},{"taxonomy":"post_tag","embeddable":true,"href":"https:\/\/fram.is\/is\/wp-json\/wp\/v2\/tags?post=4676"}],"curies":[{"name":"wp","href":"https:\/\/api.w.org\/{rel}","templated":true}]}}